{"id":106836,"date":"2025-12-03T17:58:09","date_gmt":"2025-12-03T17:58:09","guid":{"rendered":"https:\/\/www.europesays.com\/fi\/106836\/"},"modified":"2025-12-03T17:58:09","modified_gmt":"2025-12-03T17:58:09","slug":"emma-thompson-rakastui-suomeen-ilta-sanomat","status":"publish","type":"post","link":"https:\/\/www.europesays.com\/fi\/106836\/","title":{"rendered":"Emma Thompson rakastui Suomeen &#8211; Ilta-Sanomat"},"content":{"rendered":"<p>Oscar-palkittu n\u00e4yttelij\u00e4 Emma Thompson ilahtui n\u00e4yst\u00e4 helsinkil\u00e4isell\u00e4 kadulla. My\u00f6s tyt\u00e4r Gaia Wise kehuu vuolaasti Suomea.<\/p>\n<p>Emma Thompson tunnetaan muun muassa elokuvista J\u00e4rki ja tunteet (1995) ja Rakkautta vain (2003). Uuden Syd\u00e4ntalvi-elokuvan ulkokohtaukset kuvattiin Suomessa.Video: Jussi Nukari<\/p>\n<p class=\"article-body mb-nof-24 px-nof-16\">Kun Britannian konkarin\u00e4yttelij\u00e4 <a class=\"article-personlink\" href=\"https:\/\/www.is.fi\/haku\/?query=Emma%20Thompson\" rel=\"nofollow noopener\" target=\"_blank\">Emma Thompson<\/a>, 66, saapui Suomeen kuvaamaan Syd\u00e4ntalvi-elokuvan ulkokohtauksia, h\u00e4n tunsi olevansa kuin kotonaan. Thompson kertoo elokuvan kutsuvierasensi-illan j\u00e4lkeen, ett\u00e4 eniten h\u00e4nt\u00e4 yll\u00e4tti oma vahva tunnereaktio Suomeen ja suomalaisiin.<\/p>\n<p class=\"article-body mb-nof-24 px-nof-16\">\u2013 Tunnen oloni t\u00e4\u00e4ll\u00e4 hyvin onnelliseksi, kotoisaksi. Suomalaisilla on rehellinen ote el\u00e4m\u00e4\u00e4n, h\u00e4n kuvailee.<\/p>\n<p class=\"article-body mb-nof-24 px-nof-16\">N\u00e4yttelij\u00e4tt\u00e4ren Suomi-ylistyst\u00e4 on kuultiin jo puolitoista vuotta sitten, kun h\u00e4n kirjoitti kirjeen Suomelle, mutta kehuja riitt\u00e4\u00e4 viel\u00e4kin.<\/p>\n<p><img decoding=\"async\" src=\"https:\/\/www.europesays.com\/fi\/wp-content\/uploads\/2025\/12\/1764784688_561_468.jpg\" alt=\"Gaia Wise (oik.) seuraa \u00e4itins\u00e4 jalanj\u00e4lki\u00e4 n\u00e4yttelij\u00e4n\u00e4. Eniten h\u00e4n Thompsonissa ihailee t\u00e4m\u00e4n kyky\u00e4 tuoda rakkautta ja huolenpitoa \u201dkaikkeen mit\u00e4 tekee\u201d.\" class=\"_Img_1rerz_1\" style=\"aspect-ratio:0.7473958333333334\" loading=\"eager\"\/><\/p>\n<p class=\"article-picture-caption\">Gaia Wise (oik.) seuraa \u00e4itins\u00e4 jalanj\u00e4lki\u00e4 n\u00e4yttelij\u00e4n\u00e4. Eniten h\u00e4n Thompsonissa ihailee t\u00e4m\u00e4n kyky\u00e4 tuoda rakkautta ja huolenpitoa \u201dkaikkeen mit\u00e4 tekee\u201d. Kuva:\u00a0Jussi Nukari<\/p>\n<p class=\"article-body mb-nof-24 px-nof-16\">\u2013 Aivan kuin joku osa minusta olisi aina ollut t\u00e4\u00e4ll\u00e4, pohtii Marimekon mustaan housupukuun sonnustautunut Thompson.<\/p>\n<p class=\"article-body mb-nof-24 px-nof-16\">Niin ik\u00e4\u00e4n elokuvassa n\u00e4yttelev\u00e4 Thompsonin tyt\u00e4r <a class=\"article-personlink\" href=\"https:\/\/www.is.fi\/haku\/?query=Gaia%20Wise\" rel=\"nofollow noopener\" target=\"_blank\">Gaia Wise<\/a>, 25, on pist\u00e4nyt p\u00e4\u00e4lleen unikkokuvioidun neuletakin ja minihameen.<\/p>\n<p class=\"article-body mb-nof-24 px-nof-16\">Suomalainen yhteiskunta pelaa, kuvailee Thompson. H\u00e4nen mukaansa prioriteetit ovat kohdillaan ja yhteiskunta on ihmist\u00e4 varten: vankilat pyrkiv\u00e4t sopeuttamaan vangit el\u00e4m\u00e4\u00e4n ja koulutus on t\u00e4rke\u00e4 arvo.<\/p>\n<p class=\"article-body mb-nof-24 px-nof-16\">Yksi esimerkki arkip\u00e4iv\u00e4isest\u00e4 lempeydest\u00e4 tuli jopa kadulla vastaan. Thompson ja Wise saapuivat sumuiseen jouluvalojen t\u00e4yteiseen Helsinkiin keskiviikkona 26. marraskuuta. \u00c4iti ja tyt\u00e4r k\u00e4veliv\u00e4t kaupungilla, kunnes tuomiokirkon kohdalla katse osui yll\u00e4tt\u00e4en kuoroon. Thompson kertoo ilahtuneensa, ett\u00e4 kuoro oli j\u00e4rjestetty jonkin kaupan asiakkaita varten.<\/p>\n<p class=\"article-body mb-nof-24 px-nof-16\">\u2013 Tuo on niin suomalaista! On mahtavaa, ettei ihmisi\u00e4 vain rahasteta, vaan heille annetaan jotain taiteellista ja hengellist\u00e4.<\/p>\n<p><img decoding=\"async\" src=\"https:\/\/www.europesays.com\/fi\/wp-content\/uploads\/2025\/12\/1764784689_881_468.jpg\" alt=\"Yksi Thompsonin taktiikka selvit\u00e4 Suomen kylmyydess\u00e4 oli vain pysytell\u00e4 ulkona, sill\u00e4 jos meni sis\u00e4lle, tuli heti uudestaan kylm\u00e4.\" class=\"_Img_1rerz_1\" style=\"aspect-ratio:0.6666666666666666\" loading=\"eager\"\/><\/p>\n<p class=\"article-picture-caption\">Yksi Thompsonin taktiikka selvit\u00e4 Suomen kylmyydess\u00e4 oli vain pysytell\u00e4 ulkona, sill\u00e4 jos meni sis\u00e4lle, tuli heti uudestaan kylm\u00e4. Kuva:\u00a0Jussi Nukari \/ Lehtikuva<\/p>\n<p class=\"article-body mb-nof-24 px-nof-16\">Vaikka Suomi tuntui kotoisalta, t\u00e4ytyi Thompsonin totutella kylm\u00e4\u00e4n ilmastoon elokuvan kuvauksia varten. Syd\u00e4ntalven tapahtumat sijoittuvat Yhdysvaltain Minnesotan osavaltioon kuvitteelliselle Hilda-j\u00e4rvelle, mutta elokuvaa kuvattiin Suomen kansallismaisemissa Kolilla. Suomalaiset katsojat voivatkin ihailla tuttuja maisemia valkokankaalta.<\/p>\n<p class=\"article-body mb-nof-24 px-nof-16\">Elokuvan p\u00e4\u00e4henkil\u00f6 on v\u00e4h\u00e4eleinen, mutta l\u00e4mminsyd\u00e4minen, Barb, joka ajautuu erehdyksess\u00e4 osaksi teinityt\u00f6n brutaalia kidnappausta keskell\u00e4 hyist\u00e4 er\u00e4maata. Ulkokohtauksia kuvattiin kahdeksan viikon ajan, mutta Thompson oli maassa yhteens\u00e4 kolme kuukautta.<\/p>\n<p class=\"article-body mb-nof-24 px-nof-16\">\u2013 Minulla oli suuri etuoikeus saapua paikalle ennen muuta tuotantoa. Ensimm\u00e4isen\u00e4 p\u00e4iv\u00e4n\u00e4 laitoin rooliasuni p\u00e4\u00e4lle, kiipesin Kolille ja katsoin, kun aurinko laski j\u00e4rven taakse. En voinut uskoa, ett\u00e4 sain olla t\u00e4\u00e4ll\u00e4, oli niin kaunista.<\/p>\n<p><img decoding=\"async\" src=\"https:\/\/www.europesays.com\/fi\/wp-content\/uploads\/2025\/12\/1764784689_104_468.jpg\" alt=\"Gaia Wise kuvailee suomalaisia eksentrisiksi. \u201dKiitos, kun saimme kuvata teid\u00e4n kauniissa maassamme\u201d, h\u00e4n sanoo.\" class=\"_Img_1rerz_1\" style=\"aspect-ratio:1.4285714285714286\" loading=\"eager\"\/><\/p>\n<p class=\"article-picture-caption\">Gaia Wise kuvailee suomalaisia eksentrisiksi. \u201dKiitos, kun saimme kuvata teid\u00e4n kauniissa maassamme\u201d, h\u00e4n sanoo. Kuva:\u00a0Markku Ulander \/ Lehtikuva<\/p>\n<p class=\"article-body mb-nof-24 px-nof-16\">Kylm\u00e4\u00e4n totuttelu vaati kuitenkin varsinaista sisua. Toimintaelokuvalle ominaisesti Thompsonin hahmo juoksee ja m\u00f6nkii paljon lumisessa maassa ja j\u00e4\u00e4ll\u00e4. Kuvatessa t\u00e4ytyi siis olla tarkkana hikoilun ja kerrospukeutumisen kanssa, ettei tulisi uudestaan liian kylm\u00e4.<\/p>\n<p class=\"article-body mb-nof-24 px-nof-16\">\u2013 T\u00e4ytyi vain pysy\u00e4 liikkeess\u00e4 tai purra hammasta.<\/p>\n<p class=\"article-body mb-nof-24 px-nof-16\">Thompson saapui Suomeen ensimm\u00e4isen\u00e4 tuotannosta, mutta pian per\u00e4st\u00e4 saapui tyt\u00e4r Gaia sek\u00e4 puoliso <a class=\"article-personlink\" href=\"https:\/\/www.is.fi\/haku\/?query=Greg%20Wise\" rel=\"nofollow noopener\" target=\"_blank\">Greg Wise<\/a>. \u00c4idin ja tytt\u00e4ren sijaan Thompson ja Wise luonnehtivat samaa roolia, tosin eri ik\u00e4isin\u00e4.<\/p>\n<p class=\"article-body mb-nof-24 px-nof-16\">\u2013 Oli mahtavaa tehd\u00e4 t\u00f6it\u00e4 tytt\u00e4reni kanssa, olemme todella l\u00e4heisi\u00e4, muistelee Thompson ja sanoo, ett\u00e4 vietti kuvausten aikana kaiken mahdollisen ajan Wisen kanssa.<\/p>\n<p><img decoding=\"async\" src=\"https:\/\/www.europesays.com\/fi\/wp-content\/uploads\/2025\/12\/1764784689_905_468.jpg\" alt=\"Syd\u00e4ntalven keski\u00f6ss\u00e4 on tarina kidnapatun tyt\u00f6n pelastamisesta, mutta olennaisessa osassa ovat my\u00f6s takaumat menneisyydest\u00e4 ja el\u00e4m\u00e4n mittaisesta rakkaudesta.\" class=\"_Img_1rerz_1\" style=\"aspect-ratio:1.5\" loading=\"eager\"\/><\/p>\n<p class=\"article-picture-caption\">Syd\u00e4ntalven keski\u00f6ss\u00e4 on tarina kidnapatun tyt\u00f6n pelastamisesta, mutta olennaisessa osassa ovat my\u00f6s takaumat menneisyydest\u00e4 ja el\u00e4m\u00e4n mittaisesta rakkaudesta. Kuva:\u00a0Rio Gandara \/ HS<\/p>\n<p class=\"article-body mb-nof-24 px-nof-16\">Kylmyys ja paikoin jopa \u00e4ll\u00f6tt\u00e4v\u00e4 fyysisyys tunkeutuu katsojan iholle. Elokuva saa sykkeen kohoamaan, ja jokainen talvella ulkona ilman hanskoja ollut miltei tuntee nipistelyn sormenp\u00e4iss\u00e4\u00e4n. Barbin hahmo ei ole mik\u00e4\u00e4n tyypillinen toimintasankari, vaan tavallinen nainen, jolla p\u00e4\u00e4tt\u00e4v\u00e4isyytt\u00e4 riitt\u00e4\u00e4.<\/p>\n<p class=\"article-body mb-nof-24 px-nof-16\">Korkeat lumivaippaiset kuuset narisevat uhkaavasti, ja laakea j\u00e4\u00e4 paukkuu. Kirjaimellisesti kylmi\u00e4 v\u00e4reit\u00e4 nostattaa erityisesti kohtaus, jossa Thompson kursii oman ampumahaavansa kasaan. Wise kertoo, ett\u00e4 suomalaisesta tuotannosta oli erityisesti apua j\u00e4rven j\u00e4\u00e4ll\u00e4 kuvatuissa kohtauksissa.<\/p>\n<p class=\"article-body mb-nof-24 px-nof-16\">\u2013 Jos pelk\u00e4si j\u00e4\u00e4t\u00e4 tai kuuli sen liikkuvan, saattoi vain k\u00e4\u00e4nty\u00e4 l\u00e4himm\u00e4n suomalaisen puoleen ja h\u00e4n sanoi, ett\u00e4 kaikki on hyvin, jatka vaan.<\/p>\n<p class=\"article-body mb-nof-24 px-nof-16\">Suomalaisen sisun kuulee my\u00f6s repliikeiss\u00e4. Elokuvan ytimess\u00e4 on sinnikkyys ja neuvokkuus. Nuorempaa Barbia n\u00e4yttelev\u00e4 Wise kuvaileekin, ett\u00e4 hahmo on tavallisuuden rinnalla tarpeen tullen kovanaama. <\/p>\n<p class=\"article-body mb-nof-24 px-nof-16\">\u2013 Me emme luovuta. We don\u2019t quit, toteaa Barb monta kertaa elokuvan aikana.<\/p>\n<p class=\"article-body nof-ui-body-medium mb-nof-24 px-nof-16\">Syd\u00e4ntalvi, elokuvateattereissa perjantaina 12.12.<\/p>\n","protected":false},"excerpt":{"rendered":"Oscar-palkittu n\u00e4yttelij\u00e4 Emma Thompson ilahtui n\u00e4yst\u00e4 helsinkil\u00e4isell\u00e4 kadulla. My\u00f6s tyt\u00e4r Gaia Wise kehuu vuolaasti Suomea. Emma Thompson tunnetaan&hellip;\n","protected":false},"author":2,"featured_media":106837,"comment_status":"","ping_status":"","sticky":false,"template":"","format":"standard","meta":{"footnotes":""},"categories":[130],"tags":[137,33,31,30,34,32,109],"class_list":{"0":"post-106836","1":"post","2":"type-post","3":"status-publish","4":"format-standard","5":"has-post-thumbnail","7":"category-viihde","8":"tag-entertainment","9":"tag-fi","10":"tag-finland","11":"tag-finnish","12":"tag-ilta-sanomat","13":"tag-suomi","14":"tag-viihde"},"share_on_mastodon":{"url":"https:\/\/pubeurope.com\/@fi\/115656937029068228","error":""},"_links":{"self":[{"href":"https:\/\/www.europesays.com\/fi\/wp-json\/wp\/v2\/posts\/106836","targetHints":{"allow":["GET"]}}],"collection":[{"href":"https:\/\/www.europesays.com\/fi\/wp-json\/wp\/v2\/posts"}],"about":[{"href":"https:\/\/www.europesays.com\/fi\/wp-json\/wp\/v2\/types\/post"}],"author":[{"embeddable":true,"href":"https:\/\/www.europesays.com\/fi\/wp-json\/wp\/v2\/users\/2"}],"replies":[{"embeddable":true,"href":"https:\/\/www.europesays.com\/fi\/wp-json\/wp\/v2\/comments?post=106836"}],"version-history":[{"count":0,"href":"https:\/\/www.europesays.com\/fi\/wp-json\/wp\/v2\/posts\/106836\/revisions"}],"wp:featuredmedia":[{"embeddable":true,"href":"https:\/\/www.europesays.com\/fi\/wp-json\/wp\/v2\/media\/106837"}],"wp:attachment":[{"href":"https:\/\/www.europesays.com\/fi\/wp-json\/wp\/v2\/media?parent=106836"}],"wp:term":[{"taxonomy":"category","embeddable":true,"href":"https:\/\/www.europesays.com\/fi\/wp-json\/wp\/v2\/categories?post=106836"},{"taxonomy":"post_tag","embeddable":true,"href":"https:\/\/www.europesays.com\/fi\/wp-json\/wp\/v2\/tags?post=106836"}],"curies":[{"name":"wp","href":"https:\/\/api.w.org\/{rel}","templated":true}]}}