{"id":106838,"date":"2025-12-03T18:03:19","date_gmt":"2025-12-03T18:03:19","guid":{"rendered":"https:\/\/www.europesays.com\/fi\/106838\/"},"modified":"2025-12-03T18:03:19","modified_gmt":"2025-12-03T18:03:19","slug":"mustan-perjantain-tarjous-kannatti","status":"publish","type":"post","link":"https:\/\/www.europesays.com\/fi\/106838\/","title":{"rendered":"Mustan perjantain tarjous kannatti"},"content":{"rendered":"<p>Kuluttaminen on kaksiter\u00e4inen miekka nykyisess\u00e4 taloustilanteessa. Ekonomistit syytt\u00e4v\u00e4t kuluttajia liiallisesta s\u00e4\u00e4st\u00e4misest\u00e4.<\/p>\n<p class=\"article-body mb-nof-24 px-nof-16\">Aamulehti<\/p>\n<p>Lue tiivistelm\u00e4<\/p>\n<p>Tiivistelm\u00e4 on teko\u00e4lyn tekem\u00e4 ja ihmisen tarkistama.<\/p>\n<p class=\"article-body mb-nof-24 px-nof-16 sndp-summary-bullet-point-font\">Kaupan liiton mukaan joulusesonki alkoi toden teolla marraskuun puolessa v\u00e4liss\u00e4, vaikka suklaarasiat ilmestyiv\u00e4t kauppojen hyllyille jo syyskuussa.<\/p>\n<p class=\"article-body mb-nof-24 px-nof-16 sndp-summary-bullet-point-font\">Black Friday -kampanjat ovat kasvattaneet marraskuun merkityst\u00e4 joulukaupalle, ja esimerkiksi kodintekniikassa marraskuu on jo parempi myyntikuukausi kuin joulukuu.<\/p>\n<p class=\"article-body mb-nof-24 px-nof-16 sndp-summary-bullet-point-font\">Ekonomistit syytt\u00e4v\u00e4t kuluttajia liiallisesta s\u00e4\u00e4st\u00e4misest\u00e4, vaikka samaan aikaan Luontoliiton \u00c4l\u00e4 osta mit\u00e4\u00e4n -p\u00e4iv\u00e4 kannustaa v\u00e4hent\u00e4m\u00e4\u00e4n kulutusta.<\/p>\n<p class=\"article-body mb-nof-24 px-nof-16\">Valppaimmat kuluttajat huomasivat jo syyskuussa, miten kauppojen hyllyille olivat ilmestyneet suklaarasiat. L\u00e4ht\u00f6laskenta joulunaikaan oli siis alkanut.<\/p>\n<p class=\"article-body mb-nof-24 px-nof-16\">Kaupan liiton mukaan joulusesonki alkoi toden teolla kuitenkin vasta marraskuun puolessa v\u00e4liss\u00e4. Hyv\u00e4 niin. Niit\u00e4 suklaarasioitakaan ei olisi viel\u00e4 tarvittu.<\/p>\n<p class=\"article-body mb-nof-24 px-nof-16\">Marraskuun merkitys joulukaupalle on kasvanut viime vuosina, mutta silti joulukuu on ylivoimaisesti suurin myyntikuukausi vuodessa. Eip\u00e4 ole yll\u00e4tys, kun katselet varsinkin viikonvaihteen ruuhkia.<\/p>\n<p class=\"article-body mb-nof-24 px-nof-16\">Erilaiset Black Fridayn kampanjat antavat joulukaupalle kunnolla vauhtia. Kauppa onkin pannut merkille, ett\u00e4 esimerkiksi kodintekniikassa marraskuu on jo parempi myyntikuukausi kuin joulukuu.<\/p>\n<p class=\"article-body mb-nof-24 px-nof-16\">Viel\u00e4 pari vuosikymment\u00e4 sitten ei koko Black Friday -nimityst\u00e4 k\u00e4ytetty Suomessa. Se rantautui pikku hiljaa monille aloille. Eik\u00e4 kyse ole vain yhdest\u00e4 perjantaista. Kauppa ratsastaa Black Fridayn avulla jopa viikkoja. Jos jostakin syyst\u00e4 et ehtinyt mukaan, ei h\u00e4t\u00e4\u00e4. T\u00e4m\u00e4n viikon Cyber Monday riensi auttamaan.<\/p>\n<p class=\"article-body mb-nof-24 px-nof-16\">Omalta kohdaltani Black Friday j\u00e4i vaatimattomaksi. K\u00e4ytin hyv\u00e4kseni yhden tarjouksen, joka on mielest\u00e4ni mainitsemisen arvoinen. P\u00e4hk\u00e4ilin muutaman viikon sit\u00e4, siirtyisink\u00f6 p\u00f6rssis\u00e4hk\u00f6\u00f6n. Toisaalta tuttu turvallinen energiayhti\u00f6 tarjouksellaan vaikutti my\u00f6s kilpailukykyiselt\u00e4.<\/p>\n<p class=\"article-body mb-nof-24 px-nof-16\">En tehnyt viel\u00e4 p\u00e4\u00e4t\u00f6st\u00e4 edellisviikolla ja hyv\u00e4 niin. Kuinka ollakaan, energiayhti\u00f6 kertoi Black Fridayn tarjouksesta. Hinta oli merkitt\u00e4v\u00e4sti huokeampi kuin puhelimessa saamani tarjous. Enp\u00e4 ole ennen t\u00f6rm\u00e4nnyt s\u00e4hk\u00f6tarjoukseen, jota edisti \u201dmusta perjantai\u201d.<\/p>\n<p class=\"article-body mb-nof-24 px-nof-16\">Ostop\u00e4iv\u00e4n kanssa kilpaili toinenkin p\u00e4iv\u00e4. Luontoliiton \u00c4l\u00e4 osta mit\u00e4\u00e4n -p\u00e4iv\u00e4 osui samaan perjantaihin.<\/p>\n<p class=\"article-body mb-nof-24 px-nof-16\">Kuluttajalle t\u00e4m\u00e4 aiheutti erikoisen tilanteen. Moni olisi varmasti halunnut osallistua kulutusta v\u00e4hent\u00e4v\u00e4n p\u00e4iv\u00e4n viettoon, mutta toisaalta useimmat haluavat hy\u00f6dynt\u00e4\u00e4 tarjoukset. Jos lapsesi toivelistalla on tietty Lego-paketti, niin miksi sit\u00e4 ei saisi ostaa Black Fridayn tarjouksena?<\/p>\n<p class=\"article-body mb-nof-24 px-nof-16\">Kuluttaminen on muutenkin kaksiter\u00e4inen miekka nykyisess\u00e4 taloustilanteessa. Ekonomistit syytt\u00e4v\u00e4t kuluttajia liiallisesta s\u00e4\u00e4st\u00e4misest\u00e4. Taloustilanteen paraneminen vaatii my\u00f6s kuluttajien luottamuksen paranemista, mutta sit\u00e4 ei ole n\u00e4k\u00f6piiriss\u00e4. Eik\u00e4 kyse ole vain tavarasta, vaan my\u00f6s erilaisista palveluista. Aikamoisen dilemman eteen on kuluttaja joutunut.<\/p>\n<p class=\"article-body mb-nof-24 px-nof-16\">Jokainen voi toki auttaa tilannetta ostamalla mahdollisimman paljon kotimaista ja lahjakortti palveluihin on hyv\u00e4 vaihtoehto.<\/p>\n<p class=\"article-body nof-ui-body-medium mb-nof-24 px-nof-16\">Kirjoittaja on Aamulehden toimittaja.<\/p>\n","protected":false},"excerpt":{"rendered":"Kuluttaminen on kaksiter\u00e4inen miekka nykyisess\u00e4 taloustilanteessa. Ekonomistit syytt\u00e4v\u00e4t kuluttajia liiallisesta s\u00e4\u00e4st\u00e4misest\u00e4. Aamulehti Lue tiivistelm\u00e4 Tiivistelm\u00e4 on teko\u00e4lyn tekem\u00e4&hellip;\n","protected":false},"author":2,"featured_media":106839,"comment_status":"","ping_status":"","sticky":false,"template":"","format":"standard","meta":{"footnotes":""},"categories":[76],"tags":[157,79,77,33,31,30,32,78],"class_list":{"0":"post-106838","1":"post","2":"type-post","3":"status-publish","4":"format-standard","5":"has-post-thumbnail","7":"category-talous","8":"tag-aamulehti","9":"tag-business","10":"tag-economy","11":"tag-fi","12":"tag-finland","13":"tag-finnish","14":"tag-suomi","15":"tag-talous"},"share_on_mastodon":{"url":"https:\/\/pubeurope.com\/@fi\/115656956572810069","error":""},"_links":{"self":[{"href":"https:\/\/www.europesays.com\/fi\/wp-json\/wp\/v2\/posts\/106838","targetHints":{"allow":["GET"]}}],"collection":[{"href":"https:\/\/www.europesays.com\/fi\/wp-json\/wp\/v2\/posts"}],"about":[{"href":"https:\/\/www.europesays.com\/fi\/wp-json\/wp\/v2\/types\/post"}],"author":[{"embeddable":true,"href":"https:\/\/www.europesays.com\/fi\/wp-json\/wp\/v2\/users\/2"}],"replies":[{"embeddable":true,"href":"https:\/\/www.europesays.com\/fi\/wp-json\/wp\/v2\/comments?post=106838"}],"version-history":[{"count":0,"href":"https:\/\/www.europesays.com\/fi\/wp-json\/wp\/v2\/posts\/106838\/revisions"}],"wp:featuredmedia":[{"embeddable":true,"href":"https:\/\/www.europesays.com\/fi\/wp-json\/wp\/v2\/media\/106839"}],"wp:attachment":[{"href":"https:\/\/www.europesays.com\/fi\/wp-json\/wp\/v2\/media?parent=106838"}],"wp:term":[{"taxonomy":"category","embeddable":true,"href":"https:\/\/www.europesays.com\/fi\/wp-json\/wp\/v2\/categories?post=106838"},{"taxonomy":"post_tag","embeddable":true,"href":"https:\/\/www.europesays.com\/fi\/wp-json\/wp\/v2\/tags?post=106838"}],"curies":[{"name":"wp","href":"https:\/\/api.w.org\/{rel}","templated":true}]}}