{"id":106842,"date":"2025-12-03T18:05:11","date_gmt":"2025-12-03T18:05:11","guid":{"rendered":"https:\/\/www.europesays.com\/fi\/106842\/"},"modified":"2025-12-03T18:05:11","modified_gmt":"2025-12-03T18:05:11","slug":"kiistelty-lausunto-6-mahdollista-syyta-miksi-anneli-auerin-lapset-pyorsivat-puheensa","status":"publish","type":"post","link":"https:\/\/www.europesays.com\/fi\/106842\/","title":{"rendered":"Kiistelty lausunto: 6 mahdollista syyt\u00e4, miksi Anneli Auerin lapset py\u00f6rsiv\u00e4t puheensa"},"content":{"rendered":"<p>Kiistellyss\u00e4 lausunnossa on esitelty muun muassa teoria siit\u00e4, olisiko Anneli Auer voinut luvata lapsille rahallisen korvauksen kertomusten muuttamisesta.<\/p>\n<p>Anneli Auer median haastattelussa oikeustalolla keskiviikkona.<\/p>\n<p class=\"article-body mb-nof-24 px-nof-16\">Anneli Auerin seksuaalirikosoikeudenk\u00e4ynniss\u00e4 esiteltiin syytt\u00e4j\u00e4n todisteena lausunto, joka on laadittu Keskusrikospoliisin (KRP) pyynn\u00f6st\u00e4 lis\u00e4tutkinnassa vuonna 2023.<\/p>\n<p class=\"article-body mb-nof-24 px-nof-16\">Lausunnossa esitell\u00e4\u00e4n kuusi mahdollista syyt\u00e4 sille, miksi Auerin lapset ovat vuosia my\u00f6hemmin muuttaneet kertomuksiaan ja peruneet puheensa v\u00e4itetyist\u00e4 seksuaalirikoksista.<\/p>\n<p class=\"article-body mb-nof-24 px-nof-16\">Lausunnon on laatinut lasten ja nuorten oikeuspsykiatrian tutkimusyksikk\u00f6. Lausunnon allekirjoittaneet psykologit ovat haastatelleet lapset vuonna 2011, laatineet tuolloin lausunnon kertomusten luotettavuudesta ja k\u00e4yneet todistamassa oikeudessa.<\/p>\n<p class=\"article-body mb-nof-24 px-nof-16\">T\u00e4st\u00e4 syyst\u00e4 he toteavat lausunnossaan, ett\u00e4 ovat pohtineet sit\u00e4 kirjoittaessa omaa puolueettomuuttaan. Anneli Auer kritisoi lausunnon sis\u00e4lt\u00f6\u00e4 keskiviikkona oikeudessa median haastattelussa.<\/p>\n<p>1. Aikuiset lapset uskaltavat nyt kertoa totuuden<\/p>\n<p class=\"article-body mb-nof-24 px-nof-16\">Auerin puolustuksen mukaan yksi Auerin tytt\u00e4rist\u00e4 oli jo 5. luokalla koulussa kertonut yst\u00e4v\u00e4lleen, ettei seksuaalinen hyv\u00e4ksik\u00e4ytt\u00f6 pid\u00e4 paikkaansa. Tytt\u00f6 oli jo tuolloin sanonut, ett\u00e4 sijaisvanhemmat eli Auerin veli ja t\u00e4m\u00e4n puoliso, olivat sy\u00f6tt\u00e4neet lapsille valheita.<\/p>\n<p class=\"article-body mb-nof-24 px-nof-16\">Lausunnossa todetaan, ett\u00e4 erityisesti nuoret lapset saattavat uskoa seksuaalisen hyv\u00e4ksik\u00e4yt\u00f6n tapahtuneen, jos heilt\u00e4 toistuvasti kysyt\u00e4\u00e4n johdattelevia kysymyksi\u00e4.<\/p>\n<p><img decoding=\"async\" src=\"https:\/\/www.europesays.com\/fi\/wp-content\/uploads\/2025\/12\/1764653468_53_468.jpg\" alt=\"Anneli Auer on t\u00e4t\u00e4 nyky\u00e4 60-vuotias. H\u00e4n sai aikoinaan seksuaalirikoksista 7,5 vuoden tuomion, ja nyt h\u00e4nen lapsensa kertovat sepitt\u00e4neens\u00e4 todisteina olleet tarinat.\" class=\"_Img_1rerz_1\" style=\"aspect-ratio:1.5\" loading=\"eager\"\/><\/p>\n<p class=\"article-picture-caption\">Anneli Auer on t\u00e4t\u00e4 nyky\u00e4 60-vuotias. H\u00e4n sai aikoinaan seksuaalirikoksista 7,5 vuoden tuomion, ja nyt h\u00e4nen lapsensa kertovat sepitt\u00e4neens\u00e4 todisteina olleet tarinat. Kuva:\u00a0Roni Lehti \/ Lehtikuva<\/p>\n<p>2. Anneli Auer ja h\u00e4nen asianajajansa ovat voineet vaikuttaa lapsiin<\/p>\n<p class=\"article-body mb-nof-24 px-nof-16\">Lausunnon mukaan Anneli Auer on voinut vaikuttaa vanhimman tytt\u00e4rens\u00e4 kautta ensin kahden nuoremman tytt\u00e4rens\u00e4 kertomuksiin. Auerin poika taas on kertonut keskustelleensa asiasta ensin sisarustensa kanssa ennen Auerin asianajajan ja poliisin kuulemista vuonna 2023.<\/p>\n<p class=\"article-body mb-nof-24 px-nof-16\">Lausunnossa viitataan tutkimukseen siit\u00e4, miten l\u00e4hisuhdev\u00e4kivallan uhrit p\u00e4\u00e4tyv\u00e4t vet\u00e4m\u00e4\u00e4n kertomuksensa takaisin. Tutkimuksen mukaan tekij\u00e4 usein v\u00e4h\u00e4tteli tekoaan ja vetosi uhrin tunteisiin, mik\u00e4 sai uhrin tuntemaan syyllisyytt\u00e4 ja katumusta.<\/p>\n<p>3. Henkil\u00f6kohtaisen leiman ja h\u00e4pe\u00e4n v\u00e4ltt\u00e4minen<\/p>\n<p class=\"article-body mb-nof-24 px-nof-16\">Lausunnossa todetaan, ett\u00e4 hyv\u00e4ksik\u00e4yt\u00f6st\u00e4 kertominen ja julkista huomiota her\u00e4tt\u00e4neet oikeudenk\u00e4ynnit sek\u00e4 asian k\u00e4sittely mediassa ovat voineet aiheuttaa lapsille ja heid\u00e4n l\u00e4heisilleen negatiivista huomiota. Negatiivinen huomio kertomisen j\u00e4lkeen voi aiheuttaa uhrille stressi\u00e4, mink\u00e4 vuoksi osa uhreista vet\u00e4\u00e4 kertomuksensa takaisin.<\/p>\n<p class=\"article-body mb-nof-24 px-nof-16\">Traumaattisen asian kielt\u00e4minen voi my\u00f6s tutkimusten mukaan olla tehokas tapa selvit\u00e4 trauman kanssa.<\/p>\n<p><img decoding=\"async\" src=\"https:\/\/www.europesays.com\/fi\/wp-content\/uploads\/2025\/12\/1764653469_556_468.jpg\" alt=\"Anneli Auer kuvattuna Varsinais-Suomen k\u00e4r\u00e4j\u00e4oikeudessa.\" class=\"_Img_1rerz_1\" style=\"aspect-ratio:1.5\" loading=\"eager\"\/><\/p>\n<p class=\"article-picture-caption\">Anneli Auer kuvattuna Varsinais-Suomen k\u00e4r\u00e4j\u00e4oikeudessa. Kuva:\u00a0Jussi Vierimaa<\/p>\n<p>4. Halu olla osa sisarusryhm\u00e4\u00e4 ja perhett\u00e4<\/p>\n<p class=\"article-body mb-nof-24 px-nof-16\">Lausunnossa todetaan, ett\u00e4 kun lapset ovat et\u00e4\u00e4ntyneet sijaisvanhemmistaan, he ovat tarvinneet enemm\u00e4n hyv\u00e4ksynt\u00e4\u00e4 ja yhteenkuuluvuutta \u00e4idilt\u00e4\u00e4n ja sisaruksiltaan. Lasten sosiaalinen verkosto on j\u00e4\u00e4nyt pieneksi lapsuus- ja nuoruusvuosien erist\u00e4ytyneisyyden vuoksi.<\/p>\n<p class=\"article-body mb-nof-24 px-nof-16\">Kontaktit sisaruksiin voivat lis\u00e4t\u00e4 tarvetta ja painetta olla samaa mielt\u00e4 my\u00f6s menneisyyden tapahtumista.<\/p>\n<p>5. Toive rahallisesta korvauksesta<\/p>\n<p class=\"article-body mb-nof-24 px-nof-16\">Lausunnon mukaan Anneli Auer on voinut luvata lapsilleen rahallisen korvauksen kertomusten takaisinvet\u00e4misest\u00e4. Lis\u00e4ksi on mahdollista, ett\u00e4 aikuiset lapset toivovat saavansa rahallisen korvauksen, jos Anneli Auer saa korvauksia tuomionpurun j\u00e4lkeen.<\/p>\n<p>6. Julkisen h\u00e4pe\u00e4n siirt\u00e4minen sijaisvanhemmille<\/p>\n<p class=\"article-body mb-nof-24 px-nof-16\">Lausunnon mukaan lapsilla on haasteita luoda uusia sosiaalisia suhteita, sill\u00e4 he kohtaavat jatkuvasti julkisen tiedon kokemastaan hyv\u00e4ksik\u00e4yt\u00f6st\u00e4.<\/p>\n<p class=\"article-body mb-nof-24 px-nof-16\">T\u00e4m\u00e4 saattaa lausunnon mukaan aiheuttaa negatiivisia tunteita, kuten turhautumista ja vihaa, mist\u00e4 syyst\u00e4 lapset haluavat vy\u00f6rytt\u00e4\u00e4 syyllisyyden ja h\u00e4pe\u00e4n entisille sijaisvanhemmilleen.<\/p>\n<p>T\u00e4st\u00e4 on kyse<\/p>\n<p><img decoding=\"async\" src=\"https:\/\/www.europesays.com\/fi\/wp-content\/uploads\/2025\/10\/1761025150_384_468.jpg\" alt=\"\" class=\"_Img_1rerz_1\" style=\"aspect-ratio:1.7777777777777777\" loading=\"eager\"\/><\/p>\n<p class=\"article-picture-caption\">Kuva:\u00a0Aleksi Jalava \/ IS, Roni Lehti \/ Lehtikuva, Bo Stranden, Joel Maisalmi<\/p>\n<ul class=\"mb-nof-16 px-nof-16 article-unordered-list unordered-list\">\n<li class=\"unordered-list-item\">\n<p class=\"article-body\">Anneli Auer, 60, ja Jens Kukka, 62, tuomittiin 2013 Turun hovioikeudessa <a class=\"article-genericlink\" href=\"https:\/\/www.is.fi\/artikkeli\/art-2000009417299.html\" rel=\"nofollow noopener\" target=\"_blank\">pitkiin vankeusrangaistuksiin <\/a>seksuaali- ja v\u00e4kivaltarikoksista. Asianomistajina oli Auerin nelj\u00e4 lasta.<\/p>\n<\/li>\n<li class=\"unordered-list-item\">\n<p class=\"article-body\">Auer tuomittiin 7,5 vuoden ja Kukka 10 vuoden vankeuteen muun muassa t\u00f6rkeist\u00e4 lapsen seksuaalisista hyv\u00e4ksik\u00e4yt\u00f6ist\u00e4. He kiistiv\u00e4t syyllisyytens\u00e4. Tuomiot perustuivat pitk\u00e4lti Auerin lasten kertomuksiin.<\/p>\n<\/li>\n<\/ul>\n<ul class=\"mb-nof-16 px-nof-16 article-unordered-list unordered-list\">\n<li class=\"unordered-list-item\">\n<p class=\"article-body\">Alkuvuonna 2023 ex-pari kertoi hakeneensa tuomioilleen <a class=\"article-genericlink\" href=\"https:\/\/www.is.fi\/artikkeli\/art-2000009416812.html\" rel=\"nofollow noopener\" target=\"_blank\">purkua korkeimmasta oikeudesta<\/a>. Auerin aikuisiksi varttuneet kolme nuorinta lasta kertoivat<a class=\"article-genericlink\" href=\"https:\/\/www.is.fi\/artikkeli\/art-2000009628408.html\" rel=\"nofollow noopener\" target=\"_blank\"> sepitt\u00e4neens\u00e4 tarinat<\/a> \u00e4itins\u00e4 ja t\u00e4m\u00e4n miesyst\u00e4v\u00e4n seksuaalisesta hyv\u00e4ksik\u00e4yt\u00f6st\u00e4.<\/p>\n<\/li>\n<li class=\"unordered-list-item\">\n<p class=\"article-body\">Lapset olivat el\u00e4neet sijaisperheess\u00e4 Auerin veljen luona vuodesta 2009. Lasten mukaan heid\u00e4t oli painostettu valheisiin sijaisperheess\u00e4.<\/p>\n<\/li>\n<li class=\"unordered-list-item\">\n<p class=\"article-body\">Joulukuussa 2024 KKO purki tuomion, joka oli perustunut pitk\u00e4lti Auerin lasten kertomuksiin. Asia palautui Varsinais-Suomen k\u00e4r\u00e4j\u00e4oikeuden k\u00e4sittelyyn.<\/p>\n<\/li>\n<\/ul>\n","protected":false},"excerpt":{"rendered":"Kiistellyss\u00e4 lausunnossa on esitelty muun muassa teoria siit\u00e4, olisiko Anneli Auer voinut luvata lapsille rahallisen korvauksen kertomusten muuttamisesta.&hellip;\n","protected":false},"author":2,"featured_media":106843,"comment_status":"","ping_status":"","sticky":false,"template":"","format":"standard","meta":{"footnotes":""},"categories":[12],"tags":[22,23,26,27,33,31,30,17,34,24,25,28,29,15,18,21,32,19,20,16],"class_list":{"0":"post-106842","1":"post","2":"type-post","3":"status-publish","4":"format-standard","5":"has-post-thumbnail","7":"category-suomi","8":"tag-breaking-news","9":"tag-breakingnews","10":"tag-featured-news","11":"tag-featurednews","12":"tag-fi","13":"tag-finland","14":"tag-finnish","15":"tag-headlines","16":"tag-ilta-sanomat","17":"tag-latest-news","18":"tag-latestnews","19":"tag-main-news","20":"tag-mainnews","21":"tag-news","22":"tag-otsikot","23":"tag-paauutiset","24":"tag-suomi","25":"tag-top-stories","26":"tag-topstories","27":"tag-uutiset"},"share_on_mastodon":{"url":"https:\/\/pubeurope.com\/@fi\/115656964609784154","error":""},"_links":{"self":[{"href":"https:\/\/www.europesays.com\/fi\/wp-json\/wp\/v2\/posts\/106842","targetHints":{"allow":["GET"]}}],"collection":[{"href":"https:\/\/www.europesays.com\/fi\/wp-json\/wp\/v2\/posts"}],"about":[{"href":"https:\/\/www.europesays.com\/fi\/wp-json\/wp\/v2\/types\/post"}],"author":[{"embeddable":true,"href":"https:\/\/www.europesays.com\/fi\/wp-json\/wp\/v2\/users\/2"}],"replies":[{"embeddable":true,"href":"https:\/\/www.europesays.com\/fi\/wp-json\/wp\/v2\/comments?post=106842"}],"version-history":[{"count":0,"href":"https:\/\/www.europesays.com\/fi\/wp-json\/wp\/v2\/posts\/106842\/revisions"}],"wp:featuredmedia":[{"embeddable":true,"href":"https:\/\/www.europesays.com\/fi\/wp-json\/wp\/v2\/media\/106843"}],"wp:attachment":[{"href":"https:\/\/www.europesays.com\/fi\/wp-json\/wp\/v2\/media?parent=106842"}],"wp:term":[{"taxonomy":"category","embeddable":true,"href":"https:\/\/www.europesays.com\/fi\/wp-json\/wp\/v2\/categories?post=106842"},{"taxonomy":"post_tag","embeddable":true,"href":"https:\/\/www.europesays.com\/fi\/wp-json\/wp\/v2\/tags?post=106842"}],"curies":[{"name":"wp","href":"https:\/\/api.w.org\/{rel}","templated":true}]}}