{"id":106857,"date":"2025-12-03T18:30:08","date_gmt":"2025-12-03T18:30:08","guid":{"rendered":"https:\/\/www.europesays.com\/fi\/106857\/"},"modified":"2025-12-03T18:30:08","modified_gmt":"2025-12-03T18:30:08","slug":"yli-200-kulttuurivaikuttajaa-vaatii-palestiinalaisjohtajan-vapauttamista-uutisia-lyhyesti","status":"publish","type":"post","link":"https:\/\/www.europesays.com\/fi\/106857\/","title":{"rendered":"Yli 200 kulttuurivaikuttajaa vaatii palestiinalaisjohtajan vapauttamista | Uutisia lyhyesti"},"content":{"rendered":"<p>19:12\u2022P\u00e4ivitetty 19:20<\/p>\n<p class=\"aw-1gybjub aw-1p7kakr kEtdKx cEmitX yle__article__paragraph\">Yli 200 johtavaa kulttuurivaikuttajaa on yhdist\u00e4nyt voimansa vaatiakseen Israelin vangitseman palestiinalaisjohtajan <strong class=\"aw-ak79eh KyCXm yle__article__strong\">Marwan Barghoutin<\/strong> vapauttamista.<\/p>\n<p class=\"aw-1gybjub aw-1p7kakr kEtdKx cEmitX yle__article__paragraph\">Asiasta kertoo muun muassa <a class=\"aw-iao6s4 iHOxEa yle__article__link\" href=\"https:\/\/www.theguardian.com\/world\/2025\/dec\/03\/leading-cultural-figures-call-for-release-jailed-palestinian-leader-marwan-barghouti\" role=\"link\" rel=\"nofollow noopener\" target=\"_blank\">brittilehti The Guardian.<\/a><\/p>\n<p class=\"aw-1gybjub aw-1p7kakr kEtdKx cEmitX yle__article__paragraph\">Mielipidenmittausten perusteella Barghoutia pidet\u00e4\u00e4n johtajana, joka voisi yhdist\u00e4\u00e4 eri palestiinalaisryhmittym\u00e4t ja vauhdittaa n\u00e4in Palestiinan valtion perustamista.<\/p>\n<p class=\"aw-1gybjub aw-1p7kakr kEtdKx cEmitX yle__article__paragraph\">Avoimessa kirjeess\u00e4 Barghoutin vapauttamista vaativat muun muassa kirjailijat <strong class=\"aw-ak79eh KyCXm yle__article__strong\">Margaret Atwood<\/strong>, <strong class=\"aw-ak79eh KyCXm yle__article__strong\">Zadie Smith<\/strong> ja <strong class=\"aw-ak79eh KyCXm yle__article__strong\">Annie Ernaux<\/strong> sek\u00e4 muusikot <strong class=\"aw-ak79eh KyCXm yle__article__strong\">Brian Eno<\/strong> ja <strong class=\"aw-ak79eh KyCXm yle__article__strong\">Annie Lennox<\/strong>. My\u00f6s taiteilija <strong class=\"aw-ak79eh KyCXm yle__article__strong\">Ai Weiwei<\/strong> ja tv-juontaja <strong class=\"aw-ak79eh KyCXm yle__article__strong\">Stephen Fry<\/strong> ovat allekirjoittaneet kirjeen.<\/p>\n<p class=\"aw-1gybjub aw-1p7kakr kEtdKx cEmitX yle__article__paragraph\">Barghouti, 66, on ollut vangittuna 23 vuotta.<\/p>\n","protected":false},"excerpt":{"rendered":"19:12\u2022P\u00e4ivitetty 19:20 Yli 200 johtavaa kulttuurivaikuttajaa on yhdist\u00e4nyt voimansa vaatiakseen Israelin vangitseman palestiinalaisjohtajan Marwan Barghoutin vapauttamista. Asiasta kertoo&hellip;\n","protected":false},"author":2,"featured_media":74,"comment_status":"","ping_status":"","sticky":false,"template":"","format":"standard","meta":{"footnotes":""},"categories":[14],"tags":[22,23,26,27,33,31,30,17,993,3551,506,24,25,28,29,15,18,21,32,19,20,56,16,59,60,61],"class_list":{"0":"post-106857","1":"post","2":"type-post","3":"status-publish","4":"format-standard","5":"has-post-thumbnail","7":"category-ulkomaat","8":"tag-breaking-news","9":"tag-breakingnews","10":"tag-featured-news","11":"tag-featurednews","12":"tag-fi","13":"tag-finland","14":"tag-finnish","15":"tag-headlines","16":"tag-israel","17":"tag-kansalaistoiminta","18":"tag-lahi-idan-kriisi","19":"tag-latest-news","20":"tag-latestnews","21":"tag-main-news","22":"tag-mainnews","23":"tag-news","24":"tag-otsikot","25":"tag-paauutiset","26":"tag-suomi","27":"tag-top-stories","28":"tag-topstories","29":"tag-ulkomaat","30":"tag-uutiset","31":"tag-world","32":"tag-world-news","33":"tag-worldnews"},"share_on_mastodon":{"url":"https:\/\/pubeurope.com\/@fi\/115657062801671602","error":""},"_links":{"self":[{"href":"https:\/\/www.europesays.com\/fi\/wp-json\/wp\/v2\/posts\/106857","targetHints":{"allow":["GET"]}}],"collection":[{"href":"https:\/\/www.europesays.com\/fi\/wp-json\/wp\/v2\/posts"}],"about":[{"href":"https:\/\/www.europesays.com\/fi\/wp-json\/wp\/v2\/types\/post"}],"author":[{"embeddable":true,"href":"https:\/\/www.europesays.com\/fi\/wp-json\/wp\/v2\/users\/2"}],"replies":[{"embeddable":true,"href":"https:\/\/www.europesays.com\/fi\/wp-json\/wp\/v2\/comments?post=106857"}],"version-history":[{"count":0,"href":"https:\/\/www.europesays.com\/fi\/wp-json\/wp\/v2\/posts\/106857\/revisions"}],"wp:featuredmedia":[{"embeddable":true,"href":"https:\/\/www.europesays.com\/fi\/wp-json\/wp\/v2\/media\/74"}],"wp:attachment":[{"href":"https:\/\/www.europesays.com\/fi\/wp-json\/wp\/v2\/media?parent=106857"}],"wp:term":[{"taxonomy":"category","embeddable":true,"href":"https:\/\/www.europesays.com\/fi\/wp-json\/wp\/v2\/categories?post=106857"},{"taxonomy":"post_tag","embeddable":true,"href":"https:\/\/www.europesays.com\/fi\/wp-json\/wp\/v2\/tags?post=106857"}],"curies":[{"name":"wp","href":"https:\/\/api.w.org\/{rel}","templated":true}]}}