{"id":106858,"date":"2025-12-03T18:31:12","date_gmt":"2025-12-03T18:31:12","guid":{"rendered":"https:\/\/www.europesays.com\/fi\/106858\/"},"modified":"2025-12-03T18:31:12","modified_gmt":"2025-12-03T18:31:12","slug":"analyysi-malttia-nyt-viela-ei-ole-aika-kaataa-syytteita-auer-karajilla-kotimaa","status":"publish","type":"post","link":"https:\/\/www.europesays.com\/fi\/106858\/","title":{"rendered":"Analyysi: Malttia nyt, viel\u00e4 ei ole aika kaataa syytteit\u00e4 Auer-k\u00e4r\u00e4jill\u00e4 | Kotimaa"},"content":{"rendered":"<p class=\"aw-1gybjub aw-5vja16 kEtdKx kmuxyA yle__article__paragraph\">Auer kiisti oikeudessa syytteet ja h\u00e4nen lapsensa peruivat aiemmat puheensa. T\u00e4m\u00e4 ei ollut kuitenkaan viel\u00e4 t\u00e4ss\u00e4, kirjoittaa Ylen rikos- ja oikeustoimittaja P\u00e4ivi Happonen.<\/p>\n<p><img decoding=\"async\" alt=\"Anneli Auer Turun oikeustalolla.\" src=\"https:\/\/www.europesays.com\/fi\/wp-content\/uploads\/2025\/12\/39-1563295692ff71d32f0b.jpeg\" class=\"aw-1l9m598 hKVVvP\"\/><\/p>\n<p>Avaa kuvien katselu<\/p>\n<p>Anneli Aueria syytet\u00e4\u00e4n h\u00e4nen lapsiinsa kohdistuneista seksuaali- ja pahoinpitelyrikoksista. Kuva: Kalle M\u00e4kel\u00e4 \/ Yle<img decoding=\"async\" alt=\"Kuvassa on Ylen rikos- ja oikeustoimittaja P\u00e4ivi Happonen.\" src=\"https:\/\/www.europesays.com\/fi\/wp-content\/uploads\/2025\/12\/39-153485368e60360f3af7.jpeg\" class=\"aw-1l9m598 hKVVvP\"\/><\/p>\n<p class=\"aw-1gybjub aw-1p7kakr kEtdKx cEmitX yle__article__paragraph\">Onko <strong class=\"aw-ak79eh KyCXm yle__article__strong\">Anneli Auer<\/strong> oikeasti syyllistynyt niihin rikoksiin, joista h\u00e4nt\u00e4 syytet\u00e4\u00e4n?<\/p>\n<p class=\"aw-1gybjub aw-1p7kakr kEtdKx cEmitX yle__article__paragraph\">T\u00e4m\u00e4 kysymys on esitetty minulle useita kertoja viime viikkoina, koska olen seurannut Auerin ja <strong class=\"aw-ak79eh KyCXm yle__article__strong\">Jens Ihlen<\/strong> k\u00e4r\u00e4ji\u00e4.<\/p>\n<p class=\"aw-1gybjub aw-1p7kakr kEtdKx cEmitX yle__article__paragraph\">Kerron vastaukseni t\u00e4m\u00e4n kirjoituksen lopussa.<\/p>\n<p class=\"aw-1gybjub aw-1p7kakr kEtdKx cEmitX yle__article__paragraph\">Auerin ja Ihlen <a class=\"aw-iao6s4 iHOxEa yle__article__link\" href=\"https:\/\/yle.fi\/a\/74-20197511\" role=\"link\" rel=\"nofollow noopener\" target=\"_blank\">seksuaali- ja pahoinpitelyk\u00e4r\u00e4jist\u00e4<\/a> on tullut yksi Suomen seuratuimmista oikeudenk\u00e4ynneist\u00e4.<\/p>\n<p class=\"aw-1gybjub aw-1p7kakr kEtdKx cEmitX yle__article__paragraph\">Siihen on muutamakin syy.<\/p>\n<p>Anneli Auer on julkkis<img decoding=\"async\" alt=\"Anneli Auer istuu oikeustalon penkill\u00e4 Turussa. \" src=\"https:\/\/www.europesays.com\/fi\/wp-content\/uploads\/2025\/12\/39-1563269692ff2790d7cd.jpeg\" loading=\"lazy\" class=\"aw-1l9m598 hKVVvP\"\/><\/p>\n<p>Avaa kuvien katselu<\/p>\n<p>Varsinais-Suomen k\u00e4r\u00e4j\u00e4oikeus kuuli Aueria tiistaina. Kuva: Kalle M\u00e4kel\u00e4 \/ Yle<\/p>\n<p class=\"aw-1gybjub aw-1p7kakr kEtdKx cEmitX yle__article__paragraph\">Anneli Auer ei varmaankaan halunnut tulla ihmiseksi, joka tunnistetaan ruokakaupoissa ja kaduilla.<\/p>\n<p class=\"aw-1gybjub aw-1p7kakr kEtdKx cEmitX yle__article__paragraph\">Sellainen h\u00e4n kuitenkin on.<\/p>\n<p class=\"aw-1gybjub aw-1p7kakr kEtdKx cEmitX yle__article__paragraph\">Nelj\u00e4n lapsen \u00e4idist\u00e4 ja h\u00e4nen rikosprosesseistaan on tehty viimeisen 20 vuoden aikana valtaisa m\u00e4\u00e4r\u00e4 uutisjuttuja, usea kirja ja ainakin yksi dokumentti.<\/p>\n<p class=\"aw-1gybjub aw-1p7kakr kEtdKx cEmitX yle__article__paragraph\">Auer on tuomittu ja vapautettu kahteen kertaan puolisonsa <strong class=\"aw-ak79eh KyCXm yle__article__strong\">Jukka S. Lahden<\/strong> murhasta. H\u00e4net on siis todettu siihen syytt\u00f6m\u00e4ksi.<\/p>\n<p class=\"aw-1gybjub aw-1p7kakr kEtdKx cEmitX yle__article__paragraph\">Nyt Aueria ja h\u00e4nen entist\u00e4 miesyst\u00e4v\u00e4\u00e4ns\u00e4 Jens Ihle\u00e4 syytet\u00e4\u00e4n julmista seksuaali- ja pahoinpitelyrikoksista. Ne ovat syytt\u00e4j\u00e4n mukaan kohdistuneet Auerin lapsiin vuosina 2007\u20132009.<\/p>\n<p class=\"aw-1gybjub aw-1p7kakr kEtdKx cEmitX yle__article__paragraph\">Auer ja Ihle kiist\u00e4v\u00e4t jyrk\u00e4sti kaikki seksuaalirikokset, Auer my\u00f6nt\u00e4\u00e4 kaksi pahoinpitelyrikosta.<\/p>\n<p>T\u00e4ss\u00e4 sit\u00e4 taas ollaan<\/p>\n<p class=\"aw-1gybjub aw-1p7kakr kEtdKx cEmitX yle__article__paragraph\">Kuten tapausta seuranneet tiet\u00e4v\u00e4t, Auer ja Ihle ovat jo kertaalleen istuneet tuomionsa rikoksista, joista heit\u00e4 nyt syytet\u00e4\u00e4n uudelleen.<\/p>\n<p class=\"aw-1gybjub aw-1p7kakr kEtdKx cEmitX yle__article__paragraph\">Korkein oikeus purki heid\u00e4n tuomionsa, kun Auerin lapset muutama vuosi sitten kertoivat aiemmin valehdelleensa heihin kohdistuneista rikoksista.<\/p>\n<p class=\"aw-1gybjub aw-1p7kakr kEtdKx cEmitX yle__article__paragraph\">Syytt\u00e4j\u00e4 nosti uudet syytteet, ja t\u00e4ss\u00e4 sit\u00e4 taas ollaan.<\/p>\n<p class=\"aw-1gybjub aw-1p7kakr kEtdKx cEmitX yle__article__paragraph\">Kolme tuomaria, osapuolet ja my\u00f6s media ovat kokoontuneet lokakuusta l\u00e4htien viikko toisensa j\u00e4lkeen Turun oikeustalolle.<\/p>\n<p class=\"aw-1gybjub aw-1p7kakr kEtdKx cEmitX yle__article__paragraph\">Seksuaalirikosjutut istutaan yleens\u00e4 suljettujen ovien takana uhrien suojelemiseksi. Nyt syytt\u00e4j\u00e4n uhreina pit\u00e4m\u00e4t Auerin lapset sek\u00e4 Auer ja Ihle ovat vaatineet julkista oikeudenk\u00e4ynti\u00e4.<\/p>\n<p class=\"aw-1gybjub aw-1p7kakr kEtdKx cEmitX yle__article__paragraph\">Tiedotusv\u00e4lineill\u00e4 on mahdollisuus p\u00e4\u00e4st\u00e4 kuulemaan ja n\u00e4kem\u00e4\u00e4n, mit\u00e4 syytetyt vastaavat syytteisiin ja millaisia todisteita syytt\u00e4j\u00e4 ja puolustus tuovat oikeudenk\u00e4yntiin.<\/p>\n<p class=\"aw-1gybjub aw-1p7kakr kEtdKx cEmitX yle__article__paragraph\">Auerin ja Ihlen oikeudenk\u00e4ynnin suuri kysymys on lasten puheet. Toki syytt\u00e4j\u00e4ll\u00e4 on my\u00f6s muuta n\u00e4ytt\u00f6\u00e4 syytteidens\u00e4 tueksi.<\/p>\n<p class=\"aw-1gybjub aw-1p7kakr kEtdKx cEmitX yle__article__paragraph\">Oikeus joutuu kuitenkin pohtimaan t\u00e4rke\u00e4\u00e4 kysymyst\u00e4: ovatko lasten alkuper\u00e4iset puheet luotettavampia kuin aikuisena kerrotut?<\/p>\n<p class=\"aw-1gybjub aw-1p7kakr kEtdKx cEmitX yle__article__paragraph\">Syytt\u00e4j\u00e4n mukaan alkuper\u00e4iset puheet ovat totta. Puolustus on tietysti toista mielt\u00e4.<\/p>\n<p class=\"aw-1gybjub aw-1p7kakr kEtdKx cEmitX yle__article__paragraph\">Molemmat osapuolet <a class=\"aw-iao6s4 iHOxEa yle__article__link\" href=\"https:\/\/yle.fi\/a\/74-20196419\" role=\"link\" rel=\"nofollow noopener\" target=\"_blank\">tuovat oikeuteen<\/a> erilaisia asiantuntijoiden lausuntoja, joilla he perustelevat omaa n\u00e4kemyst\u00e4\u00e4n.<\/p>\n<p><img decoding=\"async\" alt=\"Kuvakombossa Jens Kukka, leena Koivuniemi ja Anneli Auer.\" src=\"https:\/\/www.europesays.com\/fi\/wp-content\/uploads\/2025\/12\/39-1562623692e76b9868cf.jpeg\" loading=\"lazy\" class=\"aw-1l9m598 hKVVvP\"\/><\/p>\n<p>Avaa kuvien katselu<\/p>\n<p>Erikoissyytt\u00e4j\u00e4 Leena Koivuniemi (kesk.) syytt\u00e4\u00e4 Ihle\u00e4 (vas.) ja Aueria seksuaali- ja pahoinpitelyrikoksista. Kuva: Roni lehti \/ Lehtikuva ja kalle M\u00e4kel\u00e4 \/ YleTuomarointi on syyt\u00e4 j\u00e4tt\u00e4\u00e4 tuomareille<\/p>\n<p class=\"aw-1gybjub aw-1p7kakr kEtdKx cEmitX yle__article__paragraph\">Anneli Auerin oikeudenk\u00e4ynti her\u00e4tt\u00e4\u00e4 paljon tunteita.<\/p>\n<p class=\"aw-1gybjub aw-1p7kakr kEtdKx cEmitX yle__article__paragraph\">Monilla on my\u00f6s vahva n\u00e4kemys Auerin syyllisyydest\u00e4 tai syytt\u00f6myydest\u00e4.<\/p>\n<p class=\"aw-1gybjub aw-1p7kakr kEtdKx cEmitX yle__article__paragraph\">Jopa joillakin rikostoimittajilla.<\/p>\n<p class=\"aw-1gybjub aw-1p7kakr kEtdKx cEmitX yle__article__paragraph\">Mit\u00e4 vastaan, kun minulta kysyt\u00e4\u00e4n Auerin syyllisyydest\u00e4?<\/p>\n<p class=\"aw-1gybjub aw-1p7kakr kEtdKx cEmitX yle__article__paragraph\">Sanon olevani tyytyv\u00e4inen siihen, etten ole tuomari vaan toimittaja. Ja siksi minun ei tarvitse ratkaista t\u00e4t\u00e4k\u00e4\u00e4n oikeudenk\u00e4ynti\u00e4.<\/p>\n<p class=\"aw-1gybjub aw-1p7kakr kEtdKx cEmitX yle__article__paragraph\">Tiedotusv\u00e4lineiden teht\u00e4v\u00e4 on raportoida oikeudenk\u00e4ynnist\u00e4, siin\u00e4 esitett\u00e4v\u00e4st\u00e4 todistusaineistosta ja tietysti sen lopputuloksesta.<\/p>\n<p class=\"aw-1gybjub aw-1p7kakr kEtdKx cEmitX yle__article__paragraph\">T\u00e4m\u00e4n tapauksen tuomarointi on syyt\u00e4 j\u00e4tt\u00e4\u00e4 Varsinais-Suomen k\u00e4r\u00e4j\u00e4oikeuden tuomareille.<\/p>\n<p class=\"aw-1gybjub aw-1p7kakr kEtdKx cEmitX yle__article__paragraph\">Puolustus on muistuttanut mediassa syytt\u00e4j\u00e4\u00e4, ett\u00e4 sen pit\u00e4\u00e4 joka p\u00e4iv\u00e4 arvioida, onko syytteille en\u00e4\u00e4 perusteita.<\/p>\n<p class=\"aw-1gybjub aw-1p7kakr kEtdKx cEmitX yle__article__paragraph\">Syytt\u00e4j\u00e4 <a class=\"aw-iao6s4 iHOxEa yle__article__link\" href=\"https:\/\/yle.fi\/a\/7-10084387\" role=\"link\" rel=\"nofollow noopener\" target=\"_blank\">totesi viimeksi tiistaina<\/a> oikeudessa, ett\u00e4 kyll\u00e4 on.<\/p>\n<p class=\"aw-1gybjub aw-1p7kakr kEtdKx cEmitX yle__article__paragraph\">Oikeudenk\u00e4ynti jatkuu t\u00e4ytt\u00e4 p\u00e4\u00e4t\u00e4, ja sen on m\u00e4\u00e4r\u00e4 p\u00e4\u00e4tty\u00e4 tammikuussa.<\/p>\n<p class=\"aw-1gybjub aw-1p7kakr kEtdKx cEmitX yle__article__paragraph\">Viel\u00e4 ei ole aika kaataa syytteit\u00e4 eik\u00e4 tuomita ket\u00e4\u00e4n.<\/p>\n","protected":false},"excerpt":{"rendered":"Auer kiisti oikeudessa syytteet ja h\u00e4nen lapsensa peruivat aiemmat puheensa. T\u00e4m\u00e4 ei ollut kuitenkaan viel\u00e4 t\u00e4ss\u00e4, kirjoittaa Ylen&hellip;\n","protected":false},"author":2,"featured_media":106859,"comment_status":"","ping_status":"","sticky":false,"template":"","format":"standard","meta":{"footnotes":""},"categories":[12],"tags":[10877,22,23,26,27,33,31,30,17,71,24,25,28,29,15,18,21,581,4353,32,19,20,16,6472],"class_list":{"0":"post-106858","1":"post","2":"type-post","3":"status-publish","4":"format-standard","5":"has-post-thumbnail","7":"category-suomi","8":"tag-anneli-auer","9":"tag-breaking-news","10":"tag-breakingnews","11":"tag-featured-news","12":"tag-featurednews","13":"tag-fi","14":"tag-finland","15":"tag-finnish","16":"tag-headlines","17":"tag-kotimaa","18":"tag-latest-news","19":"tag-latestnews","20":"tag-main-news","21":"tag-mainnews","22":"tag-news","23":"tag-otsikot","24":"tag-paauutiset","25":"tag-rikokset","26":"tag-seksuaalirikokset","27":"tag-suomi","28":"tag-top-stories","29":"tag-topstories","30":"tag-uutiset","31":"tag-varsinais-suomen-karajaoikeus"},"share_on_mastodon":{"url":"https:\/\/pubeurope.com\/@fi\/115657066905294508","error":""},"_links":{"self":[{"href":"https:\/\/www.europesays.com\/fi\/wp-json\/wp\/v2\/posts\/106858","targetHints":{"allow":["GET"]}}],"collection":[{"href":"https:\/\/www.europesays.com\/fi\/wp-json\/wp\/v2\/posts"}],"about":[{"href":"https:\/\/www.europesays.com\/fi\/wp-json\/wp\/v2\/types\/post"}],"author":[{"embeddable":true,"href":"https:\/\/www.europesays.com\/fi\/wp-json\/wp\/v2\/users\/2"}],"replies":[{"embeddable":true,"href":"https:\/\/www.europesays.com\/fi\/wp-json\/wp\/v2\/comments?post=106858"}],"version-history":[{"count":0,"href":"https:\/\/www.europesays.com\/fi\/wp-json\/wp\/v2\/posts\/106858\/revisions"}],"wp:featuredmedia":[{"embeddable":true,"href":"https:\/\/www.europesays.com\/fi\/wp-json\/wp\/v2\/media\/106859"}],"wp:attachment":[{"href":"https:\/\/www.europesays.com\/fi\/wp-json\/wp\/v2\/media?parent=106858"}],"wp:term":[{"taxonomy":"category","embeddable":true,"href":"https:\/\/www.europesays.com\/fi\/wp-json\/wp\/v2\/categories?post=106858"},{"taxonomy":"post_tag","embeddable":true,"href":"https:\/\/www.europesays.com\/fi\/wp-json\/wp\/v2\/tags?post=106858"}],"curies":[{"name":"wp","href":"https:\/\/api.w.org\/{rel}","templated":true}]}}