{"id":106860,"date":"2025-12-03T18:32:09","date_gmt":"2025-12-03T18:32:09","guid":{"rendered":"https:\/\/www.europesays.com\/fi\/106860\/"},"modified":"2025-12-03T18:32:09","modified_gmt":"2025-12-03T18:32:09","slug":"ford-transit-palaa-poliisiautoksi-ilta-sanomat","status":"publish","type":"post","link":"https:\/\/www.europesays.com\/fi\/106860\/","title":{"rendered":"Ford Transit palaa poliisiautoksi &#8211; Ilta-Sanomat"},"content":{"rendered":"<p>Nyt se on varmaa.<\/p>\n<p class=\"article-body mb-nof-24 px-nof-16\">Legendaarinen Ford Transit palaa Suomen poliisin kalustoon. Asiasta kertoo IS:lle ylitarkastaja <a class=\"article-personlink\" href=\"https:\/\/www.is.fi\/haku\/?query=Jukka%20Rivinen\" rel=\"nofollow noopener\" target=\"_blank\">Jukka Rivinen<\/a> poliisihallituksesta.<\/p>\n<p class=\"article-body mb-nof-24 px-nof-16\">Ensimm\u00e4inen poliisin v\u00e4reihin maalattu Transit saatetaan n\u00e4hd\u00e4 liikenteess\u00e4 viel\u00e4 t\u00e4m\u00e4n vuoden puolella. T\u00e4ll\u00e4 hetkell\u00e4 poliisin pakettiautokalusto on p\u00e4\u00e4osin muodostunut Volkswagen Transportereista ja Mercedes-Benz Vitoista.<\/p>\n<p class=\"article-body mb-nof-24 px-nof-16\">\u2013 Transit on k\u00e4yt\u00e4nn\u00f6ss\u00e4 yhteistuote Transporterin kanssa, eli Volkswagen ja Ford ovat tehneet yhteistuotteen, Rivinen kertoo.<\/p>\n<p class=\"article-body mb-nof-24 px-nof-16\">Rivisen mukaan ensimm\u00e4isi\u00e4 Transiteja jo varustellaan poliisille.<\/p>\n<p class=\"article-body mb-nof-24 px-nof-16\">\u2013 Veikkaan, ett\u00e4 viel\u00e4 t\u00e4m\u00e4n vuoden puolella pyrimme saamaan ainakin ensimm\u00e4isen prototyypin tielle rullaamaan.<\/p>\n<p><img decoding=\"async\" src=\"https:\/\/www.europesays.com\/fi\/wp-content\/uploads\/2025\/12\/1764786729_517_468.jpg\" alt=\"Ford Transit automessuilla.\" class=\"_Img_1rerz_1\" style=\"aspect-ratio:1.3333333333333333\" loading=\"eager\"\/><\/p>\n<p class=\"article-picture-caption\">Ford Transit automessuilla. Kuva:\u00a0Tommi Lempinen<\/p>\n<p class=\"article-body mb-nof-24 px-nof-16\">IS <a class=\"article-genericlink\" href=\"https:\/\/www.is.fi\/autot\/art-2000010841212.html\" rel=\"nofollow noopener\" target=\"_blank\">kertoi<\/a> jo vuosi sitten, ett\u00e4 poliisi harkitsee takavuosikymmenien \u201dmustanamaijana\u201d tunnetun auton palauttamista kalustoon. Silloin p\u00e4\u00e4t\u00f6ksi\u00e4 ei kuitenkaan ollut viel\u00e4 tehty.<\/p>\n<p class=\"article-body mb-nof-24 px-nof-16\">Transit oli eritt\u00e4in suosittu pakettiauto poliisiin k\u00e4yt\u00f6ss\u00e4 Suomessa takavuosikymmenin\u00e4.<\/p>\n<p class=\"article-body mb-nof-24 px-nof-16\">\u2013\u2009Ford Transit oli poliisin k\u00e4yt\u00f6ss\u00e4 vuosina 1973\u20132005. Volkswagen Transporter valtasi Transitin paikan poliisin ajokalustossa 1990-luvulla niin, ett\u00e4 vuosituhannen vaihteessa virkavallalla oli k\u00e4yt\u00f6ss\u00e4\u00e4n en\u00e4\u00e4 kolmisenkymment\u00e4 Transitia, kertoi tietokirjailija <a class=\"article-personlink\" href=\"https:\/\/www.is.fi\/haku\/?query=Juha%20Partanen\" rel=\"nofollow noopener\" target=\"_blank\">Juha Partanen<\/a>, joka on koostanut Fordin satavuotishistoriikkia Suomessa.<\/p>\n<p class=\"article-body mb-nof-24 px-nof-16\">Partasen mukaan viimeiset poliisitunnukselliset Transit-mallit poistuivat katukuvasta vuoden 2005 paikkeilla.<\/p>\n","protected":false},"excerpt":{"rendered":"Nyt se on varmaa. Legendaarinen Ford Transit palaa Suomen poliisin kalustoon. Asiasta kertoo IS:lle ylitarkastaja Jukka Rivinen poliisihallituksesta.&hellip;\n","protected":false},"author":2,"featured_media":106861,"comment_status":"","ping_status":"","sticky":false,"template":"","format":"standard","meta":{"footnotes":""},"categories":[5],"tags":[22,23,26,27,33,31,30,17,34,24,25,28,29,15,18,21,32,19,20,16],"class_list":{"0":"post-106860","1":"post","2":"type-post","3":"status-publish","4":"format-standard","5":"has-post-thumbnail","7":"category-otsikot","8":"tag-breaking-news","9":"tag-breakingnews","10":"tag-featured-news","11":"tag-featurednews","12":"tag-fi","13":"tag-finland","14":"tag-finnish","15":"tag-headlines","16":"tag-ilta-sanomat","17":"tag-latest-news","18":"tag-latestnews","19":"tag-main-news","20":"tag-mainnews","21":"tag-news","22":"tag-otsikot","23":"tag-paauutiset","24":"tag-suomi","25":"tag-top-stories","26":"tag-topstories","27":"tag-uutiset"},"share_on_mastodon":{"url":"https:\/\/pubeurope.com\/@fi\/115657070584963464","error":""},"_links":{"self":[{"href":"https:\/\/www.europesays.com\/fi\/wp-json\/wp\/v2\/posts\/106860","targetHints":{"allow":["GET"]}}],"collection":[{"href":"https:\/\/www.europesays.com\/fi\/wp-json\/wp\/v2\/posts"}],"about":[{"href":"https:\/\/www.europesays.com\/fi\/wp-json\/wp\/v2\/types\/post"}],"author":[{"embeddable":true,"href":"https:\/\/www.europesays.com\/fi\/wp-json\/wp\/v2\/users\/2"}],"replies":[{"embeddable":true,"href":"https:\/\/www.europesays.com\/fi\/wp-json\/wp\/v2\/comments?post=106860"}],"version-history":[{"count":0,"href":"https:\/\/www.europesays.com\/fi\/wp-json\/wp\/v2\/posts\/106860\/revisions"}],"wp:featuredmedia":[{"embeddable":true,"href":"https:\/\/www.europesays.com\/fi\/wp-json\/wp\/v2\/media\/106861"}],"wp:attachment":[{"href":"https:\/\/www.europesays.com\/fi\/wp-json\/wp\/v2\/media?parent=106860"}],"wp:term":[{"taxonomy":"category","embeddable":true,"href":"https:\/\/www.europesays.com\/fi\/wp-json\/wp\/v2\/categories?post=106860"},{"taxonomy":"post_tag","embeddable":true,"href":"https:\/\/www.europesays.com\/fi\/wp-json\/wp\/v2\/tags?post=106860"}],"curies":[{"name":"wp","href":"https:\/\/api.w.org\/{rel}","templated":true}]}}