{"id":106862,"date":"2025-12-03T18:44:13","date_gmt":"2025-12-03T18:44:13","guid":{"rendered":"https:\/\/www.europesays.com\/fi\/106862\/"},"modified":"2025-12-03T18:44:13","modified_gmt":"2025-12-03T18:44:13","slug":"hanna-kinnunen-lopetti-paivatyonsa-radiossa-tallaista-arki-on-nyt","status":"publish","type":"post","link":"https:\/\/www.europesays.com\/fi\/106862\/","title":{"rendered":"Hanna Kinnunen lopetti p\u00e4iv\u00e4ty\u00f6ns\u00e4 radiossa \u2013 T\u00e4llaista arki on nyt"},"content":{"rendered":"<p>Hanna Kinnusen arki t\u00e4yttyy n\u00e4yttelemisest\u00e4, musiikista, radioty\u00f6st\u00e4 ja kirjan kirjoittamisesta.<\/p>\n<p class=\"paragraph\">Kun <a href=\"https:\/\/www.iltalehti.fi\/henkilot\/Hanna Kinnunen\" class=\"article-link-person-page\" rel=\"nofollow noopener\" target=\"_blank\">Hanna Kinnuselta<\/a> kysyt\u00e4\u00e4n vapaa-ajasta, h\u00e4n puhkeaa nauruun.<\/p>\n<p class=\"paragraph\">\u2013 Ai mik\u00e4? h\u00e4n kysyy takaisin.<\/p>\n<p class=\"paragraph\">N\u00e4yttelij\u00e4n\u00e4 ja radiojuontajana tunnetun Kinnusen, 45, oli tarkoitus viett\u00e4\u00e4 t\u00e4n\u00e4 vuonna tavallista rauhallisempaa arkea. Alkuvuodesta <a href=\"https:\/\/www.iltalehti.fi\/viihdeuutiset\/dcfdf273-c35d-4e81-a84f-67ce2c04b4c5\" rel=\"nofollow noopener\" target=\"_blank\">Kinnunen v\u00e4hensi t\u00f6it\u00e4\u00e4n Aito Iskelm\u00e4 -radiokanavalla<\/a>.<\/p>\n<p class=\"paragraph\">\u2013 Tein kauhean numeron vuosi sitten, ett\u00e4 t\u00e4m\u00e4 vuosi olisi mulle tosi rento. Ei se nyt olekaan ollut ihan niin rento kuin ajattelin, Kinnunen my\u00f6nt\u00e4\u00e4 nauraen.<\/p>\n<p><img decoding=\"async\" class=\"image image-show image-preview\" src=\"https:\/\/www.europesays.com\/fi\/wp-content\/uploads\/2025\/12\/8c194b583db0bb4089f7f1e5776256dac5448c0f7e03379df86ad88aec81b7d8.jpg\" alt=\"\"\/><img decoding=\"async\" class=\"image image-show\" src=\"https:\/\/www.europesays.com\/fi\/wp-content\/uploads\/2025\/12\/1764787453_378_8c194b583db0bb4089f7f1e5776256dac5448c0f7e03379df86ad88aec81b7d8.jpg\" alt=\"\"\/><\/p>\n<p>Hanna Kinnunen luopui alkuvuodesta p\u00e4ivitt\u00e4isest\u00e4 radio-ohjelmastaan. Pete Anikari<\/p>\n<p class=\"paragraph\">Radiot\u00f6it\u00e4 Kinnunen tekee edelleen parina p\u00e4iv\u00e4n\u00e4 viikossa, mink\u00e4 lis\u00e4ksi h\u00e4n esiintyy Salatut el\u00e4m\u00e4t -sarjassa r\u00e4v\u00e4k\u00e4n Salla Taalasmaan roolissa. Samaan aikaan Kinnunen on edist\u00e4nyt viime vuosina uudelleen her\u00e4telty\u00e4 musiikkiuraansa.<\/p>\n<p class=\"paragraph\">Kiireist\u00e4 huolimatta vapaa-aikaa on ollut enemm\u00e4n kuin vuosiin. Nyky\u00e4\u00e4n Kinnunen saattaa viett\u00e4\u00e4 arkiaamujaan joogaten kynttil\u00e4nvalossa tai kirjoittaen tietokoneellaan pyjamahousut edelleen jalassa.<\/p>\n<p class=\"paragraph\">\u2013 On tehnyt hirvitt\u00e4v\u00e4n hyv\u00e4\u00e4 saada aivokaistaa vapaaksi radion tekemisest\u00e4, sill\u00e4 p\u00e4ivitt\u00e4isen l\u00e4hetyksen tekeminen on todella intensiivist\u00e4. Luovuudelle on tullut todella paljon tilaa, Kinnunen kertoo.<\/p>\n<p>Isois\u00e4n tarina<\/p>\n<p class=\"paragraph\">Kinnunen on ryhtynyt ty\u00f6st\u00e4m\u00e4\u00e4n t\u00e4n\u00e4 vuonna t\u00e4ysin uutta projektia: kirjaa. Kinnunen kirjoittaa autofiktiivist\u00e4 romaania, joka kertoo h\u00e4nen isois\u00e4ns\u00e4 tarinan. Isois\u00e4 kaapattiin jatkosodan aikana 14-vuotiaana Neuvostoliittoon, jossa h\u00e4nt\u00e4 pidettiin vankina. My\u00f6hemmin neuvostoliittolaiset sotilaat yrittiv\u00e4t v\u00e4rv\u00e4t\u00e4 h\u00e4net vakoojaksi. Mies ei suostunut, mutta Suomessa h\u00e4n joutui useaksi vuodeksi vankilaan syytt\u00f6m\u00e4n\u00e4 alaik\u00e4isen\u00e4.<\/p>\n<p class=\"paragraph\">Kinnusen isois\u00e4 kuoli yli kaksikymment\u00e4 vuotta sitten. Ennen kuolemaansa isois\u00e4 kertoi koko tarinansa pojalleen, Kinnusen is\u00e4lle. T\u00e4m\u00e4 digitoitu haastattelu toimii pohjana Kinnusen kirjalle.<\/p>\n<p class=\"paragraph\">\u2013 Pappa ei ennen kuolemaansa antanut minun tutustua haastatteluun. Olin noin kahdeksantoistavuotias ja h\u00e4n sanoi, ett\u00e4 minun on odotettava, ett\u00e4 olen itse aikuisempi, sill\u00e4 se ei ole mik\u00e4\u00e4n n\u00e4tti tarina. H\u00e4n pyysi, ett\u00e4 sitten kun mummusta aika j\u00e4tt\u00e4\u00e4, min\u00e4 kertoisin h\u00e4nen tarinansa, Kinnunen kertoo.<\/p>\n<p class=\"paragraph\">Iso\u00e4iti kuoli pari vuotta sitten. Siit\u00e4 asti Kinnunen on haudutellut mieless\u00e4\u00e4n, milloin olisi oikea hetki ryhty\u00e4 kirjoittamaan kirjaa. T\u00e4n\u00e4 vuonna Kinnunen on kaivellut arkistoja ja l\u00f6yt\u00e4nyt vanhoja kuulustelup\u00f6yt\u00e4kirjoja ajalta, jolloin isois\u00e4 joutui Suomessa vangituksi. Kinnunen ehti haastatella iso\u00e4iti\u00e4\u00e4n ennen t\u00e4m\u00e4n kuolemaa, jotta t\u00e4m\u00e4kin p\u00e4\u00e4si kertomaan tarinan omasta n\u00e4k\u00f6kulmastaan.<\/p>\n<p>Hanna Kinnunen kirjoittaa kirjaa isois\u00e4st\u00e4\u00e4n. Pete Anikari<\/p>\n<p class=\"paragraph\">Isois\u00e4n haastattelumateriaaleihin Kinnunen tarttui ensimm\u00e4ist\u00e4 kertaa vasta muutama vuosi sitten. Vaati monta yrityst\u00e4, ett\u00e4 h\u00e4n p\u00e4\u00e4si etenem\u00e4\u00e4n lukemisessa, tunnevy\u00f6ry oli niin suuri. Kun Kinnunen lopulta sukelsi 14-vuotiaan isois\u00e4ns\u00e4 kokemuksiin, h\u00e4nen oma poikansa oli saman ik\u00e4inen.<\/p>\n<p class=\"paragraph\">\u2013 Aloin ajatella, ett\u00e4 mit\u00e4 jos pojalleni k\u00e4visi nyt n\u00e4in, mit\u00e4 kaikkea pappani joutui kest\u00e4m\u00e4\u00e4n ja miten h\u00e4n pystyi olemaan niin l\u00e4mmin ja rakastava ihminen, Kinnunen muistelee.<\/p>\n<p class=\"paragraph\">Kinnunen toivoo saavansa kirjan julki vuoden p\u00e4\u00e4st\u00e4, kun h\u00e4nen is\u00e4ns\u00e4 t\u00e4ytt\u00e4\u00e4 70 vuotta. Pian t\u00e4m\u00e4n j\u00e4lkeen papan syntym\u00e4st\u00e4 tulee kuluneeksi 100 vuotta.<\/p>\n<p class=\"paragraph\">\u2013 Pappa opetti, ett\u00e4 t\u00e4rkeint\u00e4 el\u00e4m\u00e4ss\u00e4 on l\u00e4himm\u00e4isenrakkaus ja vapaus on suurinta valuuttaa, mit\u00e4 meill\u00e4 voi olla. Mill\u00e4\u00e4n rahalla ei loppujen lopuksi ole merkityst\u00e4, jos et ole vapaa, Kinnunen sanoo.<\/p>\n<p>Musiikkiuraa<\/p>\n<p class=\"paragraph\">Kirjaprojektinsa ja muiden t\u00f6idens\u00e4 ohella Kinnunen on tehnyt musiikkia. Joulukuussa Kinnunen l\u00e4htee kahdeksan paikkakuntaa kattavalle Syd\u00e4nten joulu -joulukiertueelle. Kiertueen alla ilmestyy Kinnusen joululaulu Syd\u00e4nten joulu. Kinnunen ideoi kappaleen nimen ja raamit, tuottaja <strong>Markus Koskinen<\/strong> loi idean pohjalta kappaleen.<\/p>\n<p>Hanna Kinnunen l\u00e4htee pian joulukiertueelle. Pete Anikari<\/p>\n<p class=\"paragraph\">Marraskuun lopussa ilmestynyt kappale sai radiosoittoa Jouluradiossa jo ennen virallista ilmestymist\u00e4\u00e4n.<\/p>\n<p class=\"paragraph\">\u2013 Muutamat ovat bonganneet ja hoksanneet, ett\u00e4 se on minun laulama kappale. Olen saanut siit\u00e4 ihania viestej\u00e4, Kinnunen kertoo.<\/p>\n<p class=\"paragraph\">Tammikuulle on kaavailtu jo seuraavan kappaleen julkaisu. Kinnunen sanoo tekev\u00e4ns\u00e4 musiikkia nyt tosissaan, vaikka miss\u00e4\u00e4n vaiheessa h\u00e4n ei ajatellut, ett\u00e4 l\u00e4htisi en\u00e4\u00e4 t\u00e4ysill\u00e4 panostamaan musiikkiuraansa.<\/p>\n<p class=\"paragraph\">\u2013 Mutta mielenkiinnolla ja l\u00e4mpim\u00e4ll\u00e4 uteliaisuudella tutkin, mit\u00e4 t\u00e4ss\u00e4 nyt tapahtuu. Se olisi monen asian summa, ett\u00e4 t\u00e4m\u00e4 musiikkihomma l\u00e4htisi niin isoksi, ett\u00e4 se sulkisi muita juttuja pois. Siin\u00e4 pisteess\u00e4 ei olla nyt enk\u00e4 tied\u00e4, ollaanko miss\u00e4\u00e4n vaiheessa. Mutta nyt teen, ja olen todella iloinen siit\u00e4.<\/p>\n","protected":false},"excerpt":{"rendered":"Hanna Kinnusen arki t\u00e4yttyy n\u00e4yttelemisest\u00e4, musiikista, radioty\u00f6st\u00e4 ja kirjan kirjoittamisesta. Kun Hanna Kinnuselta kysyt\u00e4\u00e4n vapaa-ajasta, h\u00e4n puhkeaa nauruun.&hellip;\n","protected":false},"author":2,"featured_media":106863,"comment_status":"","ping_status":"","sticky":false,"template":"","format":"standard","meta":{"footnotes":""},"categories":[136],"tags":[35,138,407,137,33,31,30,408,99,47,98,32,484,109],"class_list":{"0":"post-106862","1":"post","2":"type-post","3":"status-publish","4":"format-standard","5":"has-post-thumbnail","7":"category-julkkikset","8":"tag-24h","9":"tag-audio","10":"tag-celebrities","11":"tag-entertainment","12":"tag-fi","13":"tag-finland","14":"tag-finnish","15":"tag-julkkikset","16":"tag-lapset","17":"tag-musiikki","18":"tag-perhe","19":"tag-suomi","20":"tag-taiteellinen-ilmaisu-ja-mediat","21":"tag-viihde"},"share_on_mastodon":{"url":"https:\/\/pubeurope.com\/@fi\/115657118264009899","error":""},"_links":{"self":[{"href":"https:\/\/www.europesays.com\/fi\/wp-json\/wp\/v2\/posts\/106862","targetHints":{"allow":["GET"]}}],"collection":[{"href":"https:\/\/www.europesays.com\/fi\/wp-json\/wp\/v2\/posts"}],"about":[{"href":"https:\/\/www.europesays.com\/fi\/wp-json\/wp\/v2\/types\/post"}],"author":[{"embeddable":true,"href":"https:\/\/www.europesays.com\/fi\/wp-json\/wp\/v2\/users\/2"}],"replies":[{"embeddable":true,"href":"https:\/\/www.europesays.com\/fi\/wp-json\/wp\/v2\/comments?post=106862"}],"version-history":[{"count":0,"href":"https:\/\/www.europesays.com\/fi\/wp-json\/wp\/v2\/posts\/106862\/revisions"}],"wp:featuredmedia":[{"embeddable":true,"href":"https:\/\/www.europesays.com\/fi\/wp-json\/wp\/v2\/media\/106863"}],"wp:attachment":[{"href":"https:\/\/www.europesays.com\/fi\/wp-json\/wp\/v2\/media?parent=106862"}],"wp:term":[{"taxonomy":"category","embeddable":true,"href":"https:\/\/www.europesays.com\/fi\/wp-json\/wp\/v2\/categories?post=106862"},{"taxonomy":"post_tag","embeddable":true,"href":"https:\/\/www.europesays.com\/fi\/wp-json\/wp\/v2\/tags?post=106862"}],"curies":[{"name":"wp","href":"https:\/\/api.w.org\/{rel}","templated":true}]}}