{"id":106866,"date":"2025-12-03T18:49:08","date_gmt":"2025-12-03T18:49:08","guid":{"rendered":"https:\/\/www.europesays.com\/fi\/106866\/"},"modified":"2025-12-03T18:49:08","modified_gmt":"2025-12-03T18:49:08","slug":"sisu-2-pyorii-viela-elokuvateattereissa-mutta-blu-ray-on-jo-myynnissa-suomessa","status":"publish","type":"post","link":"https:\/\/www.europesays.com\/fi\/106866\/","title":{"rendered":"Sisu 2 py\u00f6rii viel\u00e4 elokuvateattereissa, mutta Blu-ray on jo myynniss\u00e4 Suomessa"},"content":{"rendered":"<p>Sisu 2 on py\u00f6rinyt Suomen valkokankailla reilun kuukauden ja ker\u00e4nnyt t\u00e4ss\u00e4 ajassa liki 130 000 katsojaa.<\/p>\n<p>Vaikka <a href=\"https:\/\/muropaketti.com\/avainsana\/sisu-2\/\" rel=\"nofollow noopener\" target=\"_blank\">Sisu 2:a<\/a> ei varmasti p\u00e4\u00e4st\u00e4 katsomaan kotona viel\u00e4 pitk\u00e4\u00e4n aikaan, on <a href=\"https:\/\/www.levykauppax.fi\/search\/?q=sisu+2\" target=\"_blank\" rel=\"noreferrer noopener nofollow\">Levykauppa \u00c4x<\/a> ehtinyt jo aloittaa fyysisten tallenteiden ennakkomyynnin.<\/p>\n<p>Myynniss\u00e4 ovat sek\u00e4 dvd (15,99 \u20ac), Blu-ray (19,99 \u20ac) ett\u00e4 erilaiset 4K UHD -julkaisut (31,99 ja 37,99 euroa).<\/p>\n<p>\u201d\u00c4xclusive slipcase kera kohopainatuksen ynn\u00e4 muun! T\u00e4m\u00e4 tarjolla vain jouluun asti\u201d, hehkutetaan \u00c4x\u00e4n sivuilla.<\/p>\n<p>Sisu 2:n fyysisten tallenteiden ilmestymisp\u00e4iv\u00e4ksi on merkitty kaupassa 31.12.2026, mutta samalla julkaisuajankohdan vahvistetaan varmistuvan vasta my\u00f6hemmin.<\/p>\n<p>Ensimm\u00e4inen Sisu sai ensi-iltansa Suomessa tammikuussa 2023, ja tuli kotikatseluun vod-kanavien kautta vasta saman vuoden elokuussa suunnilleen samaan aikaan dvd- ja Blu-ray -julkaisujen kanssa.<\/p>\n<p>Sisu 2 tuskin tulee kotiteattereihin yht\u00e4\u00e4n nopeammin, joten Levykauppa \u00c4x\u00e4st\u00e4 elokuvan tilaavat voivat varautua vartomaan Aatami Korpea kotiin pitk\u00e4lle ensi kev\u00e4\u00e4seen asti, ehk\u00e4 jopa aina kes\u00e4n kynnykselle.<\/p>\n","protected":false},"excerpt":{"rendered":"Sisu 2 on py\u00f6rinyt Suomen valkokankailla reilun kuukauden ja ker\u00e4nnyt t\u00e4ss\u00e4 ajassa liki 130 000 katsojaa. Vaikka Sisu&hellip;\n","protected":false},"author":2,"featured_media":44603,"comment_status":"","ping_status":"","sticky":false,"template":"","format":"standard","meta":{"footnotes":""},"categories":[131],"tags":[155,137,33,173,31,30,172,3297,3298,32,109],"class_list":{"0":"post-106866","1":"post","2":"type-post","3":"status-publish","4":"format-standard","5":"has-post-thumbnail","7":"category-elokuvat","8":"tag-elokuvat","9":"tag-entertainment","10":"tag-fi","11":"tag-film","12":"tag-finland","13":"tag-finnish","14":"tag-movies","15":"tag-sisu","16":"tag-sisu-2","17":"tag-suomi","18":"tag-viihde"},"share_on_mastodon":{"url":"https:\/\/pubeurope.com\/@fi\/115657137387657449","error":""},"_links":{"self":[{"href":"https:\/\/www.europesays.com\/fi\/wp-json\/wp\/v2\/posts\/106866","targetHints":{"allow":["GET"]}}],"collection":[{"href":"https:\/\/www.europesays.com\/fi\/wp-json\/wp\/v2\/posts"}],"about":[{"href":"https:\/\/www.europesays.com\/fi\/wp-json\/wp\/v2\/types\/post"}],"author":[{"embeddable":true,"href":"https:\/\/www.europesays.com\/fi\/wp-json\/wp\/v2\/users\/2"}],"replies":[{"embeddable":true,"href":"https:\/\/www.europesays.com\/fi\/wp-json\/wp\/v2\/comments?post=106866"}],"version-history":[{"count":0,"href":"https:\/\/www.europesays.com\/fi\/wp-json\/wp\/v2\/posts\/106866\/revisions"}],"wp:featuredmedia":[{"embeddable":true,"href":"https:\/\/www.europesays.com\/fi\/wp-json\/wp\/v2\/media\/44603"}],"wp:attachment":[{"href":"https:\/\/www.europesays.com\/fi\/wp-json\/wp\/v2\/media?parent=106866"}],"wp:term":[{"taxonomy":"category","embeddable":true,"href":"https:\/\/www.europesays.com\/fi\/wp-json\/wp\/v2\/categories?post=106866"},{"taxonomy":"post_tag","embeddable":true,"href":"https:\/\/www.europesays.com\/fi\/wp-json\/wp\/v2\/tags?post=106866"}],"curies":[{"name":"wp","href":"https:\/\/api.w.org\/{rel}","templated":true}]}}