{"id":106873,"date":"2025-12-03T18:56:07","date_gmt":"2025-12-03T18:56:07","guid":{"rendered":"https:\/\/www.europesays.com\/fi\/106873\/"},"modified":"2025-12-03T18:56:07","modified_gmt":"2025-12-03T18:56:07","slug":"stubb-ja-erdogan-keskustelivat-ukrainasta-ja-lahi-idasta-turkilla-on-tarkea-rooli-konfliktien-ratkaisuissa","status":"publish","type":"post","link":"https:\/\/www.europesays.com\/fi\/106873\/","title":{"rendered":"Stubb ja Erdogan keskustelivat Ukrainasta ja L\u00e4hi-id\u00e4st\u00e4 \u2013 \u201dTurkilla on t\u00e4rke\u00e4 rooli konfliktien ratkaisuissa\u201d"},"content":{"rendered":"<p>Presidentti<strong> Alexander Stubb <\/strong>on keskustellut Turkin presidentti <strong>Recep Tayyip Erdoganin<\/strong> kanssa. Stubb kertoi asiasta keskiviikkona <a href=\"https:\/\/x.com\/alexstubb\/status\/1996221619962880106\" rel=\"nofollow\">viestipalvelu X:ss\u00e4<\/a>.<\/p>\n<p>Stubbin mukaan presidentit puhuivat pyrkimyksist\u00e4 p\u00e4\u00e4tt\u00e4\u00e4 Ven\u00e4j\u00e4n hy\u00f6kk\u00e4yssota Ukrainassa sek\u00e4 L\u00e4hi-id\u00e4n ajankohtaisesta tilanteesta.<\/p>\n<p>Stubb kirjoittaa, ett\u00e4 Turkilla on t\u00e4rke\u00e4 rooli molempien konfliktien ratkaisuissa. Lis\u00e4ksi h\u00e4n kertoo, ett\u00e4 presidentit jatkavat ty\u00f6t\u00e4 rauhan eteen yhdess\u00e4.<\/p>\n<p>Ven\u00e4j\u00e4n presidentti <strong>Vladimir Putin <\/strong>ja Yhdysvaltain edustajat tapasivat tiistaina Moskovassa ja keskustelivat sodan p\u00e4\u00e4tt\u00e4misest\u00e4 Ukrainassa.<\/p>\n","protected":false},"excerpt":{"rendered":"Presidentti Alexander Stubb on keskustellut Turkin presidentti Recep Tayyip Erdoganin kanssa. Stubb kertoi asiasta keskiviikkona viestipalvelu X:ss\u00e4. Stubbin&hellip;\n","protected":false},"author":2,"featured_media":106874,"comment_status":"","ping_status":"","sticky":false,"template":"","format":"standard","meta":{"footnotes":""},"categories":[14],"tags":[22,23,26,27,33,31,30,17,24,25,28,29,15,18,21,32,19,20,56,16,59,60,61],"class_list":{"0":"post-106873","1":"post","2":"type-post","3":"status-publish","4":"format-standard","5":"has-post-thumbnail","7":"category-ulkomaat","8":"tag-breaking-news","9":"tag-breakingnews","10":"tag-featured-news","11":"tag-featurednews","12":"tag-fi","13":"tag-finland","14":"tag-finnish","15":"tag-headlines","16":"tag-latest-news","17":"tag-latestnews","18":"tag-main-news","19":"tag-mainnews","20":"tag-news","21":"tag-otsikot","22":"tag-paauutiset","23":"tag-suomi","24":"tag-top-stories","25":"tag-topstories","26":"tag-ulkomaat","27":"tag-uutiset","28":"tag-world","29":"tag-world-news","30":"tag-worldnews"},"share_on_mastodon":{"url":"https:\/\/pubeurope.com\/@fi\/115657164980548295","error":""},"_links":{"self":[{"href":"https:\/\/www.europesays.com\/fi\/wp-json\/wp\/v2\/posts\/106873","targetHints":{"allow":["GET"]}}],"collection":[{"href":"https:\/\/www.europesays.com\/fi\/wp-json\/wp\/v2\/posts"}],"about":[{"href":"https:\/\/www.europesays.com\/fi\/wp-json\/wp\/v2\/types\/post"}],"author":[{"embeddable":true,"href":"https:\/\/www.europesays.com\/fi\/wp-json\/wp\/v2\/users\/2"}],"replies":[{"embeddable":true,"href":"https:\/\/www.europesays.com\/fi\/wp-json\/wp\/v2\/comments?post=106873"}],"version-history":[{"count":0,"href":"https:\/\/www.europesays.com\/fi\/wp-json\/wp\/v2\/posts\/106873\/revisions"}],"wp:featuredmedia":[{"embeddable":true,"href":"https:\/\/www.europesays.com\/fi\/wp-json\/wp\/v2\/media\/106874"}],"wp:attachment":[{"href":"https:\/\/www.europesays.com\/fi\/wp-json\/wp\/v2\/media?parent=106873"}],"wp:term":[{"taxonomy":"category","embeddable":true,"href":"https:\/\/www.europesays.com\/fi\/wp-json\/wp\/v2\/categories?post=106873"},{"taxonomy":"post_tag","embeddable":true,"href":"https:\/\/www.europesays.com\/fi\/wp-json\/wp\/v2\/tags?post=106873"}],"curies":[{"name":"wp","href":"https:\/\/api.w.org\/{rel}","templated":true}]}}