{"id":106876,"date":"2025-12-03T18:58:07","date_gmt":"2025-12-03T18:58:07","guid":{"rendered":"https:\/\/www.europesays.com\/fi\/106876\/"},"modified":"2025-12-03T18:58:07","modified_gmt":"2025-12-03T18:58:07","slug":"valtonen-moskovan-neuvotteluista-en-pidattaisi-hengitystani-kotimaa","status":"publish","type":"post","link":"https:\/\/www.europesays.com\/fi\/106876\/","title":{"rendered":"Valtonen Moskovan neuvotteluista: En pid\u00e4tt\u00e4isi hengityst\u00e4ni | Kotimaa"},"content":{"rendered":"<p class=\"aw-1gybjub aw-1p7kakr kEtdKx cEmitX yle__article__paragraph\">Ulkoministeri <strong class=\"aw-ak79eh KyCXm yle__article__strong\">Elina Valtonen<\/strong> (kok.) muistuttaa, ett\u00e4 Ukrainan rauhansopimuksen kohdista, jotka liittyv\u00e4t Natoon, p\u00e4\u00e4tt\u00e4\u00e4 ainoastaan Nato itse. Naton ulkoministerit keskustelivat t\u00e4n\u00e4\u00e4n keskiviikkona Ukrainan tilanteesta.<\/p>\n<p class=\"aw-1gybjub aw-1p7kakr kEtdKx cEmitX yle__article__paragraph\">Ulkoministeri Elina Valtosen mukaan ulkoministerit toivottivat tervetulleiksi Yhdysvaltain presidentin <strong class=\"aw-ak79eh KyCXm yle__article__strong\">Donald<\/strong> <strong class=\"aw-ak79eh KyCXm yle__article__strong\">Trumpin<\/strong> pyrkimykset kohti rauhaa.<\/p>\n<p class=\"aw-1gybjub aw-1p7kakr kEtdKx cEmitX yle__article__paragraph\">Ven\u00e4j\u00e4 on suurin ja pitk\u00e4aikaisin uhka transatlanttiselle turvallisuudelle, Valtonen toteaa.<\/p>\n<p class=\"aw-1gybjub aw-1p7kakr kEtdKx cEmitX yle__article__paragraph\">\u2013 Olimme yksimielisi\u00e4 siit\u00e4, ett\u00e4 Ven\u00e4j\u00e4n uhka tulee s\u00e4ilym\u00e4\u00e4n riippumatta siit\u00e4, millainen mahdollinen rauhansopimus Ukrainaan saadaan, Valtonen kommentoi kokouksen antia medialle j\u00e4rjestetyss\u00e4 tiedotustilaisuudessa.<\/p>\n<p class=\"aw-1gybjub aw-1p7kakr kEtdKx cEmitX yle__article__paragraph\">Ven\u00e4j\u00e4n hy\u00f6kk\u00e4yssota on k\u00e4ynnist\u00e4nyt Valtosen mukaan Natossa muutoksen ja palauttanut sen ydinteht\u00e4v\u00e4ns\u00e4 pariin eli pelotteen luomiseen ja puolustuksen vahvistamiseen.<\/p>\n<p class=\"aw-1gybjub aw-1p7kakr kEtdKx cEmitX yle__article__paragraph\">Ulkoministerit keskustelivat my\u00f6s siit\u00e4, millainen vaikutus mahdollisella rauhalla ja turvallisuusj\u00e4rjestelyill\u00e4 on liittokunnan asemaan.<\/p>\n<p class=\"aw-1gybjub aw-1p7kakr kEtdKx cEmitX yle__article__paragraph\">Yhdysvallat ja Ven\u00e4j\u00e4 <a class=\"aw-iao6s4 iHOxEa yle__article__link\" href=\"https:\/\/yle.fi\/a\/74-20197519\" role=\"link\" rel=\"nofollow noopener\" target=\"_blank\">ovat keskustelleet mahdollisuudesta rauhaan<\/a>. Yksityiskohdista ei ole juuri kerrottu julkisuuteen, mutta <a class=\"aw-iao6s4 iHOxEa yle__article__link\" href=\"https:\/\/yle.fi\/a\/74-20010573\/64-3-284020?utm_medium=social&amp;utm_source=copy-link-share\" role=\"link\" rel=\"nofollow noopener\" target=\"_blank\">Kremlin mukaan<\/a> Ukrainan mahdollisuus hakea Naton j\u00e4seneksi on ollut neuvotteluissa yksi hyvin keskeinen kysymys. Yhdysvaltain rauhansuunnitelmassa Ukraina ei liittyisi Natoon.<\/p>\n<p class=\"aw-1gybjub aw-1p7kakr kEtdKx cEmitX yle__article__paragraph\">Valtonen painotti, ett\u00e4 rauhansopimuksen Natoa koskevista elementeist\u00e4 p\u00e4\u00e4tt\u00e4\u00e4 vain ja ainoastaan Nato, eik\u00e4 niit\u00e4 voi sanella ulkopuolelta.<\/p>\n<p class=\"aw-1gybjub aw-1p7kakr kEtdKx cEmitX yle__article__paragraph\">\u2013 Pelk\u00e4st\u00e4\u00e4n Ven\u00e4j\u00e4n paperiin piirustama puumerkki ei rauhaa itsess\u00e4\u00e4n takaa, vaan Ukraina tarvitsee tietysti vahvat omat puolustuskyvyt ja tukea meilt\u00e4 t\u00e4st\u00e4 eteenp\u00e4in.<\/p>\n<p class=\"aw-1gybjub aw-1p7kakr kEtdKx cEmitX yle__article__paragraph\">Valtonen kertoo saaneensa ukrainalaisilta kollegoiltaan tietoa Moskovassa k\u00e4ydyist\u00e4 keskusteluista.<\/p>\n<p class=\"aw-1gybjub aw-1p7kakr kEtdKx cEmitX yle__article__paragraph\">\u2013 L\u00e4pimurtoa ei ole syntynyt. Seuraava askelmerkki on, ett\u00e4 yhdysvaltalaiset vuorostaan k\u00e4yv\u00e4t ukrainalaisten kanssa t\u00e4m\u00e4n antia l\u00e4pi. Itse en pid\u00e4tt\u00e4isi hengityst\u00e4ni, ett\u00e4 t\u00e4m\u00e4 v\u00e4ltt\u00e4m\u00e4tt\u00e4 johtaa t\u00e4ss\u00e4k\u00e4\u00e4n kaarteessa pysyv\u00e4\u00e4n rauhansopimukseen, Valtoinen sanoi.<\/p>\n<p class=\"aw-1gybjub aw-1p7kakr kEtdKx cEmitX yle__article__paragraph\">\u2013 Kollegani muistutti omassa puheenvuorossaan, ett\u00e4 meill\u00e4 Euroopassa on kokemusta siit\u00e4, ett\u00e4 ep\u00e4oikeudenmukainen rauha ei sitten tosiasiassa olekaan kovin pysyv\u00e4.<\/p>\n<p class=\"aw-1gybjub aw-1p7kakr kEtdKx cEmitX yle__article__paragraph\">Valtosen mukaan t\u00e4rke\u00e4\u00e4 olisi nyt saada aikaan pit\u00e4v\u00e4 tulitauko, jotta aidot neuvottelut voitaisiin k\u00e4yd\u00e4 rauhassa.<\/p>\n<p class=\"aw-1gybjub aw-1p7kakr kEtdKx cEmitX yle__article__paragraph\">\u2013 Laajempaan tulitauko- ja rauhansopimukseen liittyy niin paljon elementtej\u00e4, ett\u00e4 niit\u00e4 pit\u00e4isi rauhassa k\u00e4yd\u00e4 l\u00e4pi.<\/p>\n<p>Valtonen: Kest\u00e4v\u00e4 rauha on my\u00f6s Yhdysvaltain intressi<\/p>\n<p class=\"aw-1gybjub aw-1p7kakr kEtdKx cEmitX yle__article__paragraph\">Ylen Nato-erikoistoimittaja <strong class=\"aw-ak79eh KyCXm yle__article__strong\">Maria Stenroos<\/strong> kysyi Valtoselta, voidaanko luottaa siihen, ett\u00e4 Yhdysvallat edist\u00e4\u00e4 sellaista rauhaa kuin Eurooppa toivoo.<\/p>\n<p class=\"aw-1gybjub aw-1p7kakr kEtdKx cEmitX yle__article__paragraph\">Valtonen sanoo olevansa yht\u00e4 mielt\u00e4 Naton p\u00e4\u00e4sihteeri <strong class=\"aw-ak79eh KyCXm yle__article__strong\">Mark Rutten<\/strong> kanssa siit\u00e4, ett\u00e4 Yhdysvaltoja tarvitaan Ven\u00e4j\u00e4n painostamiseksi rauhaan.<\/p>\n<p class=\"aw-1gybjub aw-1p7kakr kEtdKx cEmitX yle__article__paragraph\">\u2013 Meill\u00e4 ei ole ep\u00e4ilyksi\u00e4 siit\u00e4, etteik\u00f6 <strong class=\"aw-ak79eh KyCXm yle__article__strong\">Putin<\/strong> olisi valmis Trumpia tapaamaan ja n\u00e4ytt\u00e4m\u00e4\u00e4n kotimaassa, ett\u00e4 t\u00e4ss\u00e4 ollaan tapaamassa suurta maailman johtajaa ja ollaan h\u00e4nen kanssaan samalla katsekorkeudella. Olemme n\u00e4hneet, ett\u00e4 n\u00e4ill\u00e4 neuvottelukierroksilla Ven\u00e4j\u00e4 on tosiasiassa vain ostanut itselleen aikaa.<\/p>\n<p class=\"aw-1gybjub aw-1p7kakr kEtdKx cEmitX yle__article__paragraph\">\u2013 Yhdysvaltain intressiss\u00e4 on pitk\u00e4aikainen ja kest\u00e4v\u00e4 rauha. Mink\u00e4\u00e4nlaisessa rauhansopimuksessa ei voida Euroopan maiden ohi sopia sellaisesta, miss\u00e4 emme halua olla mukana.<\/p>\n<p class=\"aw-1gybjub aw-1p7kakr kEtdKx cEmitX yle__article__paragraph\">Valtosen mukaan t\u00e4m\u00e4np\u00e4iv\u00e4isess\u00e4 kokouksessa Naton Ukrainaa tukevaan Pearl-hankkeeseen tuli mukaan uusia maita.<\/p>\n<p class=\"aw-1gybjub aw-1p7kakr kEtdKx cEmitX yle__article__paragraph\">Mukana on nyt ainakin 24 maata, Valtonen toteaa. Yhteens\u00e4 j\u00e4senmaita Natossa on 32.<\/p>\n<p class=\"aw-1gybjub aw-1p7kakr kEtdKx cEmitX yle__article__paragraph\">Valtonen kiittelee EU-komission t\u00e4n\u00e4\u00e4n tekem\u00e4\u00e4 p\u00e4\u00e4t\u00f6st\u00e4 Ven\u00e4j\u00e4n j\u00e4\u00e4dytettyjen varojen k\u00e4yt\u00f6st\u00e4.<\/p>\n<p class=\"aw-1gybjub aw-1p7kakr kEtdKx cEmitX yle__article__paragraph\">Valtosen mukaan komission esitys k\u00e4sitell\u00e4\u00e4n pikaisella aikataululla.<\/p>\n<p class=\"aw-1gybjub aw-1p7kakr kEtdKx cEmitX yle__article__paragraph\">\u2013 EU tai yksitt\u00e4iset j\u00e4senmaat eiv\u00e4t maksa mit\u00e4\u00e4n, vaan Ven\u00e4j\u00e4 joutuu itse maksamaan aiheuttamistaan tuhoista, Valtonen p\u00e4\u00e4tt\u00e4\u00e4.<\/p>\n","protected":false},"excerpt":{"rendered":"Ulkoministeri Elina Valtonen (kok.) muistuttaa, ett\u00e4 Ukrainan rauhansopimuksen kohdista, jotka liittyv\u00e4t Natoon, p\u00e4\u00e4tt\u00e4\u00e4 ainoastaan Nato itse. Naton ulkoministerit&hellip;\n","protected":false},"author":2,"featured_media":106877,"comment_status":"","ping_status":"","sticky":false,"template":"","format":"standard","meta":{"footnotes":""},"categories":[5],"tags":[22,23,13505,26,27,33,31,30,17,70,71,24,25,28,29,2579,15,18,21,637,32,19,20,1303,20089,16,987],"class_list":{"0":"post-106876","1":"post","2":"type-post","3":"status-publish","4":"format-standard","5":"has-post-thumbnail","7":"category-otsikot","8":"tag-breaking-news","9":"tag-breakingnews","10":"tag-elina-valtonen","11":"tag-featured-news","12":"tag-featurednews","13":"tag-fi","14":"tag-finland","15":"tag-finnish","16":"tag-headlines","17":"tag-kansainvalinen-politiikka","18":"tag-kotimaa","19":"tag-latest-news","20":"tag-latestnews","21":"tag-main-news","22":"tag-mainnews","23":"tag-nato","24":"tag-news","25":"tag-otsikot","26":"tag-paauutiset","27":"tag-politiikka","28":"tag-suomi","29":"tag-top-stories","30":"tag-topstories","31":"tag-ukraina","32":"tag-ulkoministeri","33":"tag-uutiset","34":"tag-venajan-hyokkays"},"share_on_mastodon":{"url":"https:\/\/pubeurope.com\/@fi\/115657172774980776","error":""},"_links":{"self":[{"href":"https:\/\/www.europesays.com\/fi\/wp-json\/wp\/v2\/posts\/106876","targetHints":{"allow":["GET"]}}],"collection":[{"href":"https:\/\/www.europesays.com\/fi\/wp-json\/wp\/v2\/posts"}],"about":[{"href":"https:\/\/www.europesays.com\/fi\/wp-json\/wp\/v2\/types\/post"}],"author":[{"embeddable":true,"href":"https:\/\/www.europesays.com\/fi\/wp-json\/wp\/v2\/users\/2"}],"replies":[{"embeddable":true,"href":"https:\/\/www.europesays.com\/fi\/wp-json\/wp\/v2\/comments?post=106876"}],"version-history":[{"count":0,"href":"https:\/\/www.europesays.com\/fi\/wp-json\/wp\/v2\/posts\/106876\/revisions"}],"wp:featuredmedia":[{"embeddable":true,"href":"https:\/\/www.europesays.com\/fi\/wp-json\/wp\/v2\/media\/106877"}],"wp:attachment":[{"href":"https:\/\/www.europesays.com\/fi\/wp-json\/wp\/v2\/media?parent=106876"}],"wp:term":[{"taxonomy":"category","embeddable":true,"href":"https:\/\/www.europesays.com\/fi\/wp-json\/wp\/v2\/categories?post=106876"},{"taxonomy":"post_tag","embeddable":true,"href":"https:\/\/www.europesays.com\/fi\/wp-json\/wp\/v2\/tags?post=106876"}],"curies":[{"name":"wp","href":"https:\/\/api.w.org\/{rel}","templated":true}]}}