{"id":106889,"date":"2025-12-03T19:18:10","date_gmt":"2025-12-03T19:18:10","guid":{"rendered":"https:\/\/www.europesays.com\/fi\/106889\/"},"modified":"2025-12-03T19:18:10","modified_gmt":"2025-12-03T19:18:10","slug":"sean-diddy-combs-vankilassa-shokkikuvat-julki","status":"publish","type":"post","link":"https:\/\/www.europesays.com\/fi\/106889\/","title":{"rendered":"Sean &#8221;Diddy&#8221; Combs vankilassa: Shokkikuvat julki"},"content":{"rendered":"<p>Sean Combs tuomittiin lokakuun alussa nelj\u00e4ksi vuodeksi ja kahdeksi kuukaudeksi vankeuteen.<\/p>\n<p class=\"article-content article-content-width !bg-background\">R\u00e4pp\u00e4ri , 56, tuomittiin lokakuun alussa nelj\u00e4ksi vuodeksi ja kahdeksi kuukaudeksi vankeuteen.<\/p>\n<p class=\"article-content article-content-width !bg-background\"> H\u00e4net m\u00e4\u00e4r\u00e4ttiin my\u00f6s maksamaan 500\u202f000 dollaria sakkoa sek\u00e4 osallistumaan hoito\u2011 ja kuntoutusohjelmiin mielenterveys\u2011 ja p\u00e4ihdeongelmiensa vuoksi. Diddy\u00e4 syytettiin esimerkiksi ihmiskaupasta ja kiristyksest\u00e4, mutta lopulta h\u00e4net tuomittiin syylliseksi prostituutioon liittyvist\u00e4 syytekohdista.<\/p>\n<p>        <a itemprop=\"url\" href=\"https:\/\/www.seiska.fi\/ulkomaat\/sean-diddy-combsin-vankilatuomio-varmistui-nain-rappari-reagoi\/1951603\" rel=\"nofollow noopener\" target=\"_blank\"><\/p>\n<p>\nSean &#8221;Diddy&#8221; Combs\n<\/p>\n<p class=\"section-date\">\n        <strong class=\"article-section\" data-section=\"ulkomaat\"><br \/>\n            ulkomaat<br \/>\n        <\/strong><br \/>\n        4.10. 13:33\n    <\/p>\n<p>Sean &#8221;Diddy&#8221; Combsin vankilatuomio varmistui &#8211; n\u00e4in r\u00e4pp\u00e4ri reagoi\n    <\/p>\n<p itemprop=\"description\" class=\"subtitle \">\n    R\u00e4pp\u00e4rille m\u00e4\u00e4r\u00e4ttiin my\u00f6s p\u00e4ihde &#8211; ja mielenterveyshoitoa.\n<\/p>\n<p>        <\/a><\/p>\n<p class=\"article-content article-content-width !bg-background\">Nyt parisen kuukautta New Jerseyss\u00e4 sijaitsevan Fort Dixin vankilan telkien takana lymyilev\u00e4st\u00e4 r\u00f6t\u00f6sr\u00e4pp\u00e4rist\u00e4 on vuotanut materiaalia julkisuuteen.<\/p>\n<p>                <img decoding=\"async\" src=\"https:\/\/www.europesays.com\/fi\/wp-content\/uploads\/2025\/12\/2003717.webp\" width=\"576\" height=\"322\" alt=\"Sean Combs tuomittiin 50 kuukaudeksi vankeuteen.\" loading=\"lazy\" \/>            <\/p>\n<p>\n            Sean Combs tuomittiin 50 kuukaudeksi vankeuteen.<br \/>\n            All Over Press\n        <\/p>\n<p>Harmaahapsi<\/p>\n<p class=\"article-content article-content-width !bg-background\">Yhdysvaltalaismedia TMZ julkaisi salaa kuvattuja videop\u00e4tki\u00e4, joissa Combs n\u00e4kyy ty\u00f6skentelem\u00e4ss\u00e4 kaltereiden takana. Videoilla musiikkimoguli p\u00e4\u00e4tt\u00e4\u00e4 ty\u00f6p\u00e4iv\u00e4\u00e4ns\u00e4 Fort Dixin kappelissa sijaitsevassa kirjastossa.\u00a0<\/p>\n<p class=\"article-content article-content-width !bg-background\">R\u00e4pp\u00e4ri toimiikin nyky\u00e4\u00e4n er\u00e4\u00e4nlaisena kirjastonhoitajana. Videolla n\u00e4kyy, kuinka Combs auttaa jakamaan\u00a0elokuvia ja uskonnollista materiaalia vangeille.\u00a0<\/p>\n<p>        <a itemprop=\"url\" href=\"https:\/\/www.seiska.fi\/ulkomaat\/sean-diddy-combsin-oikeudenkaynti-on-alkanut-todistajalta-roisia-puhetta-rapparin-sukuelimesta\/1702671\" rel=\"nofollow noopener\" target=\"_blank\"><\/p>\n<p>\nOikeudenk\u00e4ynti\n<\/p>\n<p class=\"section-date\">\n        <strong class=\"article-section\" data-section=\"ulkomaat\"><br \/>\n            ulkomaat<br \/>\n        <\/strong><br \/>\n        15.5. 11:30\n    <\/p>\n<p>Sean &#8221;Diddy&#8221; Combsin oikeudenk\u00e4ynti on alkanut \u2013 todistajalta roisia puhetta r\u00e4pp\u00e4rin sukuelimest\u00e4\n    <\/p>\n<p itemprop=\"description\" class=\"subtitle \">\n    Combsin oikeudenk\u00e4ynnin on kerrottu voivan kest\u00e4\u00e4 kahdeksan viikkoa.\n<\/p>\n<p>        <\/a><\/p>\n<p>                <img decoding=\"async\" src=\"https:\/\/www.europesays.com\/fi\/wp-content\/uploads\/2025\/12\/2003702.webp\" width=\"576\" height=\"341\" alt=\"Vankilassa Diddy ei en\u00e4\u00e4 voi kulkea \u00f6kyrikkaan kohur\u00e4pp\u00e4rin vermeiss\u00e4.\" loading=\"lazy\" \/>            <\/p>\n<p>\n            Vankilassa Diddy ei en\u00e4\u00e4 voi kulkea \u00f6kyrikkaan kohur\u00e4pp\u00e4rin vermeiss\u00e4.<br \/>\n            All Over Press\n        <\/p>\n<p class=\"article-content article-content-width !bg-background\">Miehen ulkon\u00e4k\u00f6 on muuttunut rajusti, ja h\u00e4n vaikuttaa kotiutuneen hyvin. Er\u00e4\u00e4ll\u00e4 videolla n\u00e4kyy, miten harmaahapsinen Diddy pys\u00e4htyy jutustelemaan hyv\u00e4ntuulisen oloisena kanssavankiensa kanssa keskelle askeettista k\u00e4yt\u00e4v\u00e4\u00e4.<\/p>\n<p>        <a itemprop=\"url\" href=\"https:\/\/www.seiska.fi\/katso\/jarkyttavia-seikkoja-julki-musiikkimoguli-huumasi-ja-raiskasi\/1597313\" rel=\"nofollow noopener\" target=\"_blank\"><\/p>\n<p>\nDokumentti Diddyst\u00e4\n<\/p>\n<p class=\"section-date\">\n        <strong class=\"article-section\" data-section=\"katso\"><br \/>\n            katso<br \/>\n        <\/strong><br \/>\n        30.1. 13:14\n    <\/p>\n<p>J\u00e4rkytt\u00e4vi\u00e4 seikkoja julki \u2013 musiikkimoguli huumasi ja raiskasi\n    <\/p>\n<p itemprop=\"description\" class=\"subtitle \">\n    The Fall of Diddy -dokumenttisarja tutkii Sean Combsin el\u00e4m\u00e4\u00e4 ja h\u00e4nt\u00e4 vastaan esitettyj\u00e4 syytteit\u00e4.\n<\/p>\n<p>        <\/a><\/p>\n<p class=\"article-content article-content-width !bg-background\">R\u00e4pp\u00e4rin vankeudesta on ehtinyt jo nousta ilmoille runsaasti huhuja. <a href=\"https:\/\/www.tmz.com\/2025\/11\/07\/diddy-caught-drinking-fort-dix-prison\/\" target=\"_blank\" rel=\"nofollow noopener\">TMZ<\/a> esimerkiksi v\u00e4itti aiemmin h\u00e4nen j\u00e4\u00e4neen kiinni vanginvartijoille humaltuneena, mutta t\u00e4m\u00e4n X-tili\u00e4 yll\u00e4pit\u00e4v\u00e4t l\u00e4heiset kiistiv\u00e4t huhut.<\/p>\n<p>                <img decoding=\"async\" src=\"https:\/\/www.europesays.com\/fi\/wp-content\/uploads\/2025\/12\/2003706.webp\" width=\"576\" height=\"672\" alt=\"TMZ:n haltuunsa saamalta videolta voi huomata, ett\u00e4 Combs vaikuttaa kotiutuneen vankilaan hyvin.\" loading=\"lazy\" \/>            <\/p>\n<p>\n            TMZ:n haltuunsa saamalta videolta voi huomata, ett\u00e4 Combs vaikuttaa kotiutuneen vankilaan hyvin.<br \/>\n            All Over Press\n        <\/p>\n<p>                <img decoding=\"async\" src=\"https:\/\/www.europesays.com\/fi\/wp-content\/uploads\/2025\/12\/2003704.webp\" width=\"576\" height=\"672\" alt=\"Diddy on harmaantunut niin, ettei h\u00e4nt\u00e4 ole en\u00e4\u00e4 tunnistaa.\" loading=\"lazy\" \/>            <\/p>\n<p>\n            Diddy on harmaantunut niin, ettei h\u00e4nt\u00e4 ole en\u00e4\u00e4 tunnistaa.<br \/>\n            All Over Press\n        <\/p>\n","protected":false},"excerpt":{"rendered":"Sean Combs tuomittiin lokakuun alussa nelj\u00e4ksi vuodeksi ja kahdeksi kuukaudeksi vankeuteen. R\u00e4pp\u00e4ri , 56, tuomittiin lokakuun alussa nelj\u00e4ksi&hellip;\n","protected":false},"author":2,"featured_media":106890,"comment_status":"","ping_status":"","sticky":false,"template":"","format":"standard","meta":{"footnotes":""},"categories":[130],"tags":[12969,137,33,31,30,212,12971,8644,20091,38,12973,32,12432,13454,8170,1189,109],"class_list":{"0":"post-106889","1":"post","2":"type-post","3":"status-publish","4":"format-standard","5":"has-post-thumbnail","7":"category-viihde","8":"tag-diddy","9":"tag-entertainment","10":"tag-fi","11":"tag-finland","12":"tag-finnish","13":"tag-lifestyle","14":"tag-prostituutio","15":"tag-rappari","16":"tag-rikollinen","17":"tag-rikos","18":"tag-sean-combs","19":"tag-suomi","20":"tag-talta-han-nayttaa-nyt","21":"tag-tunnistamaton","22":"tag-vankeus","23":"tag-vankila","24":"tag-viihde"},"share_on_mastodon":{"url":"https:\/\/pubeurope.com\/@fi\/115657251723783750","error":""},"_links":{"self":[{"href":"https:\/\/www.europesays.com\/fi\/wp-json\/wp\/v2\/posts\/106889","targetHints":{"allow":["GET"]}}],"collection":[{"href":"https:\/\/www.europesays.com\/fi\/wp-json\/wp\/v2\/posts"}],"about":[{"href":"https:\/\/www.europesays.com\/fi\/wp-json\/wp\/v2\/types\/post"}],"author":[{"embeddable":true,"href":"https:\/\/www.europesays.com\/fi\/wp-json\/wp\/v2\/users\/2"}],"replies":[{"embeddable":true,"href":"https:\/\/www.europesays.com\/fi\/wp-json\/wp\/v2\/comments?post=106889"}],"version-history":[{"count":0,"href":"https:\/\/www.europesays.com\/fi\/wp-json\/wp\/v2\/posts\/106889\/revisions"}],"wp:featuredmedia":[{"embeddable":true,"href":"https:\/\/www.europesays.com\/fi\/wp-json\/wp\/v2\/media\/106890"}],"wp:attachment":[{"href":"https:\/\/www.europesays.com\/fi\/wp-json\/wp\/v2\/media?parent=106889"}],"wp:term":[{"taxonomy":"category","embeddable":true,"href":"https:\/\/www.europesays.com\/fi\/wp-json\/wp\/v2\/categories?post=106889"},{"taxonomy":"post_tag","embeddable":true,"href":"https:\/\/www.europesays.com\/fi\/wp-json\/wp\/v2\/tags?post=106889"}],"curies":[{"name":"wp","href":"https:\/\/api.w.org\/{rel}","templated":true}]}}