{"id":106990,"date":"2025-12-03T22:17:10","date_gmt":"2025-12-03T22:17:10","guid":{"rendered":"https:\/\/www.europesays.com\/fi\/106990\/"},"modified":"2025-12-03T22:17:10","modified_gmt":"2025-12-03T22:17:10","slug":"aanekoskelaista-rockmusiikin-historiaa-koottiin-nayttelyyn-jos-musiikille-antaa-pikkusormen-menee-koko-tyyppi-paikalliset","status":"publish","type":"post","link":"https:\/\/www.europesays.com\/fi\/106990\/","title":{"rendered":"\u00c4\u00e4nekoskelaista rockmusiikin historiaa koottiin n\u00e4yttelyyn: &#8221;Jos musiikille antaa pikkusormen, menee koko tyyppi&#8221; | Paikalliset"},"content":{"rendered":"<p>Urheiluhenkinen kysymys <strong>Jone Sohlman<\/strong>. Mitk\u00e4 fiilikset?<\/p>\n<p>\u2013 Tuliko kaikki tehty\u00e4 \u2013 ei tietenk\u00e4\u00e4n tullut. Pikkuviilauksia tehd\u00e4\u00e4n t\u00e4ss\u00e4 matkan varrella, niin hyv\u00e4 t\u00e4st\u00e4 tulee.<\/p>\n<p><strong>Tomi Kankainen<\/strong>, Sohlman ja <strong>Teppo Sepp\u00e4nen<\/strong> saivat puolitoista vuotta sitten idean koota yhteen \u00c4\u00e4nekosken ja Suolahden rockmusiikin historian. Ajatukset ovat kirkastuneet nyt \u00c4\u00e4nekosken kaupunginkirjaston Hoikassaliin avattuun Rajaton Rock \u00c4\u00e4nekoski -n\u00e4yttelyyn.<\/p>\n<p>\u2013\u2009Ensimm\u00e4isen vuosi meni tappeluun rahoituksesta Kulttuurirahaston kanssa. Eik\u00e4 EU-rahoituskaan mik\u00e4\u00e4n helppo homma ole. Kun rahoitus saatiin selv\u00e4ksi, katsottiin, ett\u00e4 kalenterissa on aikaa vaikka kuinka paljon. Ei ollut. Viimeiset pari viikkoa on sitten painettu y\u00f6t\u00e4 my\u00f6ten.<\/p>\n<p>Jone Sohlman on innoissaan siit\u00e4, ett\u00e4 projekti on k\u00e4ynnist\u00e4nyt jotain kaikissa rock-henkisissa tyypeiss\u00e4.<\/p>\n<p>\u2013 Kun joku alkaa muistella menneit\u00e4 vuosia, sit\u00e4 kiroaa mieless\u00e4\u00e4n, ett\u00e4 eih\u00e4n me tajuttu t\u00e4t\u00e4k\u00e4\u00e4n artistia. Siksi on t\u00e4rke\u00e4\u00e4, ett\u00e4 porukka k\u00e4visi t\u00e4\u00e4ll\u00e4 n\u00e4yttelyss\u00e4 ja kirjaisi meille tuolla musahuoneessa nimi\u00e4 ja muita muistoja, ett\u00e4 saisimme oikeasti kokoon kattavan listan.<\/p>\n<p>Sohlmanin mukaan \u00e4\u00e4nekoskelaisen rock-musiikin perinne on valtavan rikas.<\/p>\n<p>\u2013 T\u00e4\u00e4ll\u00e4 on ollut valtakunnan luokan juttuja, jos miettii esimerkiksi Four Devilsi\u00e4 ja Machine Meni\u00e4. My\u00f6s taustavaikuttajia, kuten sanoittajia ja s\u00e4velt\u00e4ji\u00e4, jotka tekev\u00e4t koko ajan maailmalla duunia. Saimaa-b\u00e4ndiss\u00e4 on soittaja, <strong>Jarkko Aholan<\/strong> kanssa keikkailevia tyyppej\u00e4 ja teatterialalla kovia tekij\u00f6it\u00e4, jotka ovat l\u00e4hteneet liikkeelle musiikista, kuten Dingon kautta.<\/p>\n<p>Rock-musiikilla on paikkakunnalla vahva perint\u00f6, joka kantaa tulevillekin vuosille.<\/p>\n<p>\u2013 Punkkarina t\u00e4ytyy sanoa, ett\u00e4 tehk\u00e4\u00e4. \u00c4lk\u00e4\u00e4 miettik\u00f6 lopputulosta, vaan kaivakaa jostain tekemisen meininki. Tekemisen riemu palkitsee ja kantaa pitk\u00e4lle my\u00f6s el\u00e4m\u00e4ss\u00e4. Ei pid\u00e4 kuunnella, mit\u00e4 muut sanoo.<\/p>\n<p>\u2013 Musiikki on sellainen harrastus, ett\u00e4 jos sille antaa pikkusormen, menee koko tyyppi.<\/p>\n<p class=\"diks-storyline__additional-information\">N\u00e4yttely on avoinna Hoikkassalissa 29.12. saakka kirjaston aukioloaikoina.<\/p>\n","protected":false},"excerpt":{"rendered":"Urheiluhenkinen kysymys Jone Sohlman. Mitk\u00e4 fiilikset? \u2013 Tuliko kaikki tehty\u00e4 \u2013 ei tietenk\u00e4\u00e4n tullut. Pikkuviilauksia tehd\u00e4\u00e4n t\u00e4ss\u00e4 matkan&hellip;\n","protected":false},"author":2,"featured_media":106991,"comment_status":"","ping_status":"","sticky":false,"template":"","format":"standard","meta":{"footnotes":""},"categories":[132],"tags":[12845,7138,138,137,33,31,30,195,47,141,13907,32,484,109],"class_list":{"0":"post-106990","1":"post","2":"type-post","3":"status-publish","4":"format-standard","5":"has-post-thumbnail","7":"category-musiikki","8":"tag-aanekosken-seutukunta","9":"tag-aanekoski","10":"tag-audio","11":"tag-entertainment","12":"tag-fi","13":"tag-finland","14":"tag-finnish","15":"tag-music","16":"tag-musiikki","17":"tag-muusikot-bandit","18":"tag-suolahti","19":"tag-suomi","20":"tag-taiteellinen-ilmaisu-ja-mediat","21":"tag-viihde"},"share_on_mastodon":{"url":"https:\/\/pubeurope.com\/@fi\/115657955257606157","error":""},"_links":{"self":[{"href":"https:\/\/www.europesays.com\/fi\/wp-json\/wp\/v2\/posts\/106990","targetHints":{"allow":["GET"]}}],"collection":[{"href":"https:\/\/www.europesays.com\/fi\/wp-json\/wp\/v2\/posts"}],"about":[{"href":"https:\/\/www.europesays.com\/fi\/wp-json\/wp\/v2\/types\/post"}],"author":[{"embeddable":true,"href":"https:\/\/www.europesays.com\/fi\/wp-json\/wp\/v2\/users\/2"}],"replies":[{"embeddable":true,"href":"https:\/\/www.europesays.com\/fi\/wp-json\/wp\/v2\/comments?post=106990"}],"version-history":[{"count":0,"href":"https:\/\/www.europesays.com\/fi\/wp-json\/wp\/v2\/posts\/106990\/revisions"}],"wp:featuredmedia":[{"embeddable":true,"href":"https:\/\/www.europesays.com\/fi\/wp-json\/wp\/v2\/media\/106991"}],"wp:attachment":[{"href":"https:\/\/www.europesays.com\/fi\/wp-json\/wp\/v2\/media?parent=106990"}],"wp:term":[{"taxonomy":"category","embeddable":true,"href":"https:\/\/www.europesays.com\/fi\/wp-json\/wp\/v2\/categories?post=106990"},{"taxonomy":"post_tag","embeddable":true,"href":"https:\/\/www.europesays.com\/fi\/wp-json\/wp\/v2\/tags?post=106990"}],"curies":[{"name":"wp","href":"https:\/\/api.w.org\/{rel}","templated":true}]}}