{"id":106994,"date":"2025-12-03T22:21:15","date_gmt":"2025-12-03T22:21:15","guid":{"rendered":"https:\/\/www.europesays.com\/fi\/106994\/"},"modified":"2025-12-03T22:21:15","modified_gmt":"2025-12-03T22:21:15","slug":"kansanedustajalla-nahdaan-hatkahdyttavat-korut-linnan-juhlissa","status":"publish","type":"post","link":"https:\/\/www.europesays.com\/fi\/106994\/","title":{"rendered":"Kansanedustajalla n\u00e4hd\u00e4\u00e4n h\u00e4tk\u00e4hdytt\u00e4v\u00e4t korut Linnan juhlissa"},"content":{"rendered":"<p>Jenna Simulan kaulassa roikkuu Linnan juhlissa asekoru.<\/p>\n<p><img decoding=\"async\" class=\"image image-show image-preview\" src=\"https:\/\/www.europesays.com\/fi\/wp-content\/uploads\/2025\/12\/98ad8e35691ee8d2b90802a0885d8a3b7726f0b56a013651ddb5d3833ead7cdb.jpg\" alt=\"\"\/><img decoding=\"async\" class=\"image image-show\" src=\"https:\/\/www.europesays.com\/fi\/wp-content\/uploads\/2025\/12\/1764800475_983_98ad8e35691ee8d2b90802a0885d8a3b7726f0b56a013651ddb5d3833ead7cdb.jpg\" alt=\"\"\/><\/p>\n<p>Jenna Simula ja korut, jotka h\u00e4n laittaa Linnan juhliin.  Minna Partanen<\/p>\n<p class=\"paragraph\">Perussuomalaisten kansanedustajan <a href=\"https:\/\/www.iltalehti.fi\/henkilot\/Jenna Simula\" class=\"article-link-person-page\" rel=\"nofollow noopener\" target=\"_blank\">Jenna Simulan<\/a> yll\u00e4 Linnan juhlissa n\u00e4hd\u00e4\u00e4n koruja, jotka ovat saaneet inspiraationsa Puolustusvoimien k\u00e4ytt\u00e4m\u00e4st\u00e4 RK62-rynn\u00e4kk\u00f6kiv\u00e4\u00e4rist\u00e4.<\/p>\n<p class=\"paragraph\">\u2013 Itsen\u00e4isyytt\u00e4 on puolustettu ja puolustetaan jatkossakin tarvittaessa asein. Nykyinen rynkky vaihtuu uuteen asteittain, kun Puolustusvoimat teki t\u00e4n\u00e4 vuonna p\u00e4\u00e4t\u00f6ksen Nato-kaliiperiin siirtymisest\u00e4. Siit\u00e4 syntyi aihe koruille, Simula kertoo.<\/p>\n<p class=\"paragraph\">\u2013 Legendaarinen RK62 on tuttu ty\u00f6kalu armeijan k\u00e4yneille suomalaisille v\u00e4hint\u00e4\u00e4nkin jo kolmannessa polvessa, Simula sanoo.<\/p>\n<p>T\u00e4lt\u00e4 Jenna Simulan korut n\u00e4ytt\u00e4v\u00e4t.  Minna Partanen<\/p>\n<p class=\"paragraph\">Korut on valmistanut oululainen <strong>Seppo Vainikainen<\/strong>, joka on tehnyt Simulalle Linnan juhliin koruja kahtena edellisvuonnakin.<\/p>\n<p class=\"paragraph\">Kaulakoru mukailee aseen lippaan muotoa.<\/p>\n<p class=\"paragraph\">Kaulakorun ja rynn\u00e4kk\u00f6kiv\u00e4\u00e4ririntakorun valmistuksen yhteydess\u00e4 syntyi my\u00f6s kolme muuta korua, jotka Simula ja Vainikainen aikovat huutokaupata. Tuoton he aikovat lahjoittaa hyv\u00e4ntekev\u00e4isyyteen Ukrainaan.<\/p>\n","protected":false},"excerpt":{"rendered":"Jenna Simulan kaulassa roikkuu Linnan juhlissa asekoru. Jenna Simula ja korut, jotka h\u00e4n laittaa Linnan juhliin. Minna Partanen&hellip;\n","protected":false},"author":2,"featured_media":106995,"comment_status":"","ping_status":"","sticky":false,"template":"","format":"standard","meta":{"footnotes":""},"categories":[130],"tags":[35,137,33,31,30,637,886,888,885,887,32,109],"class_list":{"0":"post-106994","1":"post","2":"type-post","3":"status-publish","4":"format-standard","5":"has-post-thumbnail","7":"category-viihde","8":"tag-24h","9":"tag-entertainment","10":"tag-fi","11":"tag-finland","12":"tag-finnish","13":"tag-politiikka","14":"tag-puolueet","15":"tag-suomalaiset-poliitikot","16":"tag-suomen-poliittiset-puolueet","17":"tag-suomen-politiikka","18":"tag-suomi","19":"tag-viihde"},"share_on_mastodon":{"url":"https:\/\/pubeurope.com\/@fi\/115657971364953953","error":""},"_links":{"self":[{"href":"https:\/\/www.europesays.com\/fi\/wp-json\/wp\/v2\/posts\/106994","targetHints":{"allow":["GET"]}}],"collection":[{"href":"https:\/\/www.europesays.com\/fi\/wp-json\/wp\/v2\/posts"}],"about":[{"href":"https:\/\/www.europesays.com\/fi\/wp-json\/wp\/v2\/types\/post"}],"author":[{"embeddable":true,"href":"https:\/\/www.europesays.com\/fi\/wp-json\/wp\/v2\/users\/2"}],"replies":[{"embeddable":true,"href":"https:\/\/www.europesays.com\/fi\/wp-json\/wp\/v2\/comments?post=106994"}],"version-history":[{"count":0,"href":"https:\/\/www.europesays.com\/fi\/wp-json\/wp\/v2\/posts\/106994\/revisions"}],"wp:featuredmedia":[{"embeddable":true,"href":"https:\/\/www.europesays.com\/fi\/wp-json\/wp\/v2\/media\/106995"}],"wp:attachment":[{"href":"https:\/\/www.europesays.com\/fi\/wp-json\/wp\/v2\/media?parent=106994"}],"wp:term":[{"taxonomy":"category","embeddable":true,"href":"https:\/\/www.europesays.com\/fi\/wp-json\/wp\/v2\/categories?post=106994"},{"taxonomy":"post_tag","embeddable":true,"href":"https:\/\/www.europesays.com\/fi\/wp-json\/wp\/v2\/tags?post=106994"}],"curies":[{"name":"wp","href":"https:\/\/api.w.org\/{rel}","templated":true}]}}