{"id":106999,"date":"2025-12-03T22:26:11","date_gmt":"2025-12-03T22:26:11","guid":{"rendered":"https:\/\/www.europesays.com\/fi\/106999\/"},"modified":"2025-12-03T22:26:11","modified_gmt":"2025-12-03T22:26:11","slug":"eduskunta-hyvaksyi-perintoveron-kevennykset-laskuri-nayttaa-miten-perintoja-jatkossa-verotetaan","status":"publish","type":"post","link":"https:\/\/www.europesays.com\/fi\/106999\/","title":{"rendered":"Eduskunta hyv\u00e4ksyi perint\u00f6veron kevennykset: Laskuri n\u00e4ytt\u00e4\u00e4, miten perint\u00f6j\u00e4 jatkossa verotetaan"},"content":{"rendered":"<p>Perint\u00f6vero|Perint\u00f6veron alaraja nostetaan 30\u202f000 euroon, verotettavan lahjan alaraja 7\u202f500 euroon.<\/p>\n<p>3.12. 17:10<\/p>\n<p class=\"article-body mb-nof-24 px-nof-16\">Eduskunta hyv\u00e4ksyi t\u00e4n\u00e4\u00e4n keskiviikkona lakimuutoksen perint\u00f6- ja lahjaveron alentamisesta. Lakimuutoksen puolesta \u00e4\u00e4nesti 114 kansanedustajaa, vastaan oli 52 ja poissa 33 edustajaa.<\/p>\n<p class=\"article-body mb-nof-24 px-nof-16\">Perint\u00f6veron alaraja nostetaan 20\u202f000 eurosta 30\u202f000 euroon, eli t\u00e4t\u00e4 pienempi\u00e4 perint\u00f6j\u00e4 tai lahjoja ei veroteta en\u00e4\u00e4 lainkaan, eduskunta tiedottaa.<\/p>\n<p class=\"article-body mb-nof-24 px-nof-16\">Verotettavan lahjan alaraja korotetaan 5\u202f000 eurosta 7\u202f500 euroon.<\/p>\n<p class=\"article-body mb-nof-24 px-nof-16\">Lis\u00e4ksi korotetaan tavanomaisen koti-irtaimiston verovapaata m\u00e4\u00e4r\u00e4\u00e4 4\u202f000 eurosta 7\u202f500 euroon.<\/p>\n<p class=\"article-body mb-nof-24 px-nof-16\">Muutokset kevent\u00e4v\u00e4t siis kaikkien verotettavien perint\u00f6jen ja lahjojen verotaakkaa, sill\u00e4 veroa maksetaan jatkossa aiempaa korkeammasta alarajasta alkaen.<\/p>\n<p class=\"article-body mb-nof-24 px-nof-16\">Hallitus p\u00e4\u00e4tti esitysluonnoksesta huhtikuun puoliv\u00e4liriihess\u00e4\u00e4n, ja nyt eduskunta hyv\u00e4ksyi muutoksen. Lait tulevat voimaan ensi vuoden alusta.<\/p>\n<p class=\"article-body mb-nof-24 px-nof-16\">Alkuvuodesta p\u00e4\u00e4ministeri <a class=\"article-personlink\" href=\"https:\/\/www.hs.fi\/haku\/?query=Petteri%20Orpon\" rel=\"nofollow noopener\" target=\"_blank\">Petteri Orpon<\/a> (kok) kasvuty\u00f6ryhm\u00e4 ehdotti <a class=\"article-genericlink\" href=\"https:\/\/www.hs.fi\/politiikka\/art-2000011063345.html\" rel=\"nofollow noopener\" target=\"_blank\">perint\u00f6- ja lahjaveron poistoa<\/a>, mutta sittemmin hallitus p\u00e4\u00e4tyi esitt\u00e4m\u00e4\u00e4n veroihin kevennyksi\u00e4.<\/p>\n<p class=\"article-body mb-nof-24 px-nof-16\">HS:n laskurista voi katsoa, kuinka paljon veroa perinn\u00f6ist\u00e4 vastaisuudessa maksetaan. Perint\u00f6veron m\u00e4\u00e4r\u00e4\u00e4n vaikuttaa perinn\u00f6n arvon lis\u00e4ksi perij\u00e4n suhde perinn\u00f6nj\u00e4tt\u00e4j\u00e4\u00e4n.<\/p>\n","protected":false},"excerpt":{"rendered":"Perint\u00f6vero|Perint\u00f6veron alaraja nostetaan 30\u202f000 euroon, verotettavan lahjan alaraja 7\u202f500 euroon. 3.12. 17:10 Eduskunta hyv\u00e4ksyi t\u00e4n\u00e4\u00e4n keskiviikkona lakimuutoksen perint\u00f6-&hellip;\n","protected":false},"author":2,"featured_media":96697,"comment_status":"","ping_status":"","sticky":false,"template":"","format":"standard","meta":{"footnotes":""},"categories":[12],"tags":[22,23,26,27,33,31,30,17,46,24,25,28,29,15,18,21,32,19,20,16],"class_list":{"0":"post-106999","1":"post","2":"type-post","3":"status-publish","4":"format-standard","5":"has-post-thumbnail","7":"category-suomi","8":"tag-breaking-news","9":"tag-breakingnews","10":"tag-featured-news","11":"tag-featurednews","12":"tag-fi","13":"tag-finland","14":"tag-finnish","15":"tag-headlines","16":"tag-helsingin-sanomat","17":"tag-latest-news","18":"tag-latestnews","19":"tag-main-news","20":"tag-mainnews","21":"tag-news","22":"tag-otsikot","23":"tag-paauutiset","24":"tag-suomi","25":"tag-top-stories","26":"tag-topstories","27":"tag-uutiset"},"share_on_mastodon":{"url":"https:\/\/pubeurope.com\/@fi\/115657990812132526","error":""},"_links":{"self":[{"href":"https:\/\/www.europesays.com\/fi\/wp-json\/wp\/v2\/posts\/106999","targetHints":{"allow":["GET"]}}],"collection":[{"href":"https:\/\/www.europesays.com\/fi\/wp-json\/wp\/v2\/posts"}],"about":[{"href":"https:\/\/www.europesays.com\/fi\/wp-json\/wp\/v2\/types\/post"}],"author":[{"embeddable":true,"href":"https:\/\/www.europesays.com\/fi\/wp-json\/wp\/v2\/users\/2"}],"replies":[{"embeddable":true,"href":"https:\/\/www.europesays.com\/fi\/wp-json\/wp\/v2\/comments?post=106999"}],"version-history":[{"count":0,"href":"https:\/\/www.europesays.com\/fi\/wp-json\/wp\/v2\/posts\/106999\/revisions"}],"wp:featuredmedia":[{"embeddable":true,"href":"https:\/\/www.europesays.com\/fi\/wp-json\/wp\/v2\/media\/96697"}],"wp:attachment":[{"href":"https:\/\/www.europesays.com\/fi\/wp-json\/wp\/v2\/media?parent=106999"}],"wp:term":[{"taxonomy":"category","embeddable":true,"href":"https:\/\/www.europesays.com\/fi\/wp-json\/wp\/v2\/categories?post=106999"},{"taxonomy":"post_tag","embeddable":true,"href":"https:\/\/www.europesays.com\/fi\/wp-json\/wp\/v2\/tags?post=106999"}],"curies":[{"name":"wp","href":"https:\/\/api.w.org\/{rel}","templated":true}]}}