{"id":107000,"date":"2025-12-03T22:27:10","date_gmt":"2025-12-03T22:27:10","guid":{"rendered":"https:\/\/www.europesays.com\/fi\/107000\/"},"modified":"2025-12-03T22:27:10","modified_gmt":"2025-12-03T22:27:10","slug":"nyt-tuli-tietoa-putinin-ja-witkoffin-tapaamisesta-elina-valtoselta-suora-arvio","status":"publish","type":"post","link":"https:\/\/www.europesays.com\/fi\/107000\/","title":{"rendered":"Nyt tuli tietoa Putinin ja Witkoffin tapaamisesta \u2013 Elina Valtoselta suora arvio"},"content":{"rendered":"<p>Ulkoministeri Elina Valtonen j\u00e4rjesti mediatilaisuuden, jossa h\u00e4n kertoi Nato-maiden ulkoministerien tapaamisesta.<\/p>\n<p><img decoding=\"async\" class=\"image image-show image-preview\" src=\"https:\/\/www.europesays.com\/fi\/wp-content\/uploads\/2025\/12\/3460afb909757dcb9226790add62e113f08d82ef664b19db682b1d0ed88eaac5.jpg\" alt=\"\"\/><img decoding=\"async\" class=\"image image-show\" src=\"https:\/\/www.europesays.com\/fi\/wp-content\/uploads\/2025\/12\/1764800830_81_3460afb909757dcb9226790add62e113f08d82ef664b19db682b1d0ed88eaac5.jpg\" alt=\"\"\/><\/p>\n<p>Elina Valtonen l\u00e4hd\u00f6ss\u00e4 Nato-kokouksesta Brysselist\u00e4 kohti Wieni\u00e4, jossa j\u00e4rjestet\u00e4\u00e4n Euroopan turvallisuus- ja yhteisty\u00f6j\u00e4rjest\u00f6 Etyjin kokous. Lauri Nurmi<\/p>\n<p class=\"paragraph\">Ulkoministeri <a href=\"https:\/\/www.iltalehti.fi\/henkilot\/Elina Valtonen\" class=\"article-link-person-page\" rel=\"nofollow noopener\" target=\"_blank\">Elina Valtonen<\/a> (kok) avasi keskiviikkona mediatilaisuudessa Wieniss\u00e4, millainen tilannekuva h\u00e4nelle on syntynyt Yhdysvaltain erityisl\u00e4hettil\u00e4s <strong>Steve Witkoffin<\/strong> ja Ven\u00e4j\u00e4n presidentin <a href=\"https:\/\/www.iltalehti.fi\/henkilot\/Vladimir Putin\" class=\"article-link-person-page\" rel=\"nofollow noopener\" target=\"_blank\">Vladimir Putinin<\/a> tiistaisesta tapaamisesta Moskovassa.<\/p>\n<p class=\"paragraph\">Valtosen mukaan ukrainalaisilta kollegoilta on saatu tietoa Moskovan neuvotteluista.<\/p>\n<p class=\"paragraph\">\u2013 Selv\u00e4\u00e4 on se, ett\u00e4 mit\u00e4\u00e4n l\u00e4pimurtoa ei ole syntynyt, h\u00e4n painotti.<\/p>\n<p class=\"paragraph\">Seuraava askelmerkki on Valtosen mukaan todenn\u00e4k\u00f6isesti se, ett\u00e4 yhdysvaltalaiset ja ukrainalaiset istuvat alas ja k\u00e4yv\u00e4t Moskovan neuvottelujen antia l\u00e4pi.<\/p>\n<p class=\"paragraph\">\u2013 Itse en nyt t\u00e4ss\u00e4 pid\u00e4tt\u00e4isi hengityst\u00e4, ett\u00e4 t\u00e4m\u00e4 v\u00e4ltt\u00e4m\u00e4tt\u00e4 t\u00e4ss\u00e4k\u00e4\u00e4n kaarteessa johtaa mihink\u00e4\u00e4n tosiasialliseen pysyv\u00e4\u00e4n rauhansopimukseen. Totta kai me toivomme rauhaa. Me toivomme nimenomaan pysyv\u00e4\u00e4 rauhaa.<\/p>\n<p class=\"paragraph\">Valtonen on korostanut, ett\u00e4 olisi t\u00e4rke\u00e4\u00e4, ett\u00e4 neuvotteluja voitaisiin k\u00e4yd\u00e4 loppuun tulitauon vallitessa. Sek\u00e4 tulitaukosopimukseen ett\u00e4 rauhansopimukseen liittyy niin paljon elementtej\u00e4, ett\u00e4 niit\u00e4 pit\u00e4isi voida k\u00e4sitell\u00e4 rauhallisesti edeten.<\/p>\n<p>Trumpilla suuri energia<\/p>\n<p class=\"paragraph\">Presidentti <a href=\"https:\/\/www.iltalehti.fi\/henkilot\/Donald Trump\" class=\"article-link-person-page\" rel=\"nofollow noopener\" target=\"_blank\">Donald Trumpin<\/a> toimintaa Valtonen kuvasi sanomalla, ett\u00e4 t\u00e4ll\u00e4 on eritt\u00e4in suuri energia sen puolesta, ett\u00e4 Ukrainaan saataisiin rauha. Valtonen totesi pit\u00e4v\u00e4ns\u00e4 t\u00e4t\u00e4 hyv\u00e4n\u00e4 k\u00e4ytt\u00f6voimana.<\/p>\n<p class=\"paragraph\">\u2013 Sit\u00e4 on viime kuukausina valjastettu erilaisiin rauhanprojekteihin, jotka kuitenkin ovat viime k\u00e4dess\u00e4 kaikki kaatuneet siihen, ett\u00e4 Ven\u00e4j\u00e4 ei ole ollut valmis tulitaukoon ja joustamaan omista tavoitteistaan.<\/p>\n<p class=\"paragraph\">Valtonen arvioi, ett\u00e4 erilaisilla neuvottelukierroksilla Ven\u00e4j\u00e4 on saattanut vain ostaa itselleen aikaa, pyrkinyt siirt\u00e4m\u00e4\u00e4n kohtaamaansa pakotepainetta eteenp\u00e4in ja v\u00e4hent\u00e4m\u00e4\u00e4n Ukrainan saamaa tukea.<\/p>\n<p class=\"paragraph\">\u2013 T\u00e4llainen pelikirja t\u00e4st\u00e4 taustalta on tuskin lainkaan kadonnut eli siihen pit\u00e4\u00e4 my\u00f6s kiinnitt\u00e4\u00e4 huomiota.<\/p>\n<p class=\"paragraph\">Valtonen painotti, ett\u00e4 my\u00f6s Yhdysvaltain intressiss\u00e4 on pitk\u00e4aikainen ja kest\u00e4v\u00e4 rauha ja t\u00e4ll\u00f6in sen pit\u00e4\u00e4 olla mahdollisimman oikeudenmukainen ja osapuolten hyv\u00e4ksym\u00e4. Ulkoministeri paalutti, ettei miss\u00e4\u00e4n rauhansopimuksessa voi sopia rauhasta ohi Euroopan.<\/p>\n<p class=\"paragraph\">H\u00e4n oli aiemmin antanut ymm\u00e4rt\u00e4\u00e4, ett\u00e4 Naton ulkoministerikokouksessa oli ollut esill\u00e4 my\u00f6s se, ett\u00e4 artikla 10:st\u00e4, johon perustuu Naton avointen ovien politiikka, p\u00e4\u00e4tet\u00e4\u00e4n Natossa. Naton j\u00e4senyyskysymyksi\u00e4 ei voi ulkopuolelta sanella.<\/p>\n<p class=\"paragraph\">Valtosen kommentin taustalla oli eitt\u00e4m\u00e4tt\u00e4 se, ett\u00e4 esill\u00e4 olleissa rauhansopimusmalleissa t\u00e4m\u00e4 asia ei ole vaikuttanut selv\u00e4lt\u00e4.<\/p>\n<p class=\"paragraph\">Valtonen painotti mediatilaisuudessaan vahvasti sit\u00e4, ett\u00e4 pit\u00e4\u00e4 pyrki\u00e4 torjumaan Ven\u00e4j\u00e4n uhkaa pitk\u00e4aikaisesti.<\/p>\n<p class=\"paragraph\">\u2013 Siihen valitettavasti ei ole mit\u00e4\u00e4n vippaskonsteja.<\/p>\n<p>Nopea jatkok\u00e4sittely<\/p>\n<p class=\"paragraph\">Ulkoministeri Elina Valtonen piti illan tiedotustilaisuutensa Wieniss\u00e4, jossa h\u00e4n osallistuu Etyj-j\u00e4rjest\u00f6n ulkoministerikokoukseen. Nato-ulkoministerit olivat tavanneet jo aiemmin Brysseliss\u00e4.<\/p>\n<p class=\"paragraph\">EU-komissio <a href=\"https:\/\/www.kauppalehti.fi\/uutiset\/a\/183fec9d-76c0-4c8b-8ff3-4fbb6b5b7581?ref=ampparit%3A4589\" rel=\"noopener nofollow\" target=\"_blank\">esitti keskiviikkona vaihtoehtoja<\/a> Ukrainan rahoitustarpeiden turvaamiseksi.<\/p>\n<p class=\"paragraph\">Valtonen totesi, ett\u00e4 on hienoa, ett\u00e4 Ven\u00e4j\u00e4n j\u00e4\u00e4dytetyt varat nyt todenn\u00e4k\u00f6isesti saadaan k\u00e4ytt\u00f6\u00f6n.<\/p>\n<p class=\"paragraph\">\u2013 Ukrainan rahoitustarve ensi vuodelle on eritt\u00e4in suuri. Lis\u00e4rahoituksesta on p\u00e4\u00e4tett\u00e4v\u00e4 nopeasti. Komission esitys tulee hyvin nopealla aikataululla jatkok\u00e4sittelyyn, Valtonen totesi.<\/p>\n","protected":false},"excerpt":{"rendered":"Ulkoministeri Elina Valtonen j\u00e4rjesti mediatilaisuuden, jossa h\u00e4n kertoi Nato-maiden ulkoministerien tapaamisesta. Elina Valtonen l\u00e4hd\u00f6ss\u00e4 Nato-kokouksesta Brysselist\u00e4 kohti Wieni\u00e4,&hellip;\n","protected":false},"author":2,"featured_media":107001,"comment_status":"","ping_status":"","sticky":false,"template":"","format":"standard","meta":{"footnotes":""},"categories":[5],"tags":[35,22,23,26,27,33,31,30,17,70,5679,24,25,28,29,15,18,21,142,637,32,19,20,4385,16],"class_list":{"0":"post-107000","1":"post","2":"type-post","3":"status-publish","4":"format-standard","5":"has-post-thumbnail","7":"category-otsikot","8":"tag-24h","9":"tag-breaking-news","10":"tag-breakingnews","11":"tag-featured-news","12":"tag-featurednews","13":"tag-fi","14":"tag-finland","15":"tag-finnish","16":"tag-headlines","17":"tag-kansainvalinen-politiikka","18":"tag-kansainvaliset-organisaatiot-ja-sopimukset","19":"tag-latest-news","20":"tag-latestnews","21":"tag-main-news","22":"tag-mainnews","23":"tag-news","24":"tag-otsikot","25":"tag-paauutiset","26":"tag-poliitikot","27":"tag-politiikka","28":"tag-suomi","29":"tag-top-stories","30":"tag-topstories","31":"tag-ulkopolitiikka-ja-kansainvalinen-politiikka","32":"tag-uutiset"},"share_on_mastodon":{"url":"https:\/\/pubeurope.com\/@fi\/115657994825763825","error":""},"_links":{"self":[{"href":"https:\/\/www.europesays.com\/fi\/wp-json\/wp\/v2\/posts\/107000","targetHints":{"allow":["GET"]}}],"collection":[{"href":"https:\/\/www.europesays.com\/fi\/wp-json\/wp\/v2\/posts"}],"about":[{"href":"https:\/\/www.europesays.com\/fi\/wp-json\/wp\/v2\/types\/post"}],"author":[{"embeddable":true,"href":"https:\/\/www.europesays.com\/fi\/wp-json\/wp\/v2\/users\/2"}],"replies":[{"embeddable":true,"href":"https:\/\/www.europesays.com\/fi\/wp-json\/wp\/v2\/comments?post=107000"}],"version-history":[{"count":0,"href":"https:\/\/www.europesays.com\/fi\/wp-json\/wp\/v2\/posts\/107000\/revisions"}],"wp:featuredmedia":[{"embeddable":true,"href":"https:\/\/www.europesays.com\/fi\/wp-json\/wp\/v2\/media\/107001"}],"wp:attachment":[{"href":"https:\/\/www.europesays.com\/fi\/wp-json\/wp\/v2\/media?parent=107000"}],"wp:term":[{"taxonomy":"category","embeddable":true,"href":"https:\/\/www.europesays.com\/fi\/wp-json\/wp\/v2\/categories?post=107000"},{"taxonomy":"post_tag","embeddable":true,"href":"https:\/\/www.europesays.com\/fi\/wp-json\/wp\/v2\/tags?post=107000"}],"curies":[{"name":"wp","href":"https:\/\/api.w.org\/{rel}","templated":true}]}}