{"id":107027,"date":"2025-12-03T23:18:09","date_gmt":"2025-12-03T23:18:09","guid":{"rendered":"https:\/\/www.europesays.com\/fi\/107027\/"},"modified":"2025-12-03T23:18:09","modified_gmt":"2025-12-03T23:18:09","slug":"autoilija-ajoi-vaajakosken-moottoritiella-vaaraan-suuntaan-matka-paattyi-kylkikolariin-keski-suomi","status":"publish","type":"post","link":"https:\/\/www.europesays.com\/fi\/107027\/","title":{"rendered":"Autoilija ajoi Vaajakosken moottoritiell\u00e4 v\u00e4\u00e4r\u00e4\u00e4n suuntaan \u2013 matka p\u00e4\u00e4ttyi kylkikolariin | Keski-Suomi"},"content":{"rendered":"<p>Autoilija ajoi Jyv\u00e4skyl\u00e4ss\u00e4 Vaajakosken moottoritiet\u00e4 v\u00e4\u00e4r\u00e4\u00e4n suuntaan keskiviikkona alkuillasta.<\/p>\n<p>Vanhempi konstaapeli <strong>Joonas Niskanen<\/strong> Sis\u00e4-Suomen poliisin tilannekeskuksesta kertoo, ett\u00e4 autoilija oli osunut yhteen autoon.<\/p>\n<p>\u2013 Oli tullut kylkikosketus ainoastaan, ja sen j\u00e4lkeen matka oli pys\u00e4htynyt, Niskanen sanoo.<\/p>\n<p>Kuljettaja oli autossa yksin\u00e4\u00e4n. H\u00e4n oli matkalla Vaajakosken suuntaan Jyv\u00e4skyl\u00e4\u00e4n p\u00e4in vievill\u00e4 kaistoilla.<\/p>\n<p>\u2013 Sen verran oli onnea, ettei tullut vakavia henkil\u00f6vahinkoja kellek\u00e4\u00e4n, Niskanen kertoo.<\/p>\n<p><strong class=\"diks-storyline__impact\">Tapahtumiin<\/strong> johtaneista syist\u00e4 Niskasella ei ole tietoa. H\u00e4nen mukaansa p\u00e4ihteill\u00e4 ei ollut osuutta tapaukseen.<\/p>\n<p>Auton kuljettajaa ep\u00e4ill\u00e4\u00e4n toistaiseksi liikenneturvallisuuden vaarantamisesta.<\/p>\n<p>Paikalla olleen Keskisuomalaisen toimittajan mukaan liikenne ehti ruuhkautua pahoin. Vartin yli seitsem\u00e4n aikaan illalla viimeinen poliisipartio oli jo matkalla kohteesta pois ja liikenne oli palautumassa normaaliksi, Niskanen vahvistaa.<\/p>\n<p>H\u00e4lytys onnettomuudesta tuli puoli seitsem\u00e4n aikaan.<\/p>\n<p>Juttua p\u00e4ivitetty kauttaaltaan kello 19.29.<\/p>\n","protected":false},"excerpt":{"rendered":"Autoilija ajoi Jyv\u00e4skyl\u00e4ss\u00e4 Vaajakosken moottoritiet\u00e4 v\u00e4\u00e4r\u00e4\u00e4n suuntaan keskiviikkona alkuillasta. Vanhempi konstaapeli Joonas Niskanen Sis\u00e4-Suomen poliisin tilannekeskuksesta kertoo, ett\u00e4&hellip;\n","protected":false},"author":2,"featured_media":38536,"comment_status":"","ping_status":"","sticky":false,"template":"","format":"standard","meta":{"footnotes":""},"categories":[12],"tags":[22,23,26,27,33,31,30,17,425,24,25,121,28,29,15,120,18,21,122,54,32,128,19,20,546,16],"class_list":{"0":"post-107027","1":"post","2":"type-post","3":"status-publish","4":"format-standard","5":"has-post-thumbnail","7":"category-suomi","8":"tag-breaking-news","9":"tag-breakingnews","10":"tag-featured-news","11":"tag-featurednews","12":"tag-fi","13":"tag-finland","14":"tag-finnish","15":"tag-headlines","16":"tag-jyvaskyla","17":"tag-latest-news","18":"tag-latestnews","19":"tag-liikenne-ja-kuljetus","20":"tag-main-news","21":"tag-mainnews","22":"tag-news","23":"tag-onnettomuustapaus","24":"tag-otsikot","25":"tag-paauutiset","26":"tag-pelastaminen","27":"tag-pelastuspalvelut","28":"tag-suomi","29":"tag-tieliikenne","30":"tag-top-stories","31":"tag-topstories","32":"tag-turvallisuus","33":"tag-uutiset"},"share_on_mastodon":{"url":"https:\/\/pubeurope.com\/@fi\/115658195273434349","error":""},"_links":{"self":[{"href":"https:\/\/www.europesays.com\/fi\/wp-json\/wp\/v2\/posts\/107027","targetHints":{"allow":["GET"]}}],"collection":[{"href":"https:\/\/www.europesays.com\/fi\/wp-json\/wp\/v2\/posts"}],"about":[{"href":"https:\/\/www.europesays.com\/fi\/wp-json\/wp\/v2\/types\/post"}],"author":[{"embeddable":true,"href":"https:\/\/www.europesays.com\/fi\/wp-json\/wp\/v2\/users\/2"}],"replies":[{"embeddable":true,"href":"https:\/\/www.europesays.com\/fi\/wp-json\/wp\/v2\/comments?post=107027"}],"version-history":[{"count":0,"href":"https:\/\/www.europesays.com\/fi\/wp-json\/wp\/v2\/posts\/107027\/revisions"}],"wp:featuredmedia":[{"embeddable":true,"href":"https:\/\/www.europesays.com\/fi\/wp-json\/wp\/v2\/media\/38536"}],"wp:attachment":[{"href":"https:\/\/www.europesays.com\/fi\/wp-json\/wp\/v2\/media?parent=107027"}],"wp:term":[{"taxonomy":"category","embeddable":true,"href":"https:\/\/www.europesays.com\/fi\/wp-json\/wp\/v2\/categories?post=107027"},{"taxonomy":"post_tag","embeddable":true,"href":"https:\/\/www.europesays.com\/fi\/wp-json\/wp\/v2\/tags?post=107027"}],"curies":[{"name":"wp","href":"https:\/\/api.w.org\/{rel}","templated":true}]}}