{"id":107030,"date":"2025-12-03T23:31:11","date_gmt":"2025-12-03T23:31:11","guid":{"rendered":"https:\/\/www.europesays.com\/fi\/107030\/"},"modified":"2025-12-03T23:31:11","modified_gmt":"2025-12-03T23:31:11","slug":"matthew-perryn-laakari-vankilaan","status":"publish","type":"post","link":"https:\/\/www.europesays.com\/fi\/107030\/","title":{"rendered":"Matthew Perryn l\u00e4\u00e4k\u00e4ri vankilaan"},"content":{"rendered":"<p>L\u00e4\u00e4k\u00e4ri my\u00f6nsi hankkineensa Frendit-sarjan t\u00e4hdelle laittomasti ketamiinia ennen t\u00e4m\u00e4n kuolemaa.<\/p>\n<p><img decoding=\"async\" class=\"image image-show image-preview\" src=\"https:\/\/www.europesays.com\/fi\/wp-content\/uploads\/2025\/12\/c8ec967004d6655ec55216d5b6ebfe3dcda31d93dba725738509e05485ff1b45.jpg\" alt=\"\"\/><img decoding=\"async\" class=\"image image-show\" src=\"https:\/\/www.europesays.com\/fi\/wp-content\/uploads\/2025\/12\/1764804671_721_c8ec967004d6655ec55216d5b6ebfe3dcda31d93dba725738509e05485ff1b45.jpg\" alt=\"\"\/><\/p>\n<p>N\u00e4yttelij\u00e4 Matthew Perry kuoli vuonna 2023.  ZumaWire \/ MVPHOTOS<\/p>\n<p class=\"paragraph\">Frendit-t\u00e4hti <a href=\"https:\/\/www.iltalehti.fi\/henkilot\/Matthew Perry\" class=\"article-link-person-page\" rel=\"nofollow noopener\" target=\"_blank\">Matthew Perryn<\/a> l\u00e4\u00e4k\u00e4ri <a href=\"https:\/\/www.iltalehti.fi\/henkilot\/Salvador Plasencia\" class=\"article-link-person-page\" rel=\"nofollow noopener\" target=\"_blank\">Salvador Plasencia<\/a> sai kahden vuoden ja kuuden kuukauden tuomion.<\/p>\n<p class=\"paragraph\">H\u00e4n on ensimm\u00e4inen viidest\u00e4 Perryn kuolemasta syytetyst\u00e4 henkil\u00f6st\u00e4, joka on saanut tuomion.<\/p>\n<p class=\"paragraph\">Perry l\u00f6ydettiin hukkuneena kotoaan poreammeesta otettuaan ketamiinia lokakuussa 2023. Syytt\u00e4j\u00e4n <a href=\"https:\/\/news.sky.com\/story\/doctor-who-supplied-ketamine-to-late-friends-star-matthew-perry-jailed-13478863\" rel=\"noopener nofollow\" target=\"_blank\">mukaan <\/a>Plasencia k\u00e4ytti Perryn huumeriippuvaisuutta hyv\u00e4kseen myym\u00e4ll\u00e4 ketamiinia h\u00e4nelle korkeaan hintaan viikkoina ennen Perryn kuolemaa.<\/p>\n<p class=\"paragraph\">Vaikka Plasencia ei myynytk\u00e4\u00e4n Perryn kuolemaan johtanutta ketamiiniannosta, tuomarin mukaan h\u00e4n oli osallinen Perryn kuolemaan.<\/p>\n<p class=\"paragraph\">\u2013 K\u00e4ytit hyv\u00e4ksesi Perryn addiktiota oman etusi vuoksi, tuomari <strong>Sherilyn Peace Garnett<\/strong> totesi.<\/p>\n<p>Matthew Perryn perhe poistui oikeustalolta k\u00e4si k\u00e4dess\u00e4 l\u00e4\u00e4k\u00e4rin saaman tuomion j\u00e4lkeen. Snorlax \/ MEGA, EPA \/ AOP<\/p>\n<p>\u201dYksi syyllisimmist\u00e4\u201d<\/p>\n<p class=\"paragraph\">Perryn vanhempien mukaan Plasencia on \u201dyksi syyllisimmist\u00e4\u201d Perryn kuolemaan, <a href=\"https:\/\/news.sky.com\/story\/matthew-perrys-parents-say-doctor-is-among-most-culpable-of-all-ahead-of-first-sentencing-over-stars-death-13478811\" rel=\"noopener nofollow\" target=\"_blank\">Sky News<\/a> kertoo.<\/p>\n<p class=\"paragraph\">Oikeudelle annetussa kirjeess\u00e4 Perryn perhe <a href=\"https:\/\/people.com\/matthew-perry-parents-share-emotional-statements-ahead-of-sentencing-doctor-charged-actors-death-11860985\" rel=\"noopener nofollow\" target=\"_blank\">kutsui<\/a> miehelle ketamiinia myyneit\u00e4 l\u00e4\u00e4k\u00e4reit\u00e4 \u201dahneiksi sakaaleiksi\u201d.<\/p>\n<p class=\"paragraph\">Oikeuden asiakirjoista k\u00e4y ilmi, ett\u00e4 Plasencia kutsui toiselle l\u00e4\u00e4k\u00e4rille l\u00e4hetetyss\u00e4 tekstiviestiss\u00e4 Perry\u00e4 <a href=\"https:\/\/www.iltalehti.fi\/viihdeuutiset\/0c295966-d3d8-4b28-91c7-b34ddd0cf996\" rel=\"nofollow noopener\" target=\"_blank\">\u201didiootiksi\u201d<\/a>, jolle huumeita voisi myyd\u00e4 korkeaan hintaan.<\/p>\n<p class=\"paragraph\">\u2013 Kuinka kauan ajattelit myyd\u00e4 Matthew\u2019lle lukemattomia annoksia ennen h\u00e4nen kuolemaansa? V\u00e4lititk\u00f6 sin\u00e4? Ajattelitko? perhe kysyy Plasencialta kirjeess\u00e4.<\/p>\n<p>\u201dPetin Perryn\u201d<\/p>\n<p class=\"paragraph\">Plasencia pyysi n\u00e4yttelij\u00e4n perheelt\u00e4 anteeksi ennen tuomiotaan, kertoo <a href=\"https:\/\/variety.com\/2025\/tv\/news\/matthew-perry-doctor-sentenced-30-months-ketamine-1236599122\/\" rel=\"noopener nofollow\" target=\"_blank\">Variety<\/a>.<\/p>\n<p class=\"paragraph\">\u2013 Petin Perryn. Petin h\u00e4nen perheens\u00e4. Minun olisi pit\u00e4nyt suojella h\u00e4nt\u00e4, Plasencia sanoi.<\/p>\n<p class=\"paragraph\">Perry oli k\u00e4ytt\u00e4nyt ketamiinia laillisesti masennuksen hoitoon, kertoo <a href=\"https:\/\/www.nbcnews.com\/news\/us-news\/doctor-sentenced-selling-matthew-perry-ketamine-friends-stars-overdose-rcna247141\" rel=\"noopener nofollow\" target=\"_blank\">NBC News<\/a>. Kun Perryn omat l\u00e4\u00e4k\u00e4rit kielt\u00e4ytyiv\u00e4t nostamasta annosta, Perry k\u00e4\u00e4ntyi Plasencian puoleen.<\/p>\n<p class=\"paragraph\">L\u00e4\u00e4k\u00e4ri tienasi laittomalla ketamiinin myynnill\u00e4 noin 55\u00a0000 dollaria, tuomari sanoi <a href=\"https:\/\/www.dailymail.co.uk\/news\/article-15350221\/Matthew-Perry-doctor-gave-Friends-star-drugs-sentence.html\" rel=\"noopener nofollow\" target=\"_blank\">Daily Mailin<\/a> mukaan.<\/p>\n","protected":false},"excerpt":{"rendered":"L\u00e4\u00e4k\u00e4ri my\u00f6nsi hankkineensa Frendit-sarjan t\u00e4hdelle laittomasti ketamiinia ennen t\u00e4m\u00e4n kuolemaa. N\u00e4yttelij\u00e4 Matthew Perry kuoli vuonna 2023. ZumaWire \/&hellip;\n","protected":false},"author":2,"featured_media":107031,"comment_status":"","ping_status":"","sticky":false,"template":"","format":"standard","meta":{"footnotes":""},"categories":[136],"tags":[35,407,137,33,31,30,408,6411,977,976,32,1727,140,109],"class_list":{"0":"post-107030","1":"post","2":"type-post","3":"status-publish","4":"format-standard","5":"has-post-thumbnail","7":"category-julkkikset","8":"tag-24h","9":"tag-celebrities","10":"tag-entertainment","11":"tag-fi","12":"tag-finland","13":"tag-finnish","14":"tag-julkkikset","15":"tag-oikeuden-paatos","16":"tag-oikeusistuimet","17":"tag-oikeusprosessit","18":"tag-suomi","19":"tag-tuomiot","20":"tag-tv-ja-elokuvat","21":"tag-viihde"},"share_on_mastodon":{"url":"https:\/\/pubeurope.com\/@fi\/115658246532303650","error":""},"_links":{"self":[{"href":"https:\/\/www.europesays.com\/fi\/wp-json\/wp\/v2\/posts\/107030","targetHints":{"allow":["GET"]}}],"collection":[{"href":"https:\/\/www.europesays.com\/fi\/wp-json\/wp\/v2\/posts"}],"about":[{"href":"https:\/\/www.europesays.com\/fi\/wp-json\/wp\/v2\/types\/post"}],"author":[{"embeddable":true,"href":"https:\/\/www.europesays.com\/fi\/wp-json\/wp\/v2\/users\/2"}],"replies":[{"embeddable":true,"href":"https:\/\/www.europesays.com\/fi\/wp-json\/wp\/v2\/comments?post=107030"}],"version-history":[{"count":0,"href":"https:\/\/www.europesays.com\/fi\/wp-json\/wp\/v2\/posts\/107030\/revisions"}],"wp:featuredmedia":[{"embeddable":true,"href":"https:\/\/www.europesays.com\/fi\/wp-json\/wp\/v2\/media\/107031"}],"wp:attachment":[{"href":"https:\/\/www.europesays.com\/fi\/wp-json\/wp\/v2\/media?parent=107030"}],"wp:term":[{"taxonomy":"category","embeddable":true,"href":"https:\/\/www.europesays.com\/fi\/wp-json\/wp\/v2\/categories?post=107030"},{"taxonomy":"post_tag","embeddable":true,"href":"https:\/\/www.europesays.com\/fi\/wp-json\/wp\/v2\/tags?post=107030"}],"curies":[{"name":"wp","href":"https:\/\/api.w.org\/{rel}","templated":true}]}}