{"id":107036,"date":"2025-12-03T23:39:10","date_gmt":"2025-12-03T23:39:10","guid":{"rendered":"https:\/\/www.europesays.com\/fi\/107036\/"},"modified":"2025-12-03T23:39:10","modified_gmt":"2025-12-03T23:39:10","slug":"kitaristilegenda-steve-cropper-on-kuollut-84-vuotiaana-uutisia-lyhyesti","status":"publish","type":"post","link":"https:\/\/www.europesays.com\/fi\/107036\/","title":{"rendered":"Kitaristilegenda Steve Cropper on kuollut 84-vuotiaana | Uutisia lyhyesti"},"content":{"rendered":"<p class=\"aw-1gybjub aw-5vja16 kEtdKx kmuxyA yle__article__paragraph\">Booker T. and the M.G.\u2019s -yhtyeen perustajaj\u00e4sen oli mukana kirjoittamassa 1960-luvun klassikkokappaleita Green Onions, (Sittin&#8217; on) the Dock of the Bay ja In the Midnight Hour.<\/p>\n<p><img decoding=\"async\" alt=\"Kitaristi Steve Cropper hymyilee kameralle.\" src=\"https:\/\/www.europesays.com\/fi\/wp-content\/uploads\/2025\/12\/39-15640226930bac5c807e.jpeg\" class=\"aw-1l9m598 hKVVvP\"\/><\/p>\n<p>Avaa kuvien katselu<\/p>\n<p>Musiikkilehti Rolling Stonen vuoden 2023 listauksessa kaikkien aikojen parhaista kitaristeista Cropper oli 45. sijalla. Kuva: Stephen Lovekin \/ AOP<\/p>\n<p class=\"aw-1gybjub aw-1p7kakr kEtdKx cEmitX yle__article__paragraph\">Booker T. and the M.G.\u2019s -yhtyeen kitaristi <strong class=\"aw-ak79eh KyCXm yle__article__strong\">Steve Cropper<\/strong> on kuollut 84-vuotiaana. Yhdysvaltalaismuusikon omaiset kertoivat Cropperin kuolleen keskiviikkona Nashvilless\u00e4 Tennesseen osavaltiossa.<\/p>\n<p class=\"aw-1gybjub aw-1p7kakr kEtdKx cEmitX yle__article__paragraph\">Cropperin sielukasta soitantaa kuultiin monien Stax Recordsin hittien taustalla. H\u00e4n oli mukana kirjoittamassa monia 1960-luvun klassikkokappaleita, kuten Booker T. and the M.G.\u2019sin Green Onionsia, <strong class=\"aw-ak79eh KyCXm yle__article__strong\">Otis Reddingin<\/strong> (Sittin&#8217; on) the Dock of the Bayt\u00e4 ja <strong class=\"aw-ak79eh KyCXm yle__article__strong\">Wilson Pickettin<\/strong> In the Midnight Houria.<\/p>\n<p class=\"aw-1gybjub aw-1p7kakr kEtdKx cEmitX yle__article__paragraph\">Cropper soitti my\u00f6s monien konkarimuusikoiden kanssa <strong class=\"aw-ak79eh KyCXm yle__article__strong\">Dan Aykroydin<\/strong> ja <strong class=\"aw-ak79eh KyCXm yle__article__strong\">John Belushin<\/strong> 1970-luvun lopulla perustamassa Blues Brothers -yhtyeess\u00e4 ja esiintyi molemmissa yhtyeen nime\u00e4 kantaneissa elokuvissa.<\/p>\n<p class=\"aw-1gybjub aw-1p7kakr kEtdKx cEmitX yle__article__paragraph\">Musiikkilehti Rolling Stonen vuoden 2023 listauksessa kaikkien aikojen parhaista kitaristeista Cropper oli <a class=\"aw-iao6s4 iHOxEa yle__article__link\" href=\"https:\/\/www.rollingstone.com\/music\/music-lists\/best-guitarists-1234814010\/steve-cropper-3-1234814352\/\" role=\"link\" rel=\"nofollow noopener\" target=\"_blank\">45. sijalla<\/a>. Rock and Roll Hall of Fame -kunniagalleriaan Cropper p\u00e4\u00e4si vuonna 1992 osana Booker T. and the M.G.&#8217;s -yhtyett\u00e4.<\/p>\n<p class=\"aw-1gybjub aw-1p7kakr kEtdKx cEmitX yle__article__paragraph\">L\u00e4hde: AP<\/p>\n","protected":false},"excerpt":{"rendered":"Booker T. and the M.G.\u2019s -yhtyeen perustajaj\u00e4sen oli mukana kirjoittamassa 1960-luvun klassikkokappaleita Green Onions, (Sittin&#8217; on) the Dock&hellip;\n","protected":false},"author":2,"featured_media":107037,"comment_status":"","ping_status":"","sticky":false,"template":"","format":"standard","meta":{"footnotes":""},"categories":[130],"tags":[20106,137,33,31,30,20107,108,4223,5843,20105,32,109],"class_list":{"0":"post-107036","1":"post","2":"type-post","3":"status-publish","4":"format-standard","5":"has-post-thumbnail","7":"category-viihde","8":"tag-booker-t-the-m-g-s","9":"tag-entertainment","10":"tag-fi","11":"tag-finland","12":"tag-finnish","13":"tag-kitaristit","14":"tag-kulttuuri","15":"tag-kuolleet","16":"tag-muusikot","17":"tag-steve-cropper","18":"tag-suomi","19":"tag-viihde"},"share_on_mastodon":{"url":"https:\/\/pubeurope.com\/@fi\/115658278312559695","error":""},"_links":{"self":[{"href":"https:\/\/www.europesays.com\/fi\/wp-json\/wp\/v2\/posts\/107036","targetHints":{"allow":["GET"]}}],"collection":[{"href":"https:\/\/www.europesays.com\/fi\/wp-json\/wp\/v2\/posts"}],"about":[{"href":"https:\/\/www.europesays.com\/fi\/wp-json\/wp\/v2\/types\/post"}],"author":[{"embeddable":true,"href":"https:\/\/www.europesays.com\/fi\/wp-json\/wp\/v2\/users\/2"}],"replies":[{"embeddable":true,"href":"https:\/\/www.europesays.com\/fi\/wp-json\/wp\/v2\/comments?post=107036"}],"version-history":[{"count":0,"href":"https:\/\/www.europesays.com\/fi\/wp-json\/wp\/v2\/posts\/107036\/revisions"}],"wp:featuredmedia":[{"embeddable":true,"href":"https:\/\/www.europesays.com\/fi\/wp-json\/wp\/v2\/media\/107037"}],"wp:attachment":[{"href":"https:\/\/www.europesays.com\/fi\/wp-json\/wp\/v2\/media?parent=107036"}],"wp:term":[{"taxonomy":"category","embeddable":true,"href":"https:\/\/www.europesays.com\/fi\/wp-json\/wp\/v2\/categories?post=107036"},{"taxonomy":"post_tag","embeddable":true,"href":"https:\/\/www.europesays.com\/fi\/wp-json\/wp\/v2\/tags?post=107036"}],"curies":[{"name":"wp","href":"https:\/\/api.w.org\/{rel}","templated":true}]}}