{"id":107038,"date":"2025-12-03T23:42:37","date_gmt":"2025-12-03T23:42:37","guid":{"rendered":"https:\/\/www.europesays.com\/fi\/107038\/"},"modified":"2025-12-03T23:42:37","modified_gmt":"2025-12-03T23:42:37","slug":"huili-taukopaikka-avataan-neste-jyvaskyla-tourulan-liikenneasemalla-9-12-2","status":"publish","type":"post","link":"https:\/\/www.europesays.com\/fi\/107038\/","title":{"rendered":"Huili-taukopaikka avataan Neste Jyv\u00e4skyl\u00e4 Tourulan liikenneasemalla 9.12."},"content":{"rendered":"<p>Huili-taukopaikkakonsepti jatkaa kasvuaan, kun Neste Jyv\u00e4skyl\u00e4 Tourula -liikenneasemalla avataan uusi Huili-taukopaikka tiistaina 9.12. klo 11. Kyseess\u00e4 on jo kolmas Huili Jyv\u00e4skyl\u00e4ss\u00e4, ja sen my\u00f6t\u00e4 entist\u00e4 useampi Valtatie 9:lla matkustava sek\u00e4 l\u00e4hialueen asukas saa mahdollisuuden nauttia Huilin tarjoamasta rennosta pys\u00e4hdyksest\u00e4 ja hyv\u00e4st\u00e4 palvelusta.\u00a0<\/p>\n<p>Uusi Huili Neste Jyv\u00e4skyl\u00e4 Tourula -liikenneasemalla tarjoaa viihtyis\u00e4n ymp\u00e4rist\u00f6n ja laadukkaat kahvilapalvelut, joissa yhdistyv\u00e4t maukas valikoima ja l\u00e4mmin asiakaspalvelu. Huilin valikoimasta l\u00f6ytyv\u00e4t muun muassa aamiaispuuro, monipuoliset vitriinituotteet sek\u00e4 laadukkaita kahvilaherkkuja, jotka sopivat t\u00e4ydellisesti niin nopeaan pys\u00e4hdykseen kuin rauhalliseen kahvihetkeen.\u00a0<\/p>\n<p>&#8221;Olemme todella iloisia, ett\u00e4 nyt jo kolmas Huili-taukopaikka avaa ovensa Jyv\u00e4skyl\u00e4ss\u00e4. Haluamme tarjota asiakkaillemme paikan, jossa pys\u00e4hdys on enemm\u00e4n kuin tauko. Huilissa t\u00e4rkeint\u00e4 on viihtyisyys, laadukkaat kahvilatuotteet ja l\u00e4mmin palvelu \u2013 pieni heng\u00e4hdyshetki keskelle arkea ja\u00a0 matkantekoa&#8221;, kertoo Restel Taukopaikat Oy:n liiketoimintajohtaja<strong> Tarja Kuittinen.\u00a0<\/strong><\/p>\n<p>Huili Tourula Jyv\u00e4skyl\u00e4 palvelee tien p\u00e4\u00e4ll\u00e4 liikkuvia ja paikallisia arkisin klo 06\u201321, lauantaisin klo 08\u201320 ja sunnuntaisin klo 09-19. Huilissa valikoimaan kuuluvat arkisin aamiais-ja lounas buffet, ala carte\u00a0 sek\u00e4 monipuoliset vitriinituotteet.\u202f\u00a0<\/p>\n<p>&#8221;Neste Jyv\u00e4skyl\u00e4 Tourula -liikenneaseman palvelut vahvistuvat uuden Huili-taukopaikan ja Neste Easy Wash -autopesupalvelun avautumisen my\u00f6t\u00e4. On hienoa, ett\u00e4 Huili-taukopaikkojen verkosto ja laadukkaat kahvila-ravintolapalvelut laajenevat my\u00f6s Jyv\u00e4skyl\u00e4ss\u00e4. Yhdess\u00e4 Restelin kanssa tarjoamme asiakkaille vaivattoman ja miellytt\u00e4v\u00e4n pys\u00e4hdyksen. Yhteisen\u00e4 tavoitteenamme on tarjota erinomainen asiakaskokemus&#8221;, sanoo <strong>Katri Taskinen<\/strong>, Nesteen asemaverkostosta vastaava johtaja.\u00a0<\/p>\n<p>Avajaisp\u00e4iv\u00e4n\u00e4 Huili Tourula Jyv\u00e4skyl\u00e4ss\u00e4 on luvassa my\u00f6s erityisi\u00e4 etuja: ensimm\u00e4iset asiakkaat saavat yhteisty\u00f6kumppaneiden tuotteilla t\u00e4ytetyt Huili-kassit ja voivat nauttia ilmaiset kakkukahvit. Lis\u00e4ksi Huilin maukas lounas on tarjolla klo 11-15 erikoishintaan 5 euroa. Avajaisviikolla (9.12.-21.12.) Neste Jyv\u00e4skyl\u00e4 Tourula -liikenneasemalla\u202fon polttonestealennus -5 snt\/l* sek\u00e4 Neste Easy Wash \u2013autopesutarjoukset,\u202f avajaisp\u00e4iv\u00e4n\u00e4 9.12. Paras-pesu 5 \u20ac (norm. 35 \u20ac) ja 10.12.-21.12. Loistopesu 15 \u20ac (norm. 29 \u20ac)**.\u202f\u00a0<\/p>\n<p><strong>Huili Tourula Jyv\u00e4skyl\u00e4 \u202f\u00a0<\/strong><\/p>\n<ul>\n<li>Avautuu tiistaina 9.12. klo 11.00 osoitteessa Tourulantie 2, Jyv\u00e4skyl\u00e4\u202f\u00a0<\/li>\n<li>Runsas aamiais- ja lounasbuffet , a la carte \u2013 annokset ja vitriinituotteet\u202f\u00a0<\/li>\n<li>Paikallisuus n\u00e4kyy ruuassa ja valikoimassa\u202f\u00a0<\/li>\n<li>KOKO3:n suunnittelema sisustus\u202f\u00a0<\/li>\n<li>Myym\u00e4l\u00e4\u202f\u00a0<\/li>\n<li>Neste Easy Wash \u2013autonpesu\u00a0<\/li>\n<li>Neste Futura \u2013polttoaineet\u00a0<\/li>\n<li>Matkahuolto ja Pakettipalvelut\u00a0<\/li>\n<\/ul>\n<p>*Alennus voimassa tankkauksista (pl. poltto\u00f6ljy), kun maksat Neste-\u00e4pill\u00e4 tai tunnistaudut automaatilla Plussa-kortilla. Tarjous voimassa Neste Jyv\u00e4skyl\u00e4 Tourula -liikenneasemalla 9.12.-21.12.2025. Ei yhdistett\u00e4viss\u00e4 muihin etuihin.\u202f\u00a0<\/p>\n<p>**Tarjous voimassa Neste Jyv\u00e4skyl\u00e4 Tourula-liikenneaseman Neste Easy Wash -autopesupalvelussa, kun maksat myym\u00e4l\u00e4n kassalle tai automaatille. Paras-pesu -tarjous 9.12.2025 ja Loistopesu-tarjous 10.12.-21.12.2025. Ei yhdistett\u00e4viss\u00e4 muihin etuihin.\u202f\u00a0<\/p>\n","protected":false},"excerpt":{"rendered":"Huili-taukopaikkakonsepti jatkaa kasvuaan, kun Neste Jyv\u00e4skyl\u00e4 Tourula -liikenneasemalla avataan uusi Huili-taukopaikka tiistaina 9.12. klo 11. Kyseess\u00e4 on jo&hellip;\n","protected":false},"author":2,"featured_media":106398,"comment_status":"","ping_status":"","sticky":false,"template":"","format":"standard","meta":{"footnotes":""},"categories":[76],"tags":[79,77,33,31,30,32,78],"class_list":{"0":"post-107038","1":"post","2":"type-post","3":"status-publish","4":"format-standard","5":"has-post-thumbnail","7":"category-talous","8":"tag-business","9":"tag-economy","10":"tag-fi","11":"tag-finland","12":"tag-finnish","13":"tag-suomi","14":"tag-talous"},"share_on_mastodon":{"url":"https:\/\/pubeurope.com\/@fi\/115658290253567823","error":""},"_links":{"self":[{"href":"https:\/\/www.europesays.com\/fi\/wp-json\/wp\/v2\/posts\/107038","targetHints":{"allow":["GET"]}}],"collection":[{"href":"https:\/\/www.europesays.com\/fi\/wp-json\/wp\/v2\/posts"}],"about":[{"href":"https:\/\/www.europesays.com\/fi\/wp-json\/wp\/v2\/types\/post"}],"author":[{"embeddable":true,"href":"https:\/\/www.europesays.com\/fi\/wp-json\/wp\/v2\/users\/2"}],"replies":[{"embeddable":true,"href":"https:\/\/www.europesays.com\/fi\/wp-json\/wp\/v2\/comments?post=107038"}],"version-history":[{"count":0,"href":"https:\/\/www.europesays.com\/fi\/wp-json\/wp\/v2\/posts\/107038\/revisions"}],"wp:featuredmedia":[{"embeddable":true,"href":"https:\/\/www.europesays.com\/fi\/wp-json\/wp\/v2\/media\/106398"}],"wp:attachment":[{"href":"https:\/\/www.europesays.com\/fi\/wp-json\/wp\/v2\/media?parent=107038"}],"wp:term":[{"taxonomy":"category","embeddable":true,"href":"https:\/\/www.europesays.com\/fi\/wp-json\/wp\/v2\/categories?post=107038"},{"taxonomy":"post_tag","embeddable":true,"href":"https:\/\/www.europesays.com\/fi\/wp-json\/wp\/v2\/tags?post=107038"}],"curies":[{"name":"wp","href":"https:\/\/api.w.org\/{rel}","templated":true}]}}