{"id":107039,"date":"2025-12-03T23:43:11","date_gmt":"2025-12-03T23:43:11","guid":{"rendered":"https:\/\/www.europesays.com\/fi\/107039\/"},"modified":"2025-12-03T23:43:11","modified_gmt":"2025-12-03T23:43:11","slug":"bussikuskin-paivat-venezuelan-ratissa-vaikuttavat-luetuilta","status":"publish","type":"post","link":"https:\/\/www.europesays.com\/fi\/107039\/","title":{"rendered":"Bussikuskin p\u00e4iv\u00e4t Venezuelan ratissa vaikuttavat luetuilta"},"content":{"rendered":"<p>Diktaattorin aika n\u00e4ytt\u00e4\u00e4 k\u00e4yv\u00e4n v\u00e4hiin. Alussa tuskin kukaan uskoi, ett\u00e4 karismaton kakkosmies voisi johtaa Venezuelaa reilusti yli vuosikymmenen, eik\u00e4 se reilusti onnistunutkaan.<\/p>\n<p>Lue tiivistelm\u00e4<\/p>\n<p>Tiivistelm\u00e4 on teko\u00e4lyn tekem\u00e4 ja ihmisen tarkistama.<\/p>\n<p class=\"article-body mb-nof-24 px-nof-16 sndp-summary-bullet-point-font\">Venezuelan presidentti Nicol\u00e1s Maduro on vaikeuksissa, kun Yhdysvaltain presidentti Donald Trump on uhannut sotilaallisilla iskuilla ja vaatinut h\u00e4nen eroamistaan.<\/p>\n<p class=\"article-body mb-nof-24 px-nof-16 sndp-summary-bullet-point-font\">Trump on sijoittanut noin 15 000 sotilasta Karibianmerelle ja asettanut Madurolle m\u00e4\u00e4r\u00e4ajan, joka umpeutui viime perjantaina.<\/p>\n<p class=\"article-body mb-nof-24 px-nof-16 sndp-summary-bullet-point-font\">Maduro on johtanut Venezuelaa vuodesta 2013 l\u00e4htien, ja hein\u00e4kuussa 2024 h\u00e4n v\u00e4\u00e4renssi vaalituloksen pysy\u00e4kseen vallassa, vaikka opposition ehdokas sai todellisuudessa yli kaksinkertaisesti enemm\u00e4n \u00e4\u00e4ni\u00e4.<\/p>\n<p class=\"article-body mb-nof-24 px-nof-16\">Duunariperheen pojasta tuli mestari takertumaan valtaan. Silti <a class=\"article-personlink\" href=\"https:\/\/www.hs.fi\/haku\/?query=Nicol%C3%A1s%20Maduro\" rel=\"nofollow noopener\" target=\"_blank\">Nicol\u00e1s Maduro<\/a>, entinen bussikuski ja ay-pomo, taitaa olla viimein liian kovassa paikassa.<\/p>\n<p class=\"article-body mb-nof-24 px-nof-16\">Yhdysvaltain presidentti <a class=\"article-personlink\" href=\"https:\/\/www.hs.fi\/haku\/?query=Donald%20Trump\" rel=\"nofollow noopener\" target=\"_blank\">Donald Trump<\/a> <a class=\"article-genericlink\" href=\"https:\/\/www.hs.fi\/maailma\/art-2000011665764.html\" rel=\"nofollow noopener\" target=\"_blank\">vakuutti<\/a> tiistaina aloittavansa pian iskut maakohteisiin. Sotajoukkojen kasaaminen Venezuelan edustalle on maalattu operaatioksi huumeiden salakuljettajia vastaan, mutta Trumpin hallinto ei edes peittele tavoitettaan syrj\u00e4ytt\u00e4\u00e4 vasemmistolaista diktaattoria. Maduron kytkyt huumebisnekseen ovat l\u00e4hinn\u00e4 veruke.<\/p>\n<p class=\"article-body mb-nof-24 px-nof-16\">Keinot Maduron kaatamiseksi ovat yh\u00e4 arvoitus. Ei tiedet\u00e4, miten suoraan h\u00e4nt\u00e4 itse\u00e4\u00e4n vastaan Yhdysvaltain asevoimat iskee. Todenn\u00e4k\u00f6isesti ruuvi kiristyy viel\u00e4kin kierros kerrallaan. Ilmeist\u00e4 on, ett\u00e4 Trumpin hallinto toivoo ensisijaisesti veret\u00f6nt\u00e4 vallanvaihtoa: ett\u00e4 Maduro v\u00e4istyisi paineen alla vapaaehtoisesti tai ett\u00e4 kenraalikunta tai l\u00e4hipiiri pakottaisi h\u00e4net sivuun.<\/p>\n<p class=\"article-body mb-nof-24 px-nof-16\">Yht\u00e4 selv\u00e4\u00e4 on, ett\u00e4 Trumpin on vaikea per\u00e4\u00e4nty\u00e4. Jos Karibianmerelle sijoitetut noin 15\u202f000 sotilasta yht\u00e4kki\u00e4 komennettaisiin kotiin, se tulkittaisiin Trumpille nolona tappiona ja Madurolle voimaannuttavana selk\u00e4voittona supervallasta.<\/p>\n<p class=\"article-body mb-nof-24 px-nof-16\">Ja kuten sotilasasiantuntijat <a class=\"article-genericlink\" href=\"https:\/\/www.hs.fi\/maailma\/art-2000011621301.html\" rel=\"nofollow noopener\" target=\"_blank\">korostavat<\/a>: maailman <a class=\"article-genericlink\" href=\"https:\/\/www.hs.fi\/maailma\/art-2000011583335.html\" rel=\"nofollow noopener\" target=\"_blank\">suurinta<\/a> lentotukialusta ei kerta kaikkiaan siirrell\u00e4 valtameren yli, ellei sen iskukyky\u00e4 my\u00f6s k\u00e4ytet\u00e4.<\/p>\n<p class=\"article-body mb-nof-24 px-nof-16\">Maduro, 63, ei kategorisesti kielt\u00e4ydy v\u00e4istym\u00e4st\u00e4, sill\u00e4 h\u00e4nen tiedet\u00e4\u00e4n neuvotelleen Trumpin kanssa ehdoista.<\/p>\n<p class=\"article-body mb-nof-24 px-nof-16\">Sanomalehti The New York Times <a class=\"article-genericlink\" href=\"https:\/\/www.nytimes.com\/2025\/10\/10\/world\/americas\/maduro-venezuela-us-oil.html\" rel=\"nofollow noopener\" target=\"_blank\">uutisoi<\/a> jo lokakuun alkupuolella, ett\u00e4 Maduro tarjosi neuvonantajiensa kautta Yhdysvalloille suurta siivua Venezuelan \u00f6ljyst\u00e4 ja kaivannaisista pysy\u00e4kseen vallassa.<\/p>\n<p class=\"article-body mb-nof-24 px-nof-16\">Toissa viikolla puhelinkeskustelussa Trumpin kanssa Maduro pyysi t\u00e4ytt\u00e4 armahdusta itselleen ja perheenj\u00e4senilleen, luopumista Kansainv\u00e4lisen rikostuomioistuimen tutkinnasta sek\u00e4 Yhdysvaltain pakotteiden riisumista itselt\u00e4\u00e4n ja yli sadalta muulta viranomaiselta. Maduro olisi halunnut varapresidenttins\u00e4 <a class=\"article-personlink\" href=\"https:\/\/www.hs.fi\/haku\/?query=Delcy%20Rodr%C3%ADguezin\" rel=\"nofollow noopener\" target=\"_blank\">Delcy Rodr\u00edguezin<\/a> johtamaan v\u00e4liaikaishallitusta ennen uusia vaaleja.<\/p>\n<p class=\"article-body mb-nof-24 px-nof-16\">Trump ei suostunut. Uutistoimisto Reutersin mukaan h\u00e4n antoi Madurolle viikon aikaa poistua Venezuelasta. Takaraja tuli vastaan viime perjantaina.<\/p>\n<p class=\"article-body mb-nof-24 px-nof-16\">Keskiviikkona vedonly\u00f6ntiennustaja <a class=\"article-genericlink\" href=\"https:\/\/polymarket.com\/event\/maduro-out-in-2025\" rel=\"nofollow noopener\" target=\"_blank\">Polymarket<\/a> n\u00e4ytti Maduron syrj\u00e4ytt\u00e4miselle vuoden loppuun menness\u00e4 17 prosentin todenn\u00e4k\u00f6isyytt\u00e4 ja maaliskuun loppuun menness\u00e4 43 prosentin todenn\u00e4k\u00f6isyytt\u00e4.<\/p>\n<p class=\"article-body mb-nof-24 px-nof-16\">Maduro nousi Venezuelan johtoon varapresidentin asemasta maaliskuussa 2013 tragedian kautta, kun h\u00e4nen edelt\u00e4j\u00e4ns\u00e4 ja oppi-is\u00e4ns\u00e4 <a class=\"article-personlink\" href=\"https:\/\/www.hs.fi\/haku\/?query=Hugo%20Ch%C3%A1vez\" rel=\"nofollow noopener\" target=\"_blank\">Hugo Ch\u00e1vez<\/a> kuoli sy\u00f6p\u00e4\u00e4n 58-vuotiaana. Ch\u00e1vez oli johtanut maata runsaat 14 vuotta.<\/p>\n<p class=\"article-body mb-nof-24 px-nof-16\">Tuskin kukaan olisi silloin uskonut, ett\u00e4 Maduron valtakausi venyisi l\u00e4hes yht\u00e4 pitk\u00e4ksi, eik\u00e4 v\u00e4hiten siksi, ett\u00e4 harva n\u00e4kee j\u00e4yh\u00e4ss\u00e4 viiksiniekassa juurikaan charmia. Sotilastaustainen Ch\u00e1vez oli Latinalaisen Amerikan vasemmiston ikoni, jonka kansanjoukkoja innostavasta karismasta Maduro on voinut vain haaveilla.<\/p>\n<p><img decoding=\"async\" src=\"https:\/\/www.europesays.com\/fi\/wp-content\/uploads\/2025\/12\/1764805390_319_978.jpg\" alt=\"Venezuelan silloinen ulkoministeri Nicol\u00e1s Maduro ja presidentti Hugo Ch\u00e1vez osallistuivat ilmasto- ja ymp\u00e4rist\u00f6kokoukseen Bolivian Tiquipayassa huhtikuussa 2010.\" class=\"_Img_1rerz_1\" style=\"aspect-ratio:1.3016949152542372\" loading=\"eager\"\/><\/p>\n<p class=\"article-picture-caption\">Venezuelan silloinen ulkoministeri Nicol\u00e1s Maduro ja presidentti Hugo Ch\u00e1vez osallistuivat ilmasto- ja ymp\u00e4rist\u00f6kokoukseen Bolivian Tiquipayassa huhtikuussa 2010. Kuva:\u00a0David Mercado \/ Reuters<\/p>\n<p class=\"article-body mb-nof-24 px-nof-16\">Kiusallisten esiintymisten oppikirjatapaus oli, kun elintarvikepulan pahimpina aikoina Maduro kesken tv-puheen veti ty\u00f6p\u00f6yt\u00e4ns\u00e4 alta pasteijan haukatakseen.<\/p>\n<p class=\"article-body mb-nof-24 px-nof-16\">T\u00f6ks\u00e4yttelyn tuoreimpia kukkasia oli puolestaan englanninkielinen toistelu yleis\u00f6tilaisuudessa lokakuussa: \u201dNot war. Yes peace.\u201d<\/p>\n<p class=\"article-body mb-nof-24 px-nof-16\">K\u00f6mpel\u00f6st\u00e4 julkikuvastaan huolimatta Maduro on takuulla etev\u00e4 poliitikko. Muuten h\u00e4n ei olisi kyennyt pit\u00e4m\u00e4\u00e4n ohjia k\u00e4siss\u00e4\u00e4n kriisien keskell\u00e4.<\/p>\n<p class=\"article-body mb-nof-24 px-nof-16\">Kaiketi vaikein hetki ennen t\u00e4t\u00e4 syksy\u00e4 koitti alkuvuodesta 2019, jolloin Maduro astui toiselle virkakaudelleen. Oppositio ei pit\u00e4nyt vaaleja p\u00e4tevin\u00e4 ehdokkaidensa hylk\u00e4ysten takia, ja seurauksena selv\u00e4 enemmist\u00f6 Amerikkojen ja Euroopan maista tunnusti v\u00e4liaikaiseksi presidentiksi parlamentin puheenjohtajan, opposition <a class=\"article-personlink\" href=\"https:\/\/www.hs.fi\/haku\/?query=Juan%20Guaid%C3%B3n\" rel=\"nofollow noopener\" target=\"_blank\">Juan Guaid\u00f3n<\/a>.<\/p>\n<p class=\"article-body mb-nof-24 px-nof-16\">Trump oli tuolloin ensimm\u00e4ist\u00e4 kauttaan Yhdysvaltain presidenttin\u00e4. USA ja EU kiristiv\u00e4t pakotteita Venezuelan viranomaisia vastaan. Maaliskuussa 2020 New Yorkissa nostettiin Maduroa vastaan <a class=\"article-genericlink\" href=\"https:\/\/www.state.gov\/nicolas-maduro-moros\" rel=\"nofollow noopener\" target=\"_blank\">syytteet<\/a>, joiden mukaan h\u00e4n oli valjastanut huumeiden salakuljetuksen aseeksi Yhdysvaltoja vastaan. Siihen perustuu Trumpin hallinnon nykyinenkin kehystys Madurosta huumerikollisena.<\/p>\n<p class=\"article-body mb-nof-24 px-nof-16\">Tuolloin Maduro ei kuitenkaan hievahtanutkaan. Guaid\u00f3 yllytti venezuelalaisia kansannousuun <a class=\"article-genericlink\" href=\"https:\/\/www.pscp.tv\/w\/1rmxPejBrvXKN\" rel=\"nofollow noopener\" target=\"_blank\">videolla<\/a>, jossa h\u00e4n oli puolta vaihtaneiden sotilaiden seurassa Caracasin kaduilla, mutta video oli rajattu niin tiukasti Guiaid\u00f3n ymp\u00e4rille, ett\u00e4 se k\u00e4yt\u00e4nn\u00f6ss\u00e4 paljasti sotilaiden m\u00e4\u00e4r\u00e4n mit\u00e4tt\u00f6m\u00e4ksi.<\/p>\n<p class=\"article-body mb-nof-24 px-nof-16\">V\u00e4hitellen l\u00e4nsimaatkin joutuivat tunnustamaan Maduron Venezuelan tosiasialliseksi johtajaksi. YK:n ilmastokokouksessa Egyptiss\u00e4 marraskuussa 2022 hymyilev\u00e4 Ranskan presidentti <a class=\"article-personlink\" href=\"https:\/\/www.hs.fi\/haku\/?query=Emmanuel%20Macron\" rel=\"nofollow noopener\" target=\"_blank\">Emmanuel Macron<\/a> viel\u00e4p\u00e4 <a class=\"article-genericlink\" href=\"https:\/\/x.com\/telesurenglish\/status\/1589671706939228161\" rel=\"nofollow\">kutsui<\/a> Maduroa kasvotusten presidentiksi, mik\u00e4 tulkittiin u-k\u00e4\u00e4nn\u00f6kseksi.<\/p>\n<p class=\"article-body mb-nof-24 px-nof-16\">L\u00e4pi kaiken Maduron aseman on taannut asevoimien tuki. Upseerien ja muun valtaeliitin tiedet\u00e4\u00e4n rikastuneen kytkyill\u00e4\u00e4n huumeiden salakuljetukseen, joten heill\u00e4kin on ollut Maduron kaatumisessa enemm\u00e4n h\u00e4vitt\u00e4v\u00e4\u00e4 kuin voitettavaa.<\/p>\n<p class=\"article-body mb-nof-24 px-nof-16\">Suuri selitys Maduron vallan lujuudelle on ollut l\u00e4hipiirin korruption salliminen ja toisaalta sora\u00e4\u00e4ni\u00e4 esitt\u00e4neiden ankara rankaiseminen, <a class=\"article-genericlink\" href=\"https:\/\/www.washingtonpost.com\/business\/2025\/11\/30\/venezuela-maduro-chavismo-trump-military-strikes-drugs\/96624d4c-cde4-11f0-92cb-561ee4e6a771_story.html\" rel=\"nofollow noopener\" target=\"_blank\">arvioi<\/a> tutkija <a class=\"article-personlink\" href=\"https:\/\/www.hs.fi\/haku\/?query=Ronal%20Rodr%C3%ADguez\" rel=\"nofollow noopener\" target=\"_blank\">Ronal Rodr\u00edguez<\/a> kolumbialaisen Rosarion yliopiston Venezuelan-tutkimuslaitokselta sanomalehti The Washington Postille.<\/p>\n<p class=\"article-body mb-nof-24 px-nof-16\">Sotilaiden laskelmointi voi kuitenkin muuttua, jos he olettavat Yhdysvaltojen ennen pitk\u00e4\u00e4 kaatavan Maduron vaikka v\u00e4kisin. Ennakoiva kotimainen vallankaappaus saattaisi suojella kenraalien asemaa seuraavankin hallinnon alaisuudessa.<\/p>\n<p><img decoding=\"async\" src=\"https:\/\/www.europesays.com\/fi\/wp-content\/uploads\/2025\/12\/1764805391_28_978.jpg\" alt=\"Nicol\u00e1s Maduro puhui sotilaille viime viikon tiistaina k\u00e4dess\u00e4\u00e4n itsen\u00e4isyyssankari Sim\u00f3n Bol\u00edvarin miekka 200 vuoden takaa.\" class=\"_Img_1rerz_1\" style=\"aspect-ratio:1.4065934065934067\" loading=\"eager\"\/><\/p>\n<p class=\"article-picture-caption\">Nicol\u00e1s Maduro puhui sotilaille viime viikon tiistaina k\u00e4dess\u00e4\u00e4n itsen\u00e4isyyssankari Sim\u00f3n Bol\u00edvarin miekka 200 vuoden takaa. Kuva:\u00a0Leonardo Fernandez Viloria \/ Reuters<\/p>\n<p class=\"article-body mb-nof-24 px-nof-16\">Maduron edelt\u00e4j\u00e4n Ch\u00e1vezin suosio perustui paljolti my\u00f6s siihen, ett\u00e4 h\u00e4n k\u00e4ytti vuosituhannen vaihteessa kasvaneen \u00f6ljyntuotannon varoja runsaasti sosiaalitukiin. K\u00f6yhien elintaso koheni, mutta avok\u00e4tisyys oli lyhytn\u00e4k\u00f6ist\u00e4 ja \u00f6ljyn hintapiikin j\u00e4lkeen Venezuela velkaantui nopeasti. Samalla hallinto laiminl\u00f6i \u00f6ljyteollisuuden kunnossapidon, ja tuotanto rapautui. Hupenevat tuotot ohjattiin kansan sijaan valtaeliitin taskuihin.<\/p>\n<p class=\"article-body mb-nof-24 px-nof-16\">Ch\u00e1vezin kasaama <a class=\"article-genericlink\" href=\"https:\/\/www.hs.fi\/maailma\/art-2000009461348.html\" rel=\"nofollow noopener\" target=\"_blank\">korttitalo sortui<\/a> toden teolla Maduron vahdissa. Pula perustarpeista k\u00e4vi niin pahaksi, ett\u00e4 yli 30 miljoonasta asukkaasta arviolta kahdeksan miljoonaa pakeni ulkomaille.<\/p>\n<p class=\"article-body mb-nof-24 px-nof-16\">Kaikki oli menn\u00e4 toisin.<\/p>\n<p class=\"article-body mb-nof-24 px-nof-16\">Maduron ensimm\u00e4inen vaalivoitto huhtikuussa 2013 oli t\u00e4p\u00e4r\u00e4. Virkaa tekev\u00e4n\u00e4 presidenttin\u00e4 Ch\u00e1vezin kuoltua h\u00e4n l\u00f6i opposition ehdokkaan <a class=\"article-personlink\" href=\"https:\/\/www.hs.fi\/haku\/?query=Henrique%20Caprilesin\" rel=\"nofollow noopener\" target=\"_blank\">Henrique Caprilesin<\/a> prosentein 50,62\u201349,12. Ilmeisesti tulos oli peukaloimaton.<\/p>\n<p class=\"article-body mb-nof-24 px-nof-16\">Sitten valtapuolue alkoi rajoittaa vastustajiaan yh\u00e4 h\u00e4rskimmin. Haastajia estettiin asettumasta ehdolle vaaleissa ja jopa vangittiin. Opposition voitettua vuoden 2015 parlamenttivaalit murskaluvuin koko parlamentti sivuutettiin varta vasten luodulla rinnakkaisella toimielimell\u00e4. Siksi oppositio v\u00e4lill\u00e4 boikotoi vaaleja.<\/p>\n<p class=\"article-body mb-nof-24 px-nof-16\">Vaikka Venezuelaa ei voinut v\u00e4itt\u00e4\u00e4 vapaaksi demokratiaksi, oppositiolle kuitenkin sallittiin vaaleihin joitakin ehdokkaita. Vasta hein\u00e4kuussa 2024 maasta tuli <a class=\"article-genericlink\" href=\"https:\/\/www.hs.fi\/kirjeenvaihtajat\/art-2000010648316.html\" rel=\"nofollow noopener\" target=\"_blank\">t\u00e4ysiverinen diktatuuri<\/a>. Silloin tiett\u00e4v\u00e4sti ensi kertaa vallanpit\u00e4j\u00e4t yksinkertaisesti v\u00e4\u00e4rensiv\u00e4t vaalituloksen mieleisekseen. Vaaliviranomainen v\u00e4itti Maduron voittaneen opposition presidenttiehdokkaan <a class=\"article-personlink\" href=\"https:\/\/www.hs.fi\/haku\/?query=Edmundo%20Gonz%C3%A1lez%20Urrutian\" rel=\"nofollow noopener\" target=\"_blank\">Edmundo Gonz\u00e1lez Urrutian<\/a> prosentein 51,95\u201343,18.<\/p>\n<p class=\"article-body mb-nof-24 px-nof-16\">Gonz\u00e1lez oli melko tuntematon diplomaatti, k\u00e4yt\u00e4nn\u00f6ss\u00e4 vain t\u00e4ytemies. H\u00e4nen rinnallaan kampanjoi Venezuelan suosituin poliitikko, virkakieltoon tuomittu arvo- ja talousliberaali <a class=\"article-personlink\" href=\"https:\/\/www.hs.fi\/haku\/?query=Mar%C3%ADa%20Corina%20Machado\" rel=\"nofollow noopener\" target=\"_blank\">Mar\u00eda Corina Machado<\/a> \u2013 joka saa viikon p\u00e4\u00e4st\u00e4 Nobelin rauhanpalkinnon.<\/p>\n<p class=\"article-body mb-nof-24 px-nof-16\">Puskista kaivettunakin Gonz\u00e1lez sai oikeasti yli kaksinkertaisesti Maduron verran \u00e4\u00e4ni\u00e4. Se k\u00e4vi ilmi \u00e4\u00e4nestyspaikkakohtaisista tuloslistoista, joita opposition aktivistit ker\u00e4siv\u00e4t ymp\u00e4ri maan niin kattavasti, ett\u00e4 asiasta ei j\u00e4\u00e4nyt ep\u00e4selvyytt\u00e4.<\/p>\n<p class=\"article-body mb-nof-24 px-nof-16\">Fakta siis on, ett\u00e4 venezuelalaisten selv\u00e4 enemmist\u00f6 haluaa Maduron syrj\u00e4\u00e4n. Aiemmin heill\u00e4 ei ole ollut n\u00e4in j\u00e4mer\u00e4\u00e4 tukea toiveelleen.<\/p>\n<p class=\"article-body mb-nof-24 px-nof-16\">T\u00e4st\u00e4 selvi\u00e4minen olisi Madurolta kaikkien aikojen temppu.<\/p>\n","protected":false},"excerpt":{"rendered":"Diktaattorin aika n\u00e4ytt\u00e4\u00e4 k\u00e4yv\u00e4n v\u00e4hiin. Alussa tuskin kukaan uskoi, ett\u00e4 karismaton kakkosmies voisi johtaa Venezuelaa reilusti yli vuosikymmenen,&hellip;\n","protected":false},"author":2,"featured_media":107040,"comment_status":"","ping_status":"","sticky":false,"template":"","format":"standard","meta":{"footnotes":""},"categories":[14],"tags":[22,23,26,27,33,31,30,17,46,24,25,28,29,15,18,21,32,19,20,56,16,59,60,61],"class_list":{"0":"post-107039","1":"post","2":"type-post","3":"status-publish","4":"format-standard","5":"has-post-thumbnail","7":"category-ulkomaat","8":"tag-breaking-news","9":"tag-breakingnews","10":"tag-featured-news","11":"tag-featurednews","12":"tag-fi","13":"tag-finland","14":"tag-finnish","15":"tag-headlines","16":"tag-helsingin-sanomat","17":"tag-latest-news","18":"tag-latestnews","19":"tag-main-news","20":"tag-mainnews","21":"tag-news","22":"tag-otsikot","23":"tag-paauutiset","24":"tag-suomi","25":"tag-top-stories","26":"tag-topstories","27":"tag-ulkomaat","28":"tag-uutiset","29":"tag-world","30":"tag-world-news","31":"tag-worldnews"},"share_on_mastodon":{"url":"https:\/\/pubeurope.com\/@fi\/115658293768243880","error":""},"_links":{"self":[{"href":"https:\/\/www.europesays.com\/fi\/wp-json\/wp\/v2\/posts\/107039","targetHints":{"allow":["GET"]}}],"collection":[{"href":"https:\/\/www.europesays.com\/fi\/wp-json\/wp\/v2\/posts"}],"about":[{"href":"https:\/\/www.europesays.com\/fi\/wp-json\/wp\/v2\/types\/post"}],"author":[{"embeddable":true,"href":"https:\/\/www.europesays.com\/fi\/wp-json\/wp\/v2\/users\/2"}],"replies":[{"embeddable":true,"href":"https:\/\/www.europesays.com\/fi\/wp-json\/wp\/v2\/comments?post=107039"}],"version-history":[{"count":0,"href":"https:\/\/www.europesays.com\/fi\/wp-json\/wp\/v2\/posts\/107039\/revisions"}],"wp:featuredmedia":[{"embeddable":true,"href":"https:\/\/www.europesays.com\/fi\/wp-json\/wp\/v2\/media\/107040"}],"wp:attachment":[{"href":"https:\/\/www.europesays.com\/fi\/wp-json\/wp\/v2\/media?parent=107039"}],"wp:term":[{"taxonomy":"category","embeddable":true,"href":"https:\/\/www.europesays.com\/fi\/wp-json\/wp\/v2\/categories?post=107039"},{"taxonomy":"post_tag","embeddable":true,"href":"https:\/\/www.europesays.com\/fi\/wp-json\/wp\/v2\/tags?post=107039"}],"curies":[{"name":"wp","href":"https:\/\/api.w.org\/{rel}","templated":true}]}}