{"id":107043,"date":"2025-12-03T23:45:10","date_gmt":"2025-12-03T23:45:10","guid":{"rendered":"https:\/\/www.europesays.com\/fi\/107043\/"},"modified":"2025-12-03T23:45:10","modified_gmt":"2025-12-03T23:45:10","slug":"valtonen-venajan-jaadytetyt-varat-saadaan-todennakoisesti-kayttoon","status":"publish","type":"post","link":"https:\/\/www.europesays.com\/fi\/107043\/","title":{"rendered":"Valtonen: Ven\u00e4j\u00e4n j\u00e4\u00e4dytetyt varat saadaan todenn\u00e4k\u00f6isesti k\u00e4ytt\u00f6\u00f6n"},"content":{"rendered":"<p><strong class=\"typography-bold\">P\u00e4\u00e4t\u00f6s pit\u00e4isi saada pian, sill\u00e4 Ukrainan varat ovat loppumassa.<\/strong><\/p>\n<p>Ulkoministeri <strong class=\"typography-bold\">Elina Valtonen<\/strong> (kok.) kommentoi Nato-ulkoministerien kokouksen j\u00e4lkeen EU-komission esityst\u00e4 Ukrainan rahoitustarpeen kattamiseksi.<\/p>\n<p>Valtonen arvioi, ett\u00e4 Ven\u00e4j\u00e4n j\u00e4\u00e4dytetyt varat saadaan todenn\u00e4k\u00f6isesti k\u00e4ytt\u00f6\u00f6n.<\/p>\n<p>Ukrainan rahoitustarve ensi vuodelle on eritt\u00e4in suuri ja lis\u00e4rahoituksesta on p\u00e4\u00e4tett\u00e4v\u00e4 nopeasti, Valtonen toteaa.\u00a0<\/p>\n<p>H\u00e4n sanoo, ett\u00e4 Suomi on pit\u00e4nyt sotakorvauslainaa parhaana vaihtoehtona nykytilanteeseen kaikkien muiden rahoitusvaihtoehtojen rinnalla.<\/p>\n<p>EU-komissio esitt\u00e4\u00e4 <a class=\"underline\" data-testid=\"internal-link\" role=\"link\" data-sentry-element=\"Link\" data-sentry-component=\"InternalLink\" data-sentry-source-file=\"InternalLink.tsx\" href=\"https:\/\/www.mtvuutiset.fi\/artikkeli\/eu-komissio-esittaa-kahta-ratkaisua-ukrainan-tukemiseksi\/9264696\" rel=\"nofollow noopener\" target=\"_blank\">kahta vaihtoehtoa<\/a> Ukrainan rahoitustarpeiden turvaamiseksi.\u00a0<\/p>\n<p>N\u00e4it\u00e4 ovat EU:n ottama yhteinen laina ja sotakorvauslaina Ven\u00e4j\u00e4n j\u00e4\u00e4dytettyjen varojen k\u00e4teistuotoista. N\u00e4ill\u00e4 on tarkoitus turvata Ukrainan rahoitustarpeet seuraavalle kahdelle vuodelle.<\/p>\n<p>Belgia on vastustanut Ven\u00e4j\u00e4n j\u00e4\u00e4dytettyjen varojen k\u00e4ytt\u00f6\u00e4 korvausvastuu- ja turvallisuusriskien vuoksi, sill\u00e4 valtaosa varoista sijaitsee Belgiaan rekister\u00f6idyn arvopaperikeskus Euroclearin tilill\u00e4.\u00a0<\/p>\n","protected":false},"excerpt":{"rendered":"P\u00e4\u00e4t\u00f6s pit\u00e4isi saada pian, sill\u00e4 Ukrainan varat ovat loppumassa. Ulkoministeri Elina Valtonen (kok.) kommentoi Nato-ulkoministerien kokouksen j\u00e4lkeen EU-komission&hellip;\n","protected":false},"author":2,"featured_media":107044,"comment_status":"","ping_status":"","sticky":false,"template":"","format":"standard","meta":{"footnotes":""},"categories":[5],"tags":[22,23,26,27,33,31,30,17,24,25,28,29,15,18,21,32,19,20,16],"class_list":{"0":"post-107043","1":"post","2":"type-post","3":"status-publish","4":"format-standard","5":"has-post-thumbnail","7":"category-otsikot","8":"tag-breaking-news","9":"tag-breakingnews","10":"tag-featured-news","11":"tag-featurednews","12":"tag-fi","13":"tag-finland","14":"tag-finnish","15":"tag-headlines","16":"tag-latest-news","17":"tag-latestnews","18":"tag-main-news","19":"tag-mainnews","20":"tag-news","21":"tag-otsikot","22":"tag-paauutiset","23":"tag-suomi","24":"tag-top-stories","25":"tag-topstories","26":"tag-uutiset"},"share_on_mastodon":{"url":"https:\/\/pubeurope.com\/@fi\/115658301297687227","error":""},"_links":{"self":[{"href":"https:\/\/www.europesays.com\/fi\/wp-json\/wp\/v2\/posts\/107043","targetHints":{"allow":["GET"]}}],"collection":[{"href":"https:\/\/www.europesays.com\/fi\/wp-json\/wp\/v2\/posts"}],"about":[{"href":"https:\/\/www.europesays.com\/fi\/wp-json\/wp\/v2\/types\/post"}],"author":[{"embeddable":true,"href":"https:\/\/www.europesays.com\/fi\/wp-json\/wp\/v2\/users\/2"}],"replies":[{"embeddable":true,"href":"https:\/\/www.europesays.com\/fi\/wp-json\/wp\/v2\/comments?post=107043"}],"version-history":[{"count":0,"href":"https:\/\/www.europesays.com\/fi\/wp-json\/wp\/v2\/posts\/107043\/revisions"}],"wp:featuredmedia":[{"embeddable":true,"href":"https:\/\/www.europesays.com\/fi\/wp-json\/wp\/v2\/media\/107044"}],"wp:attachment":[{"href":"https:\/\/www.europesays.com\/fi\/wp-json\/wp\/v2\/media?parent=107043"}],"wp:term":[{"taxonomy":"category","embeddable":true,"href":"https:\/\/www.europesays.com\/fi\/wp-json\/wp\/v2\/categories?post=107043"},{"taxonomy":"post_tag","embeddable":true,"href":"https:\/\/www.europesays.com\/fi\/wp-json\/wp\/v2\/tags?post=107043"}],"curies":[{"name":"wp","href":"https:\/\/api.w.org\/{rel}","templated":true}]}}