{"id":107045,"date":"2025-12-03T23:57:12","date_gmt":"2025-12-03T23:57:12","guid":{"rendered":"https:\/\/www.europesays.com\/fi\/107045\/"},"modified":"2025-12-03T23:57:12","modified_gmt":"2025-12-03T23:57:12","slug":"george-clooney-paljastaa-katkeruutensa-brad-pittille-menetetysta-roolista-thelma-louise-elokuvassa","status":"publish","type":"post","link":"https:\/\/www.europesays.com\/fi\/107045\/","title":{"rendered":"George Clooney paljastaa katkeruutensa Brad Pittille menetetyst\u00e4 roolista Thelma &#038; Louise -elokuvassa"},"content":{"rendered":"<p>\n            George Clooney attends the Los Angeles Premiere of Apple Original Film s Wolfs 309460 2024 09 18 California Hollywood United States PUBLICATIONxINxGERxAUTxONLY Copyright: xAdMediax STAR_309460_083<br \/>\n            AOP\n        <\/p>\n<p class=\"subtitle \">George Clooney kantaa yh\u00e4 kaunaa er\u00e4\u00e4lle n\u00e4yttelij\u00e4toverilleen.<\/p>\n<p class=\"article-content article-content-width !bg-background\">Vuonna 1991  oli viel\u00e4 suht tuntematon n\u00e4yttelij\u00e4, jonka suuri l\u00e4pimurto tapahtui vasta Teho-osaston my\u00f6t\u00e4 kolme vuotta my\u00f6hemmin.<\/p>\n<p class=\"article-content article-content-width !bg-background\">Clooneysta olisi voinut tulla t\u00e4hti jo aiemmin, mik\u00e4li h\u00e4n olisi saanut haluamansa osan  ohjaamasta klassikosta Thelma &amp; Louise. Kyseess\u00e4 on rooli nuorena kulkurina, J.D.:n\u00e4, joka p\u00e4\u00e4tyy s\u00e4nkyyn  esitt\u00e4m\u00e4n Thelman kanssa.<\/p>\n<p>        <a itemprop=\"url\" href=\"https:\/\/www.seiska.fi\/katso\/vau-hollywoodin-kuumin-ryostojengi-palaa-yhteen\/1957316\" rel=\"nofollow noopener\" target=\"_blank\"><\/p>\n<p>\nUusi Ocean&#8217;s-leffa\n<\/p>\n<p class=\"section-date\">\n        <strong class=\"article-section\" data-section=\"katso\"><br \/>\n            katso<br \/>\n        <\/strong><br \/>\n        10.10. 17:15\n    <\/p>\n<p>Vau! Hollywoodin kuumin ry\u00f6st\u00f6jengi palaa yhteen\n    <\/p>\n<p itemprop=\"description\" class=\"subtitle \">\n    Suositun Ocean&#8217;s-leffasarjan jatkolle saatiin varmistus.\n<\/p>\n<p>        <\/a><\/p>\n<p class=\"article-content article-content-width !bg-background\">Clooney k\u00e4vi koekuvauksissa, mutta menetti osan aivan loppusuoralla , josta tuli sittemmin Clooneyn hyv\u00e4 yst\u00e4v\u00e4 ja ty\u00f6toveri. Miesten l\u00e4mpim\u00e4t v\u00e4lit eiv\u00e4t kuitenkaan est\u00e4 Clooneya muistelemasta edelleen katkeruudella tapahtunutta.<\/p>\n<p class=\"article-content article-content-width !bg-background\">\u2013 En pystynyt katsomaan Thelma &amp; Louisea vuosiin, koska olin niin vihainen tapahtuneesta. Tuo osa laukaisi h\u00e4nen uransa, joka oli sit\u00e4 ennen t\u00e4ynn\u00e4 huonoja sitcomeja ja muuta roskaa. Pystyin vain ajattelemaan, ett\u00e4 tuo osa olisi voinut olla minun l\u00e4pimurtoni! V***u! Kaiken lis\u00e4ksi h\u00e4n pottuilee minulle edelleen tapahtuneesta, Clooney paljastaa <a href=\"https:\/\/www.thetimes.com\/culture\/film\/article\/george-clooney-and-adam-sandler-hollywoods-odd-couple-on-fame-family-and-failure-68pwk6vql#:~:text=%E2%80%9CSo%2C%20I%20was,14%20next%20year.\" target=\"_blank\" rel=\"nofollow noopener\">The Sunday Timesin<\/a> haastattelussa.<\/p>\n<p>        <a itemprop=\"url\" href=\"https:\/\/www.seiska.fi\/katso\/elokuva-arvostelu-george-clooneyn-ja-brad-pittin-kemiat-kohtaavat-nautittavassa-toimintatrillerissa\/1473519\" rel=\"nofollow noopener\" target=\"_blank\"><\/p>\n<p class=\"section-date\">\n        <strong class=\"article-section\" data-section=\"katso\"><br \/>\n            katso<br \/>\n        <\/strong><br \/>\n        30.9.2024 14:11\n    <\/p>\n<p>Elokuva-arvostelu: George Clooneyn ja Brad Pittin kemiat kohtaavat nautittavassa toimintatrilleriss\u00e4\n    <\/p>\n<p itemprop=\"description\" class=\"subtitle \">\n    Wolfs on nyt katsottavissa Apple TV+ -palvelussa.\n<\/p>\n<p>        <\/a><\/p>\n","protected":false},"excerpt":{"rendered":"George Clooney attends the Los Angeles Premiere of Apple Original Film s Wolfs 309460 2024 09 18 California&hellip;\n","protected":false},"author":2,"featured_media":107046,"comment_status":"","ping_status":"","sticky":false,"template":"","format":"standard","meta":{"footnotes":""},"categories":[136],"tags":[1294,407,137,33,31,30,20110,1783,408,13504,3216,32,20108,19821,109,20109],"class_list":{"0":"post-107045","1":"post","2":"type-post","3":"status-publish","4":"format-standard","5":"has-post-thumbnail","7":"category-julkkikset","8":"tag-brad-pitt","9":"tag-celebrities","10":"tag-entertainment","11":"tag-fi","12":"tag-finland","13":"tag-finnish","14":"tag-geena-davis","15":"tag-george-clooney","16":"tag-julkkikset","17":"tag-oceans-eleven","18":"tag-ridley-scott","19":"tag-suomi","20":"tag-teho-osasto","21":"tag-thelma-louise","22":"tag-viihde","23":"tag-wolfs"},"share_on_mastodon":{"url":"https:\/\/pubeurope.com\/@fi\/115658348472955573","error":""},"_links":{"self":[{"href":"https:\/\/www.europesays.com\/fi\/wp-json\/wp\/v2\/posts\/107045","targetHints":{"allow":["GET"]}}],"collection":[{"href":"https:\/\/www.europesays.com\/fi\/wp-json\/wp\/v2\/posts"}],"about":[{"href":"https:\/\/www.europesays.com\/fi\/wp-json\/wp\/v2\/types\/post"}],"author":[{"embeddable":true,"href":"https:\/\/www.europesays.com\/fi\/wp-json\/wp\/v2\/users\/2"}],"replies":[{"embeddable":true,"href":"https:\/\/www.europesays.com\/fi\/wp-json\/wp\/v2\/comments?post=107045"}],"version-history":[{"count":0,"href":"https:\/\/www.europesays.com\/fi\/wp-json\/wp\/v2\/posts\/107045\/revisions"}],"wp:featuredmedia":[{"embeddable":true,"href":"https:\/\/www.europesays.com\/fi\/wp-json\/wp\/v2\/media\/107046"}],"wp:attachment":[{"href":"https:\/\/www.europesays.com\/fi\/wp-json\/wp\/v2\/media?parent=107045"}],"wp:term":[{"taxonomy":"category","embeddable":true,"href":"https:\/\/www.europesays.com\/fi\/wp-json\/wp\/v2\/categories?post=107045"},{"taxonomy":"post_tag","embeddable":true,"href":"https:\/\/www.europesays.com\/fi\/wp-json\/wp\/v2\/tags?post=107045"}],"curies":[{"name":"wp","href":"https:\/\/api.w.org\/{rel}","templated":true}]}}