{"id":107053,"date":"2025-12-04T00:09:09","date_gmt":"2025-12-04T00:09:09","guid":{"rendered":"https:\/\/www.europesays.com\/fi\/107053\/"},"modified":"2025-12-04T00:09:09","modified_gmt":"2025-12-04T00:09:09","slug":"kaksi-maata-vastustaa-odotetusti-eun-paatosta-venajan-kaasusta-uutissuomalainen","status":"publish","type":"post","link":"https:\/\/www.europesays.com\/fi\/107053\/","title":{"rendered":"Kaksi maata vastustaa odotetusti EU:n p\u00e4\u00e4t\u00f6st\u00e4 Ven\u00e4j\u00e4n kaasusta | Uutissuomalainen"},"content":{"rendered":"<p>Unkari ja Slovakia <a href=\"https:\/\/news.sky.com\/story\/ukraine-war-latest-putin-tells-europe-hes-ready-for-war-after-rejecting-ukraine-peace-deal-as-nato-meets-12541713?postid=10637143#liveblog-body\" rel=\"nofollow noopener\" target=\"_blank\">ilmoittavat<\/a> vastustavansa EU:n p\u00e4\u00e4t\u00f6st\u00e4 lopettaa ven\u00e4l\u00e4isen kaasun ostaminen syksyyn 2027 menness\u00e4.<\/p>\n<p>Unkarin ulkoministeri <strong>Peter Szijjarto<\/strong> ilmoitti keskiviikkona, ett\u00e4 maat aikovat vied\u00e4 asian tuomioistuimeen asti. Szijjarton mukaan Unkari ei pysty varmistamaan riitt\u00e4vi\u00e4 energiatoimituksia ilman Ven\u00e4j\u00e4\u00e4.<\/p>\n<p>Unkari ja Slovakia ovat saaneet Ven\u00e4j\u00e4n hy\u00f6kk\u00e4yssodan aikana runsaasti kritiikki\u00e4 muuta Eurooppaa Ven\u00e4j\u00e4-my\u00f6nteisemm\u00e4st\u00e4 politiikastaan.<\/p>\n","protected":false},"excerpt":{"rendered":"Unkari ja Slovakia ilmoittavat vastustavansa EU:n p\u00e4\u00e4t\u00f6st\u00e4 lopettaa ven\u00e4l\u00e4isen kaasun ostaminen syksyyn 2027 menness\u00e4. Unkarin ulkoministeri Peter Szijjarto&hellip;\n","protected":false},"author":2,"featured_media":107054,"comment_status":"","ping_status":"","sticky":false,"template":"","format":"standard","meta":{"footnotes":""},"categories":[14],"tags":[22,23,1617,2267,26,27,33,31,30,17,70,5679,24,25,28,29,15,18,21,637,32,19,20,549,56,16,547,59,60,61],"class_list":{"0":"post-107053","1":"post","2":"type-post","3":"status-publish","4":"format-standard","5":"has-post-thumbnail","7":"category-ulkomaat","8":"tag-breaking-news","9":"tag-breakingnews","10":"tag-euroopan-unioni","11":"tag-eurooppa","12":"tag-featured-news","13":"tag-featurednews","14":"tag-fi","15":"tag-finland","16":"tag-finnish","17":"tag-headlines","18":"tag-kansainvalinen-politiikka","19":"tag-kansainvaliset-organisaatiot-ja-sopimukset","20":"tag-latest-news","21":"tag-latestnews","22":"tag-main-news","23":"tag-mainnews","24":"tag-news","25":"tag-otsikot","26":"tag-paauutiset","27":"tag-politiikka","28":"tag-suomi","29":"tag-top-stories","30":"tag-topstories","31":"tag-ukrainan-sota","32":"tag-ulkomaat","33":"tag-uutiset","34":"tag-venaja","35":"tag-world","36":"tag-world-news","37":"tag-worldnews"},"share_on_mastodon":{"url":"https:\/\/pubeurope.com\/@fi\/115658395783112108","error":""},"_links":{"self":[{"href":"https:\/\/www.europesays.com\/fi\/wp-json\/wp\/v2\/posts\/107053","targetHints":{"allow":["GET"]}}],"collection":[{"href":"https:\/\/www.europesays.com\/fi\/wp-json\/wp\/v2\/posts"}],"about":[{"href":"https:\/\/www.europesays.com\/fi\/wp-json\/wp\/v2\/types\/post"}],"author":[{"embeddable":true,"href":"https:\/\/www.europesays.com\/fi\/wp-json\/wp\/v2\/users\/2"}],"replies":[{"embeddable":true,"href":"https:\/\/www.europesays.com\/fi\/wp-json\/wp\/v2\/comments?post=107053"}],"version-history":[{"count":0,"href":"https:\/\/www.europesays.com\/fi\/wp-json\/wp\/v2\/posts\/107053\/revisions"}],"wp:featuredmedia":[{"embeddable":true,"href":"https:\/\/www.europesays.com\/fi\/wp-json\/wp\/v2\/media\/107054"}],"wp:attachment":[{"href":"https:\/\/www.europesays.com\/fi\/wp-json\/wp\/v2\/media?parent=107053"}],"wp:term":[{"taxonomy":"category","embeddable":true,"href":"https:\/\/www.europesays.com\/fi\/wp-json\/wp\/v2\/categories?post=107053"},{"taxonomy":"post_tag","embeddable":true,"href":"https:\/\/www.europesays.com\/fi\/wp-json\/wp\/v2\/tags?post=107053"}],"curies":[{"name":"wp","href":"https:\/\/api.w.org\/{rel}","templated":true}]}}