{"id":107055,"date":"2025-12-04T00:10:12","date_gmt":"2025-12-04T00:10:12","guid":{"rendered":"https:\/\/www.europesays.com\/fi\/107055\/"},"modified":"2025-12-04T00:10:12","modified_gmt":"2025-12-04T00:10:12","slug":"kukkalahetyksen-tuoja-vei-vanhukselta-juhlarahakokoelman","status":"publish","type":"post","link":"https:\/\/www.europesays.com\/fi\/107055\/","title":{"rendered":"Kukkal\u00e4hetyksen tuoja vei vanhukselta juhlarahakokoelman"},"content":{"rendered":"<p><strong class=\"typography-bold\">Poliisi pyyt\u00e4\u00e4 mahdollisilta silminn\u00e4kij\u00f6ilt\u00e4 havaintoja Kittil\u00e4n Kaukosessa Lapissa liikkuneesta varaskolmikosta.<\/strong><\/p>\n<p>Lapin poliisi ep\u00e4ilee naisen ja kahden miehen anastaneen vanhukselta omaisuutta eilen tiistaina.<\/p>\n<p>Vanhuksen kotiin oli tullut tummahiuksinen nainen illalla noin kello 20\u201322.\u00a0<\/p>\n<p>H\u00e4n oli toimittanut kukkal\u00e4hetyst\u00e4 ja vaatinut siit\u00e4 rahaa.\u00a0<\/p>\n<p>Sen j\u00e4lkeen sis\u00e4lle oli tullut mies, joka oli pyyt\u00e4nyt k\u00e4ytt\u00e4m\u00e4\u00e4n maksutapana l\u00e4himaksua tarjoamalla omaa matkapuhelintaan.\u00a0<\/p>\n<p>Vanhusta oli pyydetty laittamaan matkapuhelimeen oman pankkikortin PIN-koodi.\u00a0<\/p>\n<p>T\u00e4m\u00e4n j\u00e4lkeen taloon oli tullut viel\u00e4 kolmas mies.\u00a0<\/p>\n<p>Kolmikon poistuttua vanhus oli huomannut, ett\u00e4 h\u00e4nelt\u00e4 oli anastettu omaisuutta, muun muassa pankkikortti, matkapuhelin ja juhlarahakokoelma.\u00a0<\/p>\n<p>Poliisi tutkii asiaa t\u00e4ss\u00e4 vaiheessa t\u00f6rke\u00e4n\u00e4 varkautena.\u00a0<\/p>\n<p><strong class=\"typography-bold\">Ilmoita havaintosi<\/strong><\/p>\n<p>Ep\u00e4illyt tekij\u00e4t olivat liikkuneet tummalla henkil\u00f6autolla, joka saattaa olla Toyota Avensis tai vastaavanlainen malli.<\/p>\n<p>Poliisi pyyt\u00e4\u00e4 ilmoittamaan mahdolliset vihjetiedot ja havainnot Lapin poliisilaitoksen s\u00e4hk\u00f6postiosoitteeseen , puhelinvastaajan numeroon 0295 466\u00a0259 \u00e4\u00e4niviestin\u00e4 tai numeroon 0504 155\u00a0803 WhatsApp-viestin\u00e4.<\/p>\n","protected":false},"excerpt":{"rendered":"Poliisi pyyt\u00e4\u00e4 mahdollisilta silminn\u00e4kij\u00f6ilt\u00e4 havaintoja Kittil\u00e4n Kaukosessa Lapissa liikkuneesta varaskolmikosta. Lapin poliisi ep\u00e4ilee naisen ja kahden miehen anastaneen&hellip;\n","protected":false},"author":2,"featured_media":107056,"comment_status":"","ping_status":"","sticky":false,"template":"","format":"standard","meta":{"footnotes":""},"categories":[12],"tags":[22,23,26,27,33,31,30,17,24,25,28,29,15,18,21,32,19,20,16],"class_list":{"0":"post-107055","1":"post","2":"type-post","3":"status-publish","4":"format-standard","5":"has-post-thumbnail","7":"category-suomi","8":"tag-breaking-news","9":"tag-breakingnews","10":"tag-featured-news","11":"tag-featurednews","12":"tag-fi","13":"tag-finland","14":"tag-finnish","15":"tag-headlines","16":"tag-latest-news","17":"tag-latestnews","18":"tag-main-news","19":"tag-mainnews","20":"tag-news","21":"tag-otsikot","22":"tag-paauutiset","23":"tag-suomi","24":"tag-top-stories","25":"tag-topstories","26":"tag-uutiset"},"share_on_mastodon":{"url":"https:\/\/pubeurope.com\/@fi\/115658399711901387","error":""},"_links":{"self":[{"href":"https:\/\/www.europesays.com\/fi\/wp-json\/wp\/v2\/posts\/107055","targetHints":{"allow":["GET"]}}],"collection":[{"href":"https:\/\/www.europesays.com\/fi\/wp-json\/wp\/v2\/posts"}],"about":[{"href":"https:\/\/www.europesays.com\/fi\/wp-json\/wp\/v2\/types\/post"}],"author":[{"embeddable":true,"href":"https:\/\/www.europesays.com\/fi\/wp-json\/wp\/v2\/users\/2"}],"replies":[{"embeddable":true,"href":"https:\/\/www.europesays.com\/fi\/wp-json\/wp\/v2\/comments?post=107055"}],"version-history":[{"count":0,"href":"https:\/\/www.europesays.com\/fi\/wp-json\/wp\/v2\/posts\/107055\/revisions"}],"wp:featuredmedia":[{"embeddable":true,"href":"https:\/\/www.europesays.com\/fi\/wp-json\/wp\/v2\/media\/107056"}],"wp:attachment":[{"href":"https:\/\/www.europesays.com\/fi\/wp-json\/wp\/v2\/media?parent=107055"}],"wp:term":[{"taxonomy":"category","embeddable":true,"href":"https:\/\/www.europesays.com\/fi\/wp-json\/wp\/v2\/categories?post=107055"},{"taxonomy":"post_tag","embeddable":true,"href":"https:\/\/www.europesays.com\/fi\/wp-json\/wp\/v2\/tags?post=107055"}],"curies":[{"name":"wp","href":"https:\/\/api.w.org\/{rel}","templated":true}]}}