{"id":107059,"date":"2025-12-04T00:23:12","date_gmt":"2025-12-04T00:23:12","guid":{"rendered":"https:\/\/www.europesays.com\/fi\/107059\/"},"modified":"2025-12-04T00:23:12","modified_gmt":"2025-12-04T00:23:12","slug":"miley-cyrus-paljasti-rakkausuutisen-punaisella-matolla","status":"publish","type":"post","link":"https:\/\/www.europesays.com\/fi\/107059\/","title":{"rendered":"Miley Cyrus paljasti rakkausuutisen punaisella matolla"},"content":{"rendered":"<p>Miley Cyrus on seurustellut muusikkopoikayst\u00e4v\u00e4ns\u00e4 kanssa nelj\u00e4 vuotta.<\/p>\n<p><img decoding=\"async\" class=\"image image-show image-preview\" src=\"https:\/\/www.europesays.com\/fi\/wp-content\/uploads\/2025\/12\/40875f44796e1a82dcd26dae6630a1dabbbb04b6d2ce4e599fcd98d60294530d.jpg\" alt=\"\"\/><img decoding=\"async\" class=\"image image-show\" src=\"https:\/\/www.europesays.com\/fi\/wp-content\/uploads\/2025\/12\/1764807792_516_40875f44796e1a82dcd26dae6630a1dabbbb04b6d2ce4e599fcd98d60294530d.jpg\" alt=\"\"\/><\/p>\n<p>Miley Cyrus on mennyt kihloihin.  JILL CONNELLY<\/p>\n<p class=\"paragraph\">Laulaja <a href=\"https:\/\/www.iltalehti.fi\/henkilot\/Miley Cyrus\" class=\"article-link-person-page\" rel=\"nofollow noopener\" target=\"_blank\">Miley Cyrus<\/a> on mennyt kihloihin muusikko <strong>Maxx Morandon<\/strong> kanssa, kertoo <a href=\"https:\/\/pagesix.com\/2025\/12\/02\/celebrity-news\/miley-cyrus-sparks-engagement-rumors-during-red-carpet-date-night-with-maxx-morando\/\" rel=\"noopener nofollow\" target=\"_blank\">Page Six<\/a>.<\/p>\n<p class=\"paragraph\">Lehden mukaan pariskunnan kihlautumisesta alkoi liikkua huhuja, kun he n\u00e4ytt\u00e4ytyiv\u00e4t yhdess\u00e4 punaisella matolla Avatar: Fire and Ash -elokuvan ensi-illassa Los Angelesissa. Cyrusin Dream As One -kappale on mukana elokuvassa.<\/p>\n<p class=\"paragraph\">Huomio kiinnittyi pariskunnasta otettuihin kuviin ja Cyrusin k\u00e4tt\u00e4 koristaneeseen sormukseen.<\/p>\n<p>Miley Cyrus antoi sormuksensa n\u00e4ky\u00e4, kun h\u00e4n poseerasi muusikkomiehens\u00e4 rinnalla. Matt Baron\/BEI\/Shutterstock<\/p>\n<p class=\"paragraph\">Korusuunnittelija Jacquie Aichen edustaja vahvisti my\u00f6hemmin Page Sixin mukaan, ett\u00e4 sormus on tehty mittatilausty\u00f6n\u00e4.<\/p>\n<p class=\"paragraph\">My\u00f6hemmin Morandon is\u00e4 julkaisi Threads-palvelussa julkaisun, joka viittasi vahvasti kihlautumiseen.<\/p>\n<p class=\"paragraph\">\u2013 Onnea! Morandon is\u00e4 kirjoitti muun muassa sormusemojin kera.<\/p>\n<p class=\"paragraph\">Morandon is\u00e4n jakamissa kuvissa Cyrus ja Morando poseeraavat Page Sixin mukaan sushiravintolassa. Kuvissa Cyrus esittelee j\u00e4lleen sormustaan.<\/p>\n<p class=\"paragraph\">Ennen seurusteluaan Morandon kanssa Cyrus seurusteli n\u00e4yttelij\u00e4 <a href=\"https:\/\/www.iltalehti.fi\/henkilot\/Liam Hemsworth\" class=\"article-link-person-page\" rel=\"nofollow noopener\" target=\"_blank\">Liam Hemsworthin<\/a> kanssa. Pariskunta erosi vuonna 2019.<\/p>\n","protected":false},"excerpt":{"rendered":"Miley Cyrus on seurustellut muusikkopoikayst\u00e4v\u00e4ns\u00e4 kanssa nelj\u00e4 vuotta. Miley Cyrus on mennyt kihloihin. JILL CONNELLY Laulaja Miley Cyrus&hellip;\n","protected":false},"author":2,"featured_media":107060,"comment_status":"","ping_status":"","sticky":false,"template":"","format":"standard","meta":{"footnotes":""},"categories":[136],"tags":[35,407,155,137,33,31,30,408,99,47,154,98,32,140,156,109],"class_list":{"0":"post-107059","1":"post","2":"type-post","3":"status-publish","4":"format-standard","5":"has-post-thumbnail","7":"category-julkkikset","8":"tag-24h","9":"tag-celebrities","10":"tag-elokuvat","11":"tag-entertainment","12":"tag-fi","13":"tag-finland","14":"tag-finnish","15":"tag-julkkikset","16":"tag-lapset","17":"tag-musiikki","18":"tag-nayttelijat-teatteri","19":"tag-perhe","20":"tag-suomi","21":"tag-tv-ja-elokuvat","22":"tag-tv","23":"tag-viihde"},"share_on_mastodon":{"url":"https:\/\/pubeurope.com\/@fi\/115658451504681831","error":""},"_links":{"self":[{"href":"https:\/\/www.europesays.com\/fi\/wp-json\/wp\/v2\/posts\/107059","targetHints":{"allow":["GET"]}}],"collection":[{"href":"https:\/\/www.europesays.com\/fi\/wp-json\/wp\/v2\/posts"}],"about":[{"href":"https:\/\/www.europesays.com\/fi\/wp-json\/wp\/v2\/types\/post"}],"author":[{"embeddable":true,"href":"https:\/\/www.europesays.com\/fi\/wp-json\/wp\/v2\/users\/2"}],"replies":[{"embeddable":true,"href":"https:\/\/www.europesays.com\/fi\/wp-json\/wp\/v2\/comments?post=107059"}],"version-history":[{"count":0,"href":"https:\/\/www.europesays.com\/fi\/wp-json\/wp\/v2\/posts\/107059\/revisions"}],"wp:featuredmedia":[{"embeddable":true,"href":"https:\/\/www.europesays.com\/fi\/wp-json\/wp\/v2\/media\/107060"}],"wp:attachment":[{"href":"https:\/\/www.europesays.com\/fi\/wp-json\/wp\/v2\/media?parent=107059"}],"wp:term":[{"taxonomy":"category","embeddable":true,"href":"https:\/\/www.europesays.com\/fi\/wp-json\/wp\/v2\/categories?post=107059"},{"taxonomy":"post_tag","embeddable":true,"href":"https:\/\/www.europesays.com\/fi\/wp-json\/wp\/v2\/tags?post=107059"}],"curies":[{"name":"wp","href":"https:\/\/api.w.org\/{rel}","templated":true}]}}