{"id":107061,"date":"2025-12-04T00:30:14","date_gmt":"2025-12-04T00:30:14","guid":{"rendered":"https:\/\/www.europesays.com\/fi\/107061\/"},"modified":"2025-12-04T00:30:14","modified_gmt":"2025-12-04T00:30:14","slug":"dallas-starsille-synkka-uutinen-veteraani-todennakoisesti-loppukauden-sivussa-urheilua-lyhyesti","status":"publish","type":"post","link":"https:\/\/www.europesays.com\/fi\/107061\/","title":{"rendered":"Dallas Starsille synkk\u00e4 uutinen \u2013 veteraani todenn\u00e4k\u00f6isesti loppukauden sivussa | Urheilua lyhyesti"},"content":{"rendered":"<p class=\"aw-1gybjub aw-5vja16 kEtdKx kmuxyA yle__article__paragraph\">NHL tiedotti, ett\u00e4 Dallas Starsin Tyler Seguin, 33, sai pahan polvivamman keskiviikkoaamuna ottelussa New York Rangersia vastaan.<\/p>\n<p><img decoding=\"async\" alt=\"Tyler Seguin kuvassa.\" src=\"https:\/\/www.europesays.com\/fi\/wp-content\/uploads\/2025\/12\/39-112161264758e397f2d8.jpeg\" class=\"aw-1l9m598 hKVVvP\"\/><\/p>\n<p>Avaa kuvien katselu<\/p>\n<p>Tyler Seguin kuvassa. Kuva: NHLI via Getty Images<\/p>\n<p class=\"aw-1gybjub aw-1p7kakr kEtdKx cEmitX yle__article__paragraph\">NHL-j\u00e4\u00e4kiekkoliigan k\u00e4rkijoukkueisiin lukeutuva, usean suomalaispelaajan edustama Dallas Stars menett\u00e4\u00e4 kokeneen hy\u00f6kk\u00e4\u00e4j\u00e4n <strong class=\"aw-ak79eh KyCXm yle__article__strong\">Tyler Seguinin<\/strong>, luultavasti koko loppukaudeksi.<\/p>\n<p class=\"aw-1gybjub aw-1p7kakr kEtdKx cEmitX yle__article__paragraph\">NHL-uransa Bostonissa 2010 aloittanut ja Dallasiin 2013 tullut Seguin pelasi viime kaudella vain 20 runkosarjaottelua, mutta h\u00e4n ei ollut hukannut t\u00e4ll\u00e4 kaudella yht\u00e4\u00e4n ottelua ennen loukkaantumistaan.<\/p>\n<p class=\"aw-1gybjub aw-1p7kakr kEtdKx cEmitX yle__article__paragraph\">Seguin tehtaili t\u00e4ll\u00e4 kaudella 27 ottelussa tehot 7+10.<\/p>\n<p class=\"aw-1gybjub aw-1p7kakr kEtdKx cEmitX yle__article__paragraph\">\u2013 Emme saaneet hyvi\u00e4 uutisia. En ole viel\u00e4 jutellut Tylerin kanssa, mutta on kerrottava kaikille, ett\u00e4 h\u00e4n on sivussa melkoisen tovin &#8211; luultavasti koko loppukauden, Dallasin valmentaja <strong class=\"aw-ak79eh KyCXm yle__article__strong\">Glen Gulutzan<\/strong> harmitteli keskiviikkona.<\/p>\n","protected":false},"excerpt":{"rendered":"NHL tiedotti, ett\u00e4 Dallas Starsin Tyler Seguin, 33, sai pahan polvivamman keskiviikkoaamuna ottelussa New York Rangersia vastaan. Avaa&hellip;\n","protected":false},"author":2,"featured_media":107062,"comment_status":"","ping_status":"","sticky":false,"template":"","format":"standard","meta":{"footnotes":""},"categories":[158],"tags":[4123,33,31,30,1143,1697,159,32,20113,160],"class_list":{"0":"post-107061","1":"post","2":"type-post","3":"status-publish","4":"format-standard","5":"has-post-thumbnail","7":"category-urheilu","8":"tag-dallas-stars","9":"tag-fi","10":"tag-finland","11":"tag-finnish","12":"tag-jaakiekko","13":"tag-nhl","14":"tag-sports","15":"tag-suomi","16":"tag-tyler-seguin","17":"tag-urheilu"},"share_on_mastodon":{"url":"https:\/\/pubeurope.com\/@fi\/115658478827841143","error":""},"_links":{"self":[{"href":"https:\/\/www.europesays.com\/fi\/wp-json\/wp\/v2\/posts\/107061","targetHints":{"allow":["GET"]}}],"collection":[{"href":"https:\/\/www.europesays.com\/fi\/wp-json\/wp\/v2\/posts"}],"about":[{"href":"https:\/\/www.europesays.com\/fi\/wp-json\/wp\/v2\/types\/post"}],"author":[{"embeddable":true,"href":"https:\/\/www.europesays.com\/fi\/wp-json\/wp\/v2\/users\/2"}],"replies":[{"embeddable":true,"href":"https:\/\/www.europesays.com\/fi\/wp-json\/wp\/v2\/comments?post=107061"}],"version-history":[{"count":0,"href":"https:\/\/www.europesays.com\/fi\/wp-json\/wp\/v2\/posts\/107061\/revisions"}],"wp:featuredmedia":[{"embeddable":true,"href":"https:\/\/www.europesays.com\/fi\/wp-json\/wp\/v2\/media\/107062"}],"wp:attachment":[{"href":"https:\/\/www.europesays.com\/fi\/wp-json\/wp\/v2\/media?parent=107061"}],"wp:term":[{"taxonomy":"category","embeddable":true,"href":"https:\/\/www.europesays.com\/fi\/wp-json\/wp\/v2\/categories?post=107061"},{"taxonomy":"post_tag","embeddable":true,"href":"https:\/\/www.europesays.com\/fi\/wp-json\/wp\/v2\/tags?post=107061"}],"curies":[{"name":"wp","href":"https:\/\/api.w.org\/{rel}","templated":true}]}}