{"id":107068,"date":"2025-12-04T00:37:15","date_gmt":"2025-12-04T00:37:15","guid":{"rendered":"https:\/\/www.europesays.com\/fi\/107068\/"},"modified":"2025-12-04T00:37:15","modified_gmt":"2025-12-04T00:37:15","slug":"karmea-tieto-lippumaen-tekojaaradasta-laitteiston-teho-ei-riita-jaadytykseen-yli-5-asteen-lampotilassa-savo","status":"publish","type":"post","link":"https:\/\/www.europesays.com\/fi\/107068\/","title":{"rendered":"Karmea tieto Lippum\u00e4en tekoj\u00e4\u00e4radasta: Laitteiston teho ei riit\u00e4 j\u00e4\u00e4dytykseen yli 5 asteen l\u00e4mp\u00f6tilassa | Savo"},"content":{"rendered":"<p>Lippum\u00e4en tekoj\u00e4\u00e4rata on toistaiseksi suljettu ja radan korjausty\u00f6t ovat k\u00e4ynniss\u00e4, kerrotaan Kuopion kaupungilta. My\u00f6s radan j\u00e4\u00e4dytyskoneiston yll\u00e4pitourakoitsija on vaihtunut ja kaupungin mukaan uuden urakoitsijan toiminta vaikuttaa aiempaa varmemmalta. J\u00e4\u00e4t\u00e4 hoitaa edelleen Mestar Oy.\u00a0<\/p>\n<p>Kaupunki my\u00f6nt\u00e4\u00e4 my\u00f6s j\u00e4\u00e4radan yll\u00e4pitoon ja s\u00e4ihin liittyv\u00e4n ongelman. Marraskuun lopun tilanne n\u00e4ytti, ett\u00e4 vaikka koneistoa k\u00e4ytettiin kolmella kompressorilla ja kaikki toimi n\u00e4enn\u00e4isesti oikein, kentt\u00e4 alkoi sulaa seitsem\u00e4ss\u00e4 plussa-asteessa, vaikka j\u00e4rjestelm\u00e4 k\u00e4vi t\u00e4ydell\u00e4 teholla. Uusimpana haasteena todettu liuospumppujen automatiikkavika on nyt urakoitsijan ty\u00f6n alla.<\/p>\n<p>\u2013\u2009Turhautuneina joudumme toteamaan, ett\u00e4 j\u00e4\u00e4radan rakennusurakka ei ole edennyt suunnitellusti. Vaikuttaa silt\u00e4, ett\u00e4 laitteiston teho ei riit\u00e4 j\u00e4\u00e4dytykseen yli viiden plussa-asteen l\u00e4mp\u00f6tilassa. Tekoj\u00e4\u00e4kentt\u00e4 on t\u00e4ll\u00e4 hetkell\u00e4 suljettu, kunnes ongelmat saadaan korjattua, kertoo Kuopion kaupungin apulaiskaupunginjohtaja <strong>Jari Kyll\u00f6nen <\/strong>tiedotteessa.<\/p>\n<p>Tekoj\u00e4\u00e4rataa on kunnostettu useaan otteeseen kuluvana vuonna. Tekoj\u00e4\u00e4radan laitteistoa korjattiin ja huollettiin esimerkiksi viime helmikuussa. Huhtikuun lopussa jatkettiin putkistojen vaihto- ja huoltotoimenpiteill\u00e4 ja laippaventtiileist\u00e4 havaittu vuoto korjattiin vaihtamalla venttiilit uusiin. Korjausten j\u00e4lkeen kentt\u00e4putkisto ja laitekontti koeponnistettiin typell\u00e4. Vuotoja ei en\u00e4\u00e4 ilmennyt, joten ongelma saatiin ratkaistua. Kent\u00e4n rakennusty\u00f6t hyv\u00e4ksyttiin ja luovutettiin kunnossapidon ja liikuntapaikkapalveluiden vastuulle viime kes\u00e4kuussa. Korjauksilla on takuuta kaupungin mukaan noin kaksi vuotta.<\/p>\n<p><strong class=\"diks-storyline__impact\">Ennen j\u00e4\u00e4dytyskauden<\/strong> alkua laitteisto huollettiin ja j\u00e4\u00e4dytys p\u00e4\u00e4stiin aloittamaan kuluneen marraskuun alussa. Poikkeuksellinen l\u00e4mp\u00f6aalto heikensi kuitenkin kaupungin mukaan tehoa, ja j\u00e4\u00e4dytys keskeytettiin, mik\u00e4 johti osittaisen j\u00e4\u00e4pohjan menetykseen. My\u00f6hemmin kylmemm\u00e4ll\u00e4 s\u00e4\u00e4ll\u00e4 j\u00e4\u00e4dytyst\u00e4 jatkettiin, mutta laiterikko pys\u00e4ytti ty\u00f6n uudelleen.<\/p>\n<p>\u2013\u2009T\u00e4ll\u00e4 talvikaudella selvit\u00e4mme lopullisesti Lippum\u00e4en tekoj\u00e4\u00e4radan laitteiston toimivuuden ja p\u00e4\u00e4t\u00e4mme jatkotoimenpiteist\u00e4 sen perusteella, lupaa Kyll\u00f6nen tiedotteessa.<\/p>\n<p>Juttuun tarkennettu 3.12. kello 18.30, ett\u00e4 vaihtunut yll\u00e4pitourakoitsija vastaa radan j\u00e4\u00e4dytyskoneistosta. J\u00e4\u00e4t\u00e4 hoitaa edelleen Mestar Oy. <\/p>\n<p>\t\t\t\t\t<img class=\"diks-card__image\" src=\"https:\/\/www.europesays.com\/fi\/wp-content\/uploads\/2025\/12\/11166177.jpg\"   loading=\"lazy\" decoding=\"sync\" alt=\"\"\/><\/p>\n","protected":false},"excerpt":{"rendered":"Lippum\u00e4en tekoj\u00e4\u00e4rata on toistaiseksi suljettu ja radan korjausty\u00f6t ovat k\u00e4ynniss\u00e4, kerrotaan Kuopion kaupungilta. My\u00f6s radan j\u00e4\u00e4dytyskoneiston yll\u00e4pitourakoitsija on&hellip;\n","protected":false},"author":2,"featured_media":107069,"comment_status":"","ping_status":"","sticky":false,"template":"","format":"standard","meta":{"footnotes":""},"categories":[12],"tags":[22,23,26,27,33,31,30,17,1132,4162,24,25,15197,28,29,15,18,21,5512,1003,32,19,20,16],"class_list":{"0":"post-107068","1":"post","2":"type-post","3":"status-publish","4":"format-standard","5":"has-post-thumbnail","7":"category-suomi","8":"tag-breaking-news","9":"tag-breakingnews","10":"tag-featured-news","11":"tag-featurednews","12":"tag-fi","13":"tag-finland","14":"tag-finnish","15":"tag-headlines","16":"tag-kuopio","17":"tag-kuopion-kaupunki","18":"tag-latest-news","19":"tag-latestnews","20":"tag-luistelu","21":"tag-main-news","22":"tag-mainnews","23":"tag-news","24":"tag-otsikot","25":"tag-paauutiset","26":"tag-rakennusten-tai-niiden-osien-rakentaminen-seka-maa-ja-vesirakentaminen","27":"tag-rakentaminen","28":"tag-suomi","29":"tag-top-stories","30":"tag-topstories","31":"tag-uutiset"},"share_on_mastodon":{"url":"https:\/\/pubeurope.com\/@fi\/115658506026580820","error":""},"_links":{"self":[{"href":"https:\/\/www.europesays.com\/fi\/wp-json\/wp\/v2\/posts\/107068","targetHints":{"allow":["GET"]}}],"collection":[{"href":"https:\/\/www.europesays.com\/fi\/wp-json\/wp\/v2\/posts"}],"about":[{"href":"https:\/\/www.europesays.com\/fi\/wp-json\/wp\/v2\/types\/post"}],"author":[{"embeddable":true,"href":"https:\/\/www.europesays.com\/fi\/wp-json\/wp\/v2\/users\/2"}],"replies":[{"embeddable":true,"href":"https:\/\/www.europesays.com\/fi\/wp-json\/wp\/v2\/comments?post=107068"}],"version-history":[{"count":0,"href":"https:\/\/www.europesays.com\/fi\/wp-json\/wp\/v2\/posts\/107068\/revisions"}],"wp:featuredmedia":[{"embeddable":true,"href":"https:\/\/www.europesays.com\/fi\/wp-json\/wp\/v2\/media\/107069"}],"wp:attachment":[{"href":"https:\/\/www.europesays.com\/fi\/wp-json\/wp\/v2\/media?parent=107068"}],"wp:term":[{"taxonomy":"category","embeddable":true,"href":"https:\/\/www.europesays.com\/fi\/wp-json\/wp\/v2\/categories?post=107068"},{"taxonomy":"post_tag","embeddable":true,"href":"https:\/\/www.europesays.com\/fi\/wp-json\/wp\/v2\/tags?post=107068"}],"curies":[{"name":"wp","href":"https:\/\/api.w.org\/{rel}","templated":true}]}}