{"id":107070,"date":"2025-12-04T00:38:10","date_gmt":"2025-12-04T00:38:10","guid":{"rendered":"https:\/\/www.europesays.com\/fi\/107070\/"},"modified":"2025-12-04T00:38:10","modified_gmt":"2025-12-04T00:38:10","slug":"alkavatko-tyhjennysmyynnit-asiantuntijalta-koruton-nakemys-iltalehti","status":"publish","type":"post","link":"https:\/\/www.europesays.com\/fi\/107070\/","title":{"rendered":"Alkavatko tyhjennysmyynnit? Asiantuntijalta koruton n\u00e4kemys &#8211; Iltalehti"},"content":{"rendered":"<ol>\n<li><a href=\"https:\/\/news.google.com\/rss\/articles\/CBMie0FVX3lxTE1hX2x3WWxrazFLQjdwVVVKd2lKNzhITFlWaG9HTjhzM1VIaFNMNUNRTmlhYTZMS0Fxb1VQZ1lxNDVpc2pEeUdBc0FKSC1MOEQ5ampUQlBfUlVXS01DUTYzUk1meUFTRW1QNWhzWVpxQU9BT2ZIRkxpOV9qZw?oc=5\" target=\"_blank\" rel=\"nofollow noopener\">Alkavatko tyhjennysmyynnit? Asiantuntijalta koruton n\u00e4kemys<\/a>&nbsp;&nbsp;Iltalehti<\/li>\n<li><a href=\"https:\/\/news.google.com\/rss\/articles\/CBMiX0FVX3lxTE5kWGVvaU1BS1JYbUF3bFpXMHFyTFRJcjFDZ213VFhGN0xLWURhNTRySldHSHVUM0Y4SWdyRmRuWXRfLWZ2S1QtOUVzcFdHQXY0aFFpekpPS19faGhnZm5N?oc=5\" target=\"_blank\" rel=\"nofollow noopener\">Joensuu ensi kaudeksi SM-liigaan? Nyt puhuu seurapomo<\/a>&nbsp;&nbsp;Ilta-Sanomat<\/li>\n<li><a href=\"https:\/\/news.google.com\/rss\/articles\/CBMiQkFVX3lxTE9KNW5JNmlRcGxBU3p3Y0xjWjhlN3FMSEdMejJ1LThkbUlBT2tQbWxnbFBnWE5BSENSSFR5ZGdRQWZIUQ?oc=5\" target=\"_blank\" rel=\"nofollow noopener\">Kalervo Kummola ja Jukka Jalonen eri mielt\u00e4 SM-liigan p\u00e4\u00e4t\u00f6ksest\u00e4 \u2013 rautakanslerilta kova paljastus tamperelaisseuroista<\/a>&nbsp;&nbsp;Yle<\/li>\n<li><a href=\"https:\/\/news.google.com\/rss\/articles\/CBMixgFBVV95cUxORVRTR0VvbXEzXzE4TUNZdmh5Tm9jc2lMTnFUZDg4S20zQXlON1R6VjU4Z0JRUk1ka29xZ0dQZnBlcGRfdFZNV0tLUE5nUk1tc2FnMkFWR2Vzb0ozYmdLRnlsTjc4QTZENHg1SExORzg3dFYyWHNJOWplMW92OFVkN2lkbW1ndkJnYUpzcEZYVDA2LXNJS19BaGVUck16STVhZ3VwNnhIcHpuQnpzakRKcDQ1bVBWRnl1WTJSS0VLSzdjRFZGU2c?oc=5\" target=\"_blank\" rel=\"nofollow noopener\">SM-liigassa s\u00e4ilymiselle hurja hintalappu \u2013 suuromistaja vihjaa paheksutulla ilmi\u00f6ll\u00e4<\/a>&nbsp;&nbsp;mtvuutiset.fi<\/li>\n<li><a href=\"https:\/\/news.google.com\/rss\/articles\/CBMijwFBVV95cUxNTVg2eWRhdGNmWnpyYlFiX0VVTjlPNTk3amJJTnJ3ZGdlRno5d1BDb05HVFIwWUlobVhBaXZvV29lbWJ6WjhndzdBLVdxU0M3SkVuRUYtWE1BRWRiRkVTNmZENjhrUFpKeXJCNTJjczZSakJuTjJqSTkwR3RIS0xFeERKUFZFX3NWM2N0NHh4OA?oc=5\" target=\"_blank\" rel=\"nofollow noopener\">SM-liigasta hurja vuoto \u2013 sarjamalliuudistus yh\u00e4 lev\u00e4ll\u00e4\u00e4n | Aitio<\/a>&nbsp;&nbsp;Apu360<\/li>\n<\/ol>\n","protected":false},"excerpt":{"rendered":"Alkavatko tyhjennysmyynnit? Asiantuntijalta koruton n\u00e4kemys&nbsp;&nbsp;Iltalehti Joensuu ensi kaudeksi SM-liigaan? Nyt puhuu seurapomo&nbsp;&nbsp;Ilta-Sanomat Kalervo Kummola ja Jukka Jalonen eri&hellip;\n","protected":false},"author":2,"featured_media":107071,"comment_status":"","ping_status":"","sticky":false,"template":"","format":"standard","meta":{"footnotes":""},"categories":[5],"tags":[35,1144,1274,22,23,26,27,33,31,30,17,1143,24,25,41,28,29,15,18,21,32,1145,19,20,16],"class_list":{"0":"post-107070","1":"post","2":"type-post","3":"status-publish","4":"format-standard","5":"has-post-thumbnail","7":"category-otsikot","8":"tag-24h","9":"tag-ammattilaisjaakiekko","10":"tag-ammattiurheilu","11":"tag-breaking-news","12":"tag-breakingnews","13":"tag-featured-news","14":"tag-featurednews","15":"tag-fi","16":"tag-finland","17":"tag-finnish","18":"tag-headlines","19":"tag-jaakiekko","20":"tag-latest-news","21":"tag-latestnews","22":"tag-liikunta-ja-urheilu","23":"tag-main-news","24":"tag-mainnews","25":"tag-news","26":"tag-otsikot","27":"tag-paauutiset","28":"tag-suomi","29":"tag-talviurheilu","30":"tag-top-stories","31":"tag-topstories","32":"tag-uutiset"},"share_on_mastodon":{"url":"https:\/\/pubeurope.com\/@fi\/115658509764031806","error":""},"_links":{"self":[{"href":"https:\/\/www.europesays.com\/fi\/wp-json\/wp\/v2\/posts\/107070","targetHints":{"allow":["GET"]}}],"collection":[{"href":"https:\/\/www.europesays.com\/fi\/wp-json\/wp\/v2\/posts"}],"about":[{"href":"https:\/\/www.europesays.com\/fi\/wp-json\/wp\/v2\/types\/post"}],"author":[{"embeddable":true,"href":"https:\/\/www.europesays.com\/fi\/wp-json\/wp\/v2\/users\/2"}],"replies":[{"embeddable":true,"href":"https:\/\/www.europesays.com\/fi\/wp-json\/wp\/v2\/comments?post=107070"}],"version-history":[{"count":0,"href":"https:\/\/www.europesays.com\/fi\/wp-json\/wp\/v2\/posts\/107070\/revisions"}],"wp:featuredmedia":[{"embeddable":true,"href":"https:\/\/www.europesays.com\/fi\/wp-json\/wp\/v2\/media\/107071"}],"wp:attachment":[{"href":"https:\/\/www.europesays.com\/fi\/wp-json\/wp\/v2\/media?parent=107070"}],"wp:term":[{"taxonomy":"category","embeddable":true,"href":"https:\/\/www.europesays.com\/fi\/wp-json\/wp\/v2\/categories?post=107070"},{"taxonomy":"post_tag","embeddable":true,"href":"https:\/\/www.europesays.com\/fi\/wp-json\/wp\/v2\/tags?post=107070"}],"curies":[{"name":"wp","href":"https:\/\/api.w.org\/{rel}","templated":true}]}}