{"id":107082,"date":"2025-12-04T01:03:12","date_gmt":"2025-12-04T01:03:12","guid":{"rendered":"https:\/\/www.europesays.com\/fi\/107082\/"},"modified":"2025-12-04T01:03:12","modified_gmt":"2025-12-04T01:03:12","slug":"nama-pirhan-tyopaikat-ovat-suurimmassa-irtisanomisvaarassa-myos-yli-sadalle-potilaalle-tulossa-muutoksia","status":"publish","type":"post","link":"https:\/\/www.europesays.com\/fi\/107082\/","title":{"rendered":"N\u00e4m\u00e4 Pirhan ty\u00f6paikat ovat suurimmassa irtisanomisvaarassa \u2013 my\u00f6s yli sadalle potilaalle tulossa muutoksia"},"content":{"rendered":"<p>Pirkanmaan hyvinvointialueen uudet muutokset kohdistuvat eniten Tays Hatanp\u00e4\u00e4lle ja Kangasalle. My\u00f6s sadalle potilaalle tai ik\u00e4ihmiselle on tulossa suunnitelman mukaan siirtoja.<\/p>\n<p>3.12. 16:10<\/p>\n<p class=\"article-body mb-nof-24 px-nof-16\">Aamulehti<\/p>\n<p class=\"article-body mb-nof-24 px-nof-16\">Pirhan yt-neuvottelujen j\u00e4lkeen suurimmassa irtisanomisuhassa ovat Taysin Hatanp\u00e4\u00e4n sairaalan sis\u00e4tautiosastojen 1 ja 2 henkil\u00f6kunta. N\u00e4ille ty\u00f6ntekij\u00f6ille voi kuitenkin l\u00f6yty\u00e4 korvaavaa ty\u00f6t\u00e4 Pirhan sis\u00e4lt\u00e4.<\/p>\n<p class=\"article-body mb-nof-24 px-nof-16\">Yt-neuvottelut vaikuttavat my\u00f6s arviolta yli sadan potilaan hoitoon. Erikoissairaanhoidosta suunnitellaan 46 sairaansijan v\u00e4hent\u00e4mist\u00e4, kun Taysin Hatanp\u00e4\u00e4n sairaalan sis\u00e4tautiosastot 1 ja 2 aiotaan sulkea ensi kev\u00e4\u00e4n\u00e4. Asiakkaita aiotaan siirt\u00e4\u00e4 ik\u00e4ihmisten palveluihin, mik\u00e4 on Pirhalle edullisempaa kuin erikoissairaanhoidon hoitopaikat.<\/p>\n","protected":false},"excerpt":{"rendered":"Pirkanmaan hyvinvointialueen uudet muutokset kohdistuvat eniten Tays Hatanp\u00e4\u00e4lle ja Kangasalle. My\u00f6s sadalle potilaalle tai ik\u00e4ihmiselle on tulossa suunnitelman&hellip;\n","protected":false},"author":2,"featured_media":107083,"comment_status":"","ping_status":"","sticky":false,"template":"","format":"standard","meta":{"footnotes":""},"categories":[12],"tags":[157,22,23,26,27,33,31,30,17,24,25,28,29,15,18,21,32,19,20,16],"class_list":{"0":"post-107082","1":"post","2":"type-post","3":"status-publish","4":"format-standard","5":"has-post-thumbnail","7":"category-suomi","8":"tag-aamulehti","9":"tag-breaking-news","10":"tag-breakingnews","11":"tag-featured-news","12":"tag-featurednews","13":"tag-fi","14":"tag-finland","15":"tag-finnish","16":"tag-headlines","17":"tag-latest-news","18":"tag-latestnews","19":"tag-main-news","20":"tag-mainnews","21":"tag-news","22":"tag-otsikot","23":"tag-paauutiset","24":"tag-suomi","25":"tag-top-stories","26":"tag-topstories","27":"tag-uutiset"},"share_on_mastodon":{"url":"https:\/\/pubeurope.com\/@fi\/115658608131535027","error":""},"_links":{"self":[{"href":"https:\/\/www.europesays.com\/fi\/wp-json\/wp\/v2\/posts\/107082","targetHints":{"allow":["GET"]}}],"collection":[{"href":"https:\/\/www.europesays.com\/fi\/wp-json\/wp\/v2\/posts"}],"about":[{"href":"https:\/\/www.europesays.com\/fi\/wp-json\/wp\/v2\/types\/post"}],"author":[{"embeddable":true,"href":"https:\/\/www.europesays.com\/fi\/wp-json\/wp\/v2\/users\/2"}],"replies":[{"embeddable":true,"href":"https:\/\/www.europesays.com\/fi\/wp-json\/wp\/v2\/comments?post=107082"}],"version-history":[{"count":0,"href":"https:\/\/www.europesays.com\/fi\/wp-json\/wp\/v2\/posts\/107082\/revisions"}],"wp:featuredmedia":[{"embeddable":true,"href":"https:\/\/www.europesays.com\/fi\/wp-json\/wp\/v2\/media\/107083"}],"wp:attachment":[{"href":"https:\/\/www.europesays.com\/fi\/wp-json\/wp\/v2\/media?parent=107082"}],"wp:term":[{"taxonomy":"category","embeddable":true,"href":"https:\/\/www.europesays.com\/fi\/wp-json\/wp\/v2\/categories?post=107082"},{"taxonomy":"post_tag","embeddable":true,"href":"https:\/\/www.europesays.com\/fi\/wp-json\/wp\/v2\/tags?post=107082"}],"curies":[{"name":"wp","href":"https:\/\/api.w.org\/{rel}","templated":true}]}}