{"id":107084,"date":"2025-12-04T01:04:11","date_gmt":"2025-12-04T01:04:11","guid":{"rendered":"https:\/\/www.europesays.com\/fi\/107084\/"},"modified":"2025-12-04T01:04:11","modified_gmt":"2025-12-04T01:04:11","slug":"poliisi-pyytaa-havaintoja-kittilan-kaukosessa-liikkuneesta-kolmikosta","status":"publish","type":"post","link":"https:\/\/www.europesays.com\/fi\/107084\/","title":{"rendered":"Poliisi pyyt\u00e4\u00e4 havaintoja Kittil\u00e4n Kaukosessa liikkuneesta kolmikosta"},"content":{"rendered":"<p class=\"article__paragraph\">\n      Poliisi pyyt\u00e4\u00e4 silminn\u00e4kij\u00e4havaintoja <a href=\"https:\/\/poliisi.fi\/-\/poliisi-pyytaa-havaintoja-kittilan-kaukosessa-liikkuneesta-kolmikosta\" rel=\"nofollow noopener\" target=\"_blank\">kolmesta henkil\u00f6st\u00e4 Kittil\u00e4n Kaukosen alueella<\/a>. Poliisi ep\u00e4ilee naisen ja kahden miehen anastaneen vanhukselta omaisuutta tiistaina 2. joulukuuta.\n    <\/p>\n<p class=\"article__paragraph\">\n      Vanhuksen kotiin oli tullut tummahiuksinen nainen tiistai-iltana noin klo 20\u201322 v\u00e4lisen\u00e4 aikana. H\u00e4n oli toimittanut kukkal\u00e4hetyst\u00e4 ja vaatinut siit\u00e4 rahaa.\n    <\/p>\n<p class=\"article__paragraph\">\n      Sen j\u00e4lkeen sis\u00e4lle oli tullut mies, joka oli pyyt\u00e4nyt k\u00e4ytt\u00e4m\u00e4\u00e4n maksutapana l\u00e4himaksua tarjoamalla omaa matkapuhelintaan. Vanhusta oli pyydetty laittamaan matkapuhelimeen oman pankkikortin PIN-koodi.\n    <\/p>\n<p class=\"article__paragraph\">\n      T\u00e4m\u00e4n j\u00e4lkeen taloon oli tullut viel\u00e4 kolmas mies. Kolmikon poistuttua vanhus oli huomannut, ett\u00e4 h\u00e4nelt\u00e4 oli anastettu omaisuutta, muun muassa pankkikortti, matkapuhelin ja juhlarahakokoelma.\n    <\/p>\n<p class=\"article__paragraph\">\n      Poliisi tutkii asiaa t\u00e4ss\u00e4 vaiheessa t\u00f6rke\u00e4n\u00e4 varkautena.\n    <\/p>\n<p class=\"article__paragraph\">\n      Ep\u00e4illyt tekij\u00e4t olivat liikkuneet tummalla henkil\u00f6autolla, joka saattaa olla Toyota Avensis tai vastaavanlainen malli.\n    <\/p>\n<p class=\"article__paragraph\">\n      Poliisi pyyt\u00e4\u00e4 ilmoittamaan mahdolliset vihjetiedot ja havainnot Lapin poliisilaitoksen s\u00e4hk\u00f6postiosoitteeseen vihjeet.lappi@poliisi.fi, puhelinvastaajan numeroon 0295 466 259 \u00e4\u00e4niviestin\u00e4 tai numeroon 0504 155 803 WhatsApp-viestin\u00e4.\n    <\/p>\n","protected":false},"excerpt":{"rendered":"Poliisi pyyt\u00e4\u00e4 silminn\u00e4kij\u00e4havaintoja kolmesta henkil\u00f6st\u00e4 Kittil\u00e4n Kaukosen alueella. Poliisi ep\u00e4ilee naisen ja kahden miehen anastaneen vanhukselta omaisuutta tiistaina&hellip;\n","protected":false},"author":2,"featured_media":69622,"comment_status":"","ping_status":"","sticky":false,"template":"","format":"standard","meta":{"footnotes":""},"categories":[5],"tags":[22,23,26,27,33,31,30,17,24,25,28,29,15,18,21,32,19,20,16],"class_list":{"0":"post-107084","1":"post","2":"type-post","3":"status-publish","4":"format-standard","5":"has-post-thumbnail","7":"category-otsikot","8":"tag-breaking-news","9":"tag-breakingnews","10":"tag-featured-news","11":"tag-featurednews","12":"tag-fi","13":"tag-finland","14":"tag-finnish","15":"tag-headlines","16":"tag-latest-news","17":"tag-latestnews","18":"tag-main-news","19":"tag-mainnews","20":"tag-news","21":"tag-otsikot","22":"tag-paauutiset","23":"tag-suomi","24":"tag-top-stories","25":"tag-topstories","26":"tag-uutiset"},"share_on_mastodon":{"url":"https:\/\/pubeurope.com\/@fi\/115658611890228837","error":""},"_links":{"self":[{"href":"https:\/\/www.europesays.com\/fi\/wp-json\/wp\/v2\/posts\/107084","targetHints":{"allow":["GET"]}}],"collection":[{"href":"https:\/\/www.europesays.com\/fi\/wp-json\/wp\/v2\/posts"}],"about":[{"href":"https:\/\/www.europesays.com\/fi\/wp-json\/wp\/v2\/types\/post"}],"author":[{"embeddable":true,"href":"https:\/\/www.europesays.com\/fi\/wp-json\/wp\/v2\/users\/2"}],"replies":[{"embeddable":true,"href":"https:\/\/www.europesays.com\/fi\/wp-json\/wp\/v2\/comments?post=107084"}],"version-history":[{"count":0,"href":"https:\/\/www.europesays.com\/fi\/wp-json\/wp\/v2\/posts\/107084\/revisions"}],"wp:featuredmedia":[{"embeddable":true,"href":"https:\/\/www.europesays.com\/fi\/wp-json\/wp\/v2\/media\/69622"}],"wp:attachment":[{"href":"https:\/\/www.europesays.com\/fi\/wp-json\/wp\/v2\/media?parent=107084"}],"wp:term":[{"taxonomy":"category","embeddable":true,"href":"https:\/\/www.europesays.com\/fi\/wp-json\/wp\/v2\/categories?post=107084"},{"taxonomy":"post_tag","embeddable":true,"href":"https:\/\/www.europesays.com\/fi\/wp-json\/wp\/v2\/tags?post=107084"}],"curies":[{"name":"wp","href":"https:\/\/api.w.org\/{rel}","templated":true}]}}