{"id":107088,"date":"2025-12-04T01:24:11","date_gmt":"2025-12-04T01:24:11","guid":{"rendered":"https:\/\/www.europesays.com\/fi\/107088\/"},"modified":"2025-12-04T01:24:11","modified_gmt":"2025-12-04T01:24:11","slug":"tommy-frantin-teko-aiheutti-huolta-kertoi-seiskalle-huojentavan-tiedon","status":"publish","type":"post","link":"https:\/\/www.europesays.com\/fi\/107088\/","title":{"rendered":"Tommy Fr\u00e4ntin teko aiheutti huolta \u2013 kertoi Seiskalle huojentavan tiedon"},"content":{"rendered":"<p>Uutisankkuri <strong>Tommy Fr\u00e4nti\u00e4<\/strong> p\u00e4\u00e4see seuraamaan sek\u00e4 uutisl\u00e4hetyksiss\u00e4 ett\u00e4 sosiaalisessa mediassa. Paitsi j\u00e4lkimm\u00e4inen ei ole en\u00e4\u00e4 totta. H\u00e4nen sometilins\u00e4 ovat yll\u00e4tt\u00e4en kadonneet. H\u00e4nell\u00e4 oli esimerkiksi Instagram-tilill\u00e4\u00e4n yli 33\u00a0000 seuraajaa. H\u00e4nt\u00e4 ei l\u00f6ydy en\u00e4\u00e4 my\u00f6sk\u00e4\u00e4n Facebookista.<\/p>\n<p>T\u00e4llainen katoaminen somesta ilman ennakkovaroitusta on aiheuttanut huolta. Seiskasta on otettu Fr\u00e4ntiin yhteytt\u00e4 ja kysytty, miksi h\u00e4n on n\u00e4in tehnyt. \u00a0<\/p>\n<p>\u2013 Suljin sometilini, koska niinkin voi tehd\u00e4. El\u00e4m\u00e4\u00e4 on my\u00f6s ilman sosiaalista mediaa, ihan oikeaa sosiaalista el\u00e4m\u00e4\u00e4, kertoi Fr\u00e4nti hyv\u00e4n syyn somesta poistumiselle.<\/p>\n<p>Fr\u00e4ntill\u00e4 tuntuu olevan kaikki hyvin, vaikka h\u00e4n ei ole en\u00e4\u00e4 somessa.<\/p>\n<p>\u2013 Keskityn niihin oikeasti t\u00e4rkeisiin ihmisiin, l\u00e4heisiin ja yst\u00e4viin. Ja j\u00e4\u00e4 my\u00f6s enemm\u00e4n aikaa meren tuijottelulle, totesi Fr\u00e4nti viel\u00e4 Seiskalle.<\/p>\n<p>Lue my\u00f6s: <a href=\"https:\/\/www.voice.fi\/viihde\/diandra-kertoo-iloisen-uutisen\" title=\"Diandra kertoo iloisen uutisen!\" class=\"underline-custom !font-montserrat !font-bold !underline-offset-4 !decoration-4 !decoration-tilt-light !text-md\" rel=\"nofollow noopener\" target=\"_blank\">Diandra kertoo iloisen uutisen!<\/a><\/p>\n<p>Fr\u00e4nti kertoi Seiskalle viel\u00e4, kuinka h\u00e4n saattaa viel\u00e4 jonain p\u00e4iv\u00e4n\u00e4 palata someen.<\/p>\n<p>Fr\u00e4nti on Yleisradion uutisankkuri<\/p>\n<p>Vaikka Fr\u00e4nti\u00e4 ei p\u00e4\u00e4se en\u00e4\u00e4 seuraamaan somessa, n\u00e4hd\u00e4\u00e4n h\u00e4nt\u00e4 edelleen Ylen aamun uutisankkurin toimessa.<\/p>\n<p>53-vuotias uutisankkuri menetti vaimonsa maaliskuussa 2022. H\u00e4nell\u00e4 on nyt uusi rakas, jonka kanssa h\u00e4n kihlautui maaliskuussa 2024 ja meni naimisiin syksyll\u00e4 2024. Uuden vaimon nimi on <strong>Virpi Valtavaara<\/strong>. Fr\u00e4ntill\u00e4 on kaksi lasta. Nyt Fr\u00e4ntill\u00e4 j\u00e4\u00e4 kaikille l\u00e4heisilleen enemm\u00e4n aikaa. <\/p>\n<p>L\u00e4hde: <a href=\"https:\/\/www.seiska.fi\/kotimaa\/tommy-frantin-muutos-huolestuttaa-nain-han-vastaa\/2008867\" target=\"_blank\" rel=\"noreferrer noopener nofollow\">Seiska<\/a><\/p>\n","protected":false},"excerpt":{"rendered":"Uutisankkuri Tommy Fr\u00e4nti\u00e4 p\u00e4\u00e4see seuraamaan sek\u00e4 uutisl\u00e4hetyksiss\u00e4 ett\u00e4 sosiaalisessa mediassa. Paitsi j\u00e4lkimm\u00e4inen ei ole en\u00e4\u00e4 totta. H\u00e4nen sometilins\u00e4&hellip;\n","protected":false},"author":2,"featured_media":107089,"comment_status":"","ping_status":"","sticky":false,"template":"","format":"standard","meta":{"footnotes":""},"categories":[130],"tags":[137,33,31,30,32,11062,109],"class_list":{"0":"post-107088","1":"post","2":"type-post","3":"status-publish","4":"format-standard","5":"has-post-thumbnail","7":"category-viihde","8":"tag-entertainment","9":"tag-fi","10":"tag-finland","11":"tag-finnish","12":"tag-suomi","13":"tag-tommy-fru00e4nti","14":"tag-viihde"},"share_on_mastodon":{"url":"https:\/\/pubeurope.com\/@fi\/115658690600784501","error":""},"_links":{"self":[{"href":"https:\/\/www.europesays.com\/fi\/wp-json\/wp\/v2\/posts\/107088","targetHints":{"allow":["GET"]}}],"collection":[{"href":"https:\/\/www.europesays.com\/fi\/wp-json\/wp\/v2\/posts"}],"about":[{"href":"https:\/\/www.europesays.com\/fi\/wp-json\/wp\/v2\/types\/post"}],"author":[{"embeddable":true,"href":"https:\/\/www.europesays.com\/fi\/wp-json\/wp\/v2\/users\/2"}],"replies":[{"embeddable":true,"href":"https:\/\/www.europesays.com\/fi\/wp-json\/wp\/v2\/comments?post=107088"}],"version-history":[{"count":0,"href":"https:\/\/www.europesays.com\/fi\/wp-json\/wp\/v2\/posts\/107088\/revisions"}],"wp:featuredmedia":[{"embeddable":true,"href":"https:\/\/www.europesays.com\/fi\/wp-json\/wp\/v2\/media\/107089"}],"wp:attachment":[{"href":"https:\/\/www.europesays.com\/fi\/wp-json\/wp\/v2\/media?parent=107088"}],"wp:term":[{"taxonomy":"category","embeddable":true,"href":"https:\/\/www.europesays.com\/fi\/wp-json\/wp\/v2\/categories?post=107088"},{"taxonomy":"post_tag","embeddable":true,"href":"https:\/\/www.europesays.com\/fi\/wp-json\/wp\/v2\/tags?post=107088"}],"curies":[{"name":"wp","href":"https:\/\/api.w.org\/{rel}","templated":true}]}}