{"id":107093,"date":"2025-12-04T01:29:12","date_gmt":"2025-12-04T01:29:12","guid":{"rendered":"https:\/\/www.europesays.com\/fi\/107093\/"},"modified":"2025-12-04T01:29:12","modified_gmt":"2025-12-04T01:29:12","slug":"ilkivalta-aalto-sen-kuin-laajenee-tuhoja-taas-uudessa-paikassa-tama-on-aika-torkeaa","status":"publish","type":"post","link":"https:\/\/www.europesays.com\/fi\/107093\/","title":{"rendered":"Ilkivalta-aalto sen kuin laajenee, tuhoja taas uudessa paikassa: &#8221;T\u00e4m\u00e4 on aika t\u00f6rke\u00e4\u00e4\u201d"},"content":{"rendered":"<p><img decoding=\"async\" src=\"https:\/\/www.europesays.com\/fi\/wp-content\/uploads\/2025\/12\/1764811752_531_978.jpg\" alt=\"Kari Vuorenp\u00e4\u00e4 pit\u00e4\u00e4 ilkivalta-aaltoa t\u00e4ysin j\u00e4rjett\u00f6m\u00e4n\u00e4. \u201dEi tunnu hyv\u00e4lt\u00e4\u201d, mies kuvailee. \" class=\"_Img_1rerz_1\" style=\"aspect-ratio:1.5\" loading=\"eager\"\/><\/p>\n<p class=\"article-picture-caption\">Kari Vuorenp\u00e4\u00e4 pit\u00e4\u00e4 ilkivalta-aaltoa t\u00e4ysin j\u00e4rjett\u00f6m\u00e4n\u00e4. \u201dEi tunnu hyv\u00e4lt\u00e4\u201d, mies kuvailee.  Kuva:\u00a0Pinja Sarkkinen<\/p>\n<p>Poliisi kertoo selvitt\u00e4v\u00e4ns\u00e4 Rauman ilkivaltasarjaa ja pyyt\u00e4\u00e4 ihmisilt\u00e4 havaintoja. Mitk\u00e4 tahansa asiaan liittyv\u00e4t vihjeet tai tiedot voi toimittaa s\u00e4hk\u00f6postiosoitteeseen vihjeet.lounais-suomi@poliisi.fi tai viestill\u00e4 numeroon 050 411 7655.<\/p>\n<p class=\"article-body mb-nof-24 px-nof-16\">Rauma<\/p>\n<p class=\"article-body mb-nof-24 px-nof-16\">Liikunta- ja ulkoilupaikkoihin kohdistunut ilkivalta-aalto laajenee yh\u00e4 Raumalla. Olemme aiemmin uutisoineet muun muassa <a class=\"article-genericlink\" href=\"https:\/\/www.satakunnankansa.fi\/urheilu\/art-2000011658187.html\" rel=\"nofollow noopener\" target=\"_blank\">Pohjoiskeh\u00e4n koululla<\/a> ja <a class=\"article-genericlink\" href=\"https:\/\/www.satakunnankansa.fi\/urheilu\/art-2000011663586.html\" rel=\"nofollow noopener\" target=\"_blank\">Pyytj\u00e4rvell\u00e4<\/a> tehdyst\u00e4 j\u00e4rjett\u00f6m\u00e4st\u00e4 ilkivallasta.<\/p>\n<p class=\"article-body mb-nof-24 px-nof-16\">Nyt toiseltakin ulkoilupaikalta on paljastunut yht\u00e4 rajua j\u00e4lke\u00e4 kuin Pyytj\u00e4rvelt\u00e4.<\/p>\n","protected":false},"excerpt":{"rendered":"Kari Vuorenp\u00e4\u00e4 pit\u00e4\u00e4 ilkivalta-aaltoa t\u00e4ysin j\u00e4rjett\u00f6m\u00e4n\u00e4. \u201dEi tunnu hyv\u00e4lt\u00e4\u201d, mies kuvailee. Kuva:\u00a0Pinja Sarkkinen Poliisi kertoo selvitt\u00e4v\u00e4ns\u00e4 Rauman ilkivaltasarjaa&hellip;\n","protected":false},"author":2,"featured_media":107094,"comment_status":"","ping_status":"","sticky":false,"template":"","format":"standard","meta":{"footnotes":""},"categories":[12],"tags":[22,23,26,27,33,31,30,17,24,25,28,29,15,18,21,80,32,19,20,16],"class_list":{"0":"post-107093","1":"post","2":"type-post","3":"status-publish","4":"format-standard","5":"has-post-thumbnail","7":"category-suomi","8":"tag-breaking-news","9":"tag-breakingnews","10":"tag-featured-news","11":"tag-featurednews","12":"tag-fi","13":"tag-finland","14":"tag-finnish","15":"tag-headlines","16":"tag-latest-news","17":"tag-latestnews","18":"tag-main-news","19":"tag-mainnews","20":"tag-news","21":"tag-otsikot","22":"tag-paauutiset","23":"tag-satakunnan-kansa","24":"tag-suomi","25":"tag-top-stories","26":"tag-topstories","27":"tag-uutiset"},"share_on_mastodon":{"url":"https:\/\/pubeurope.com\/@fi\/115658710653690085","error":""},"_links":{"self":[{"href":"https:\/\/www.europesays.com\/fi\/wp-json\/wp\/v2\/posts\/107093","targetHints":{"allow":["GET"]}}],"collection":[{"href":"https:\/\/www.europesays.com\/fi\/wp-json\/wp\/v2\/posts"}],"about":[{"href":"https:\/\/www.europesays.com\/fi\/wp-json\/wp\/v2\/types\/post"}],"author":[{"embeddable":true,"href":"https:\/\/www.europesays.com\/fi\/wp-json\/wp\/v2\/users\/2"}],"replies":[{"embeddable":true,"href":"https:\/\/www.europesays.com\/fi\/wp-json\/wp\/v2\/comments?post=107093"}],"version-history":[{"count":0,"href":"https:\/\/www.europesays.com\/fi\/wp-json\/wp\/v2\/posts\/107093\/revisions"}],"wp:featuredmedia":[{"embeddable":true,"href":"https:\/\/www.europesays.com\/fi\/wp-json\/wp\/v2\/media\/107094"}],"wp:attachment":[{"href":"https:\/\/www.europesays.com\/fi\/wp-json\/wp\/v2\/media?parent=107093"}],"wp:term":[{"taxonomy":"category","embeddable":true,"href":"https:\/\/www.europesays.com\/fi\/wp-json\/wp\/v2\/categories?post=107093"},{"taxonomy":"post_tag","embeddable":true,"href":"https:\/\/www.europesays.com\/fi\/wp-json\/wp\/v2\/tags?post=107093"}],"curies":[{"name":"wp","href":"https:\/\/api.w.org\/{rel}","templated":true}]}}