{"id":107105,"date":"2025-12-04T01:56:17","date_gmt":"2025-12-04T01:56:17","guid":{"rendered":"https:\/\/www.europesays.com\/fi\/107105\/"},"modified":"2025-12-04T01:56:17","modified_gmt":"2025-12-04T01:56:17","slug":"keta-kiinnostaa-sanoi-melania-trump-nain-han-koristeli-valkoisen-talon","status":"publish","type":"post","link":"https:\/\/www.europesays.com\/fi\/107105\/","title":{"rendered":"\u201dKet\u00e4 kiinnostaa,\u201d sanoi Melania Trump \u2013 N\u00e4in h\u00e4n koristeli Valkoisen talon"},"content":{"rendered":"<p>Valkoisen talon joulukoristelu on paljastettu.<\/p>\n<p><img decoding=\"async\" class=\"image image-show image-preview\" src=\"https:\/\/www.europesays.com\/fi\/wp-content\/uploads\/2025\/12\/56d24582f6df4b3d4b7abd5e2d247f643b76e6edbc9893cef9978d8c54e38a7d.jpg\" alt=\"\"\/><img decoding=\"async\" class=\"image image-show\" src=\"https:\/\/www.europesays.com\/fi\/wp-content\/uploads\/2025\/12\/1764813377_557_56d24582f6df4b3d4b7abd5e2d247f643b76e6edbc9893cef9978d8c54e38a7d.jpg\" alt=\"\"\/><\/p>\n<p>Joulukuusi saapui Valkoiseen taloon marraskuun 24. p\u00e4iv\u00e4 hevoskyydill\u00e4. Michiganista tuotu puu sijoitettiin Yhdysvaltain presidentin virka-asunnon siniseen huoneeseen. EPA \/ AOP<\/p>\n<p class=\"paragraph\"><strong>Melania Trumpin<\/strong> toisen kauden ensimm\u00e4inen vuosi Yhdysvaltain ykk\u00f6snaisena l\u00e4hestyy loppuaan. Perinteisesti presidentin puolison teht\u00e4viin on kuulunut Valkoisen talon joulukoristelusta vastaaminen, ja n\u00e4in asia on t\u00e4n\u00e4kin vuonna.<\/p>\n<p class=\"paragraph\">Trumpien ensimm\u00e4isen valtakauden aikana joulukoristeet eiv\u00e4t aina saaneet yksimielisi\u00e4 kehuja, sill\u00e4 Valkoisessa talossa n\u00e4htiin my\u00f6s v\u00e4hemm\u00e4n traditionaalisia, jopa provosoivia asetelmia. Esimerkiksi vuonna 2018 koristeluun kuului tulipunaisia, marjatertun n\u00e4k\u00f6isist\u00e4 punaisista palleroista valmistettuja kartion muotoisia kuusia.<\/p>\n<p>N\u00e4m\u00e4 Valkoisen talon &#8221;verikuuset&#8221; eiv\u00e4t saaneet innostunutta vastaanottoa yleis\u00f6lt\u00e4 vuonna 2018. Vuotta aiemmin samaa k\u00e4yt\u00e4v\u00e4\u00e4 koristivat vitivalkoiset risukimput. EPA \/ AOP<\/p>\n<p class=\"paragraph\">Vuonna 2020 Trumpin entinen yst\u00e4v\u00e4 julkaisi \u00e4\u00e4nitt\u00e4m\u00e4ns\u00e4 tallenteen, joka paljasti, ettei jouluh\u00f6ss\u00f6tys ole ollut Yhdysvaltain ensimm\u00e4isen naisen mielipuuhaa.<\/p>\n<p class=\"paragraph\">\u2013 Teen ihan hulluna t\u00f6it\u00e4 jouluhommien parissa, mutta oikeasti, ket\u00e4 kiinnostaa joulujutut ja koristeet? Mutta minun on pakko tehd\u00e4 ne, eik\u00f6, Melania Trump sanoo kes\u00e4ll\u00e4 2018 \u00e4\u00e4nitetyll\u00e4 tallenteella.<\/p>\n<p class=\"paragraph\">Nyt uusi kausi ja joulusesonki on kuitenkin koittanut, ja Trump on j\u00e4lleen joulupuuhien parissa, halusi tai ei. T\u00e4ll\u00e4 kertaa trollailua ei n\u00e4hd\u00e4. Sen sijaan Valkoinen talo on koristeltu konservatiivisesti patrioottiseen teemaan ja v\u00e4reihin sopivasti.<\/p>\n<p>Valkoisen talon p\u00e4\u00e4aulassa on kokonainen joulukuusikko. T\u00e4m\u00e4n vuoden koristelun teemana on &#8221;koti on siell\u00e4 miss\u00e4 syd\u00e4n on&#8221;. Kaikkiaan koristeluun sis\u00e4ltyy 75 kranssia ja 51 joulukuusta.  EPA \/ AOP<\/p>\n<p>P\u00e4\u00e4kuusi sijoitettiin siniseen huoneeseen.  EPA \/ AOP<\/p>\n<p>Koristelussa on my\u00f6s leikkisyytt\u00e4. T\u00e4m\u00e4 Donald Trumpin muotokuva on tehty legopalikoista. EPA \/ AOP<\/p>\n<p>Koristeluun kuuluu my\u00f6s vihre\u00e4\u00e4n huoneeseen havuasetelman keskelle sijoitettu dominopalikkarakennelma. EPA \/ AOP<\/p>\n<p>T\u00e4m\u00e4 Valkoisen talon pienoismalli on kokonaan sy\u00f6t\u00e4v\u00e4, sill\u00e4 se on piparkakkutalo. EPA \/ AOP<\/p>\n<p>N\u00e4in pikkutarkkaa ty\u00f6t\u00e4 Valkoisen talon piparkakkutalo on. EPA \/ AOP<\/p>\n<p>Punaisen huoneen koristelun teemana ovat siniset perhoset, joita huoneessa on tuhansia. EPA \/ AOP<\/p>\n<p>Ensi vuonna vietett\u00e4v\u00e4 itsen\u00e4isyysjulistuksen allekirjoittamisen 250-vuotisjuhla n\u00e4kyy jo kuusenjalassa. EPA \/ AOP<\/p>\n","protected":false},"excerpt":{"rendered":"Valkoisen talon joulukoristelu on paljastettu. Joulukuusi saapui Valkoiseen taloon marraskuun 24. p\u00e4iv\u00e4 hevoskyydill\u00e4. Michiganista tuotu puu sijoitettiin Yhdysvaltain&hellip;\n","protected":false},"author":2,"featured_media":107106,"comment_status":"","ping_status":"","sticky":false,"template":"","format":"standard","meta":{"footnotes":""},"categories":[14],"tags":[22,23,26,27,33,31,30,17,1390,24,25,28,29,15,18,21,142,637,144,32,19,20,56,16,638,59,60,61,143],"class_list":{"0":"post-107105","1":"post","2":"type-post","3":"status-publish","4":"format-standard","5":"has-post-thumbnail","7":"category-ulkomaat","8":"tag-breaking-news","9":"tag-breakingnews","10":"tag-featured-news","11":"tag-featurednews","12":"tag-fi","13":"tag-finland","14":"tag-finnish","15":"tag-headlines","16":"tag-kuukausi","17":"tag-latest-news","18":"tag-latestnews","19":"tag-main-news","20":"tag-mainnews","21":"tag-news","22":"tag-otsikot","23":"tag-paauutiset","24":"tag-poliitikot","25":"tag-politiikka","26":"tag-presidentti","27":"tag-suomi","28":"tag-top-stories","29":"tag-topstories","30":"tag-ulkomaat","31":"tag-uutiset","32":"tag-valtiovalta","33":"tag-world","34":"tag-world-news","35":"tag-worldnews","36":"tag-yhdysvaltain-politiikka"},"share_on_mastodon":{"url":"https:\/\/pubeurope.com\/@fi\/115658816889485511","error":""},"_links":{"self":[{"href":"https:\/\/www.europesays.com\/fi\/wp-json\/wp\/v2\/posts\/107105","targetHints":{"allow":["GET"]}}],"collection":[{"href":"https:\/\/www.europesays.com\/fi\/wp-json\/wp\/v2\/posts"}],"about":[{"href":"https:\/\/www.europesays.com\/fi\/wp-json\/wp\/v2\/types\/post"}],"author":[{"embeddable":true,"href":"https:\/\/www.europesays.com\/fi\/wp-json\/wp\/v2\/users\/2"}],"replies":[{"embeddable":true,"href":"https:\/\/www.europesays.com\/fi\/wp-json\/wp\/v2\/comments?post=107105"}],"version-history":[{"count":0,"href":"https:\/\/www.europesays.com\/fi\/wp-json\/wp\/v2\/posts\/107105\/revisions"}],"wp:featuredmedia":[{"embeddable":true,"href":"https:\/\/www.europesays.com\/fi\/wp-json\/wp\/v2\/media\/107106"}],"wp:attachment":[{"href":"https:\/\/www.europesays.com\/fi\/wp-json\/wp\/v2\/media?parent=107105"}],"wp:term":[{"taxonomy":"category","embeddable":true,"href":"https:\/\/www.europesays.com\/fi\/wp-json\/wp\/v2\/categories?post=107105"},{"taxonomy":"post_tag","embeddable":true,"href":"https:\/\/www.europesays.com\/fi\/wp-json\/wp\/v2\/tags?post=107105"}],"curies":[{"name":"wp","href":"https:\/\/api.w.org\/{rel}","templated":true}]}}