{"id":107107,"date":"2025-12-04T01:57:09","date_gmt":"2025-12-04T01:57:09","guid":{"rendered":"https:\/\/www.europesays.com\/fi\/107107\/"},"modified":"2025-12-04T01:57:09","modified_gmt":"2025-12-04T01:57:09","slug":"raakkylan-kunnanjohtajan-erottaminen-etenee-mtv-uutiset","status":"publish","type":"post","link":"https:\/\/www.europesays.com\/fi\/107107\/","title":{"rendered":"R\u00e4\u00e4kkyl\u00e4n kunnanjohtajan erottaminen etenee | MTV Uutiset"},"content":{"rendered":"<p><strong class=\"typography-bold\">R\u00e4\u00e4kkyl\u00e4n kunnanhallitus esitt\u00e4\u00e4 valiokunnan asettamista kunnanjohtaja Esko Rautiaisen mahdolliseksi irtisanomiseksi.<\/strong><\/p>\n<p>R\u00e4\u00e4kkyl\u00e4n kunnanhallitus p\u00e4\u00e4tti keskiviikkona kokouksessaan esitt\u00e4\u00e4 valtuustolle tilap\u00e4isen valiokunnan asettamista kunnanjohtaja<strong class=\"typography-bold\"> Esko Rautiaisen<\/strong> luottamuksen arvioimiseksi ja mahdolliseksi irtisanomiseksi.\u00a0\u00a0<\/p>\n<p>Kunnanvaltuusto kokoontuu seuraavan kerran k\u00e4sittelem\u00e4\u00e4n asiaa ensi viikon maanantaina.<\/p>\n<p>Kunnanhallituksen puheenjohtaja toteaa tiedotteessa, ett\u00e4 &#8221;t\u00e4ss\u00e4 vaiheessa kunnanjohtajan kanssa ei olla saavutettu yhteist\u00e4 neuvottelutulosta&#8221;.<\/p>\n<p><strong class=\"typography-bold\">Lue my\u00f6s: <\/strong><a class=\"underline\" data-testid=\"internal-link\" role=\"link\" data-sentry-element=\"Link\" data-sentry-component=\"InternalLink\" data-sentry-source-file=\"InternalLink.tsx\" href=\"https:\/\/www.mtvuutiset.fi\/artikkeli\/karjalainen-viestittelykohuissa-ryvettynyt-raakkylan-kunnanjohtaja-saamassa-potkut\/9263470\" rel=\"nofollow noopener\" target=\"_blank\"><strong class=\"typography-bold\">Karjalainen: Viestittelykohuissa ryvettynyt R\u00e4\u00e4kkyl\u00e4n kunnanjohtaja saamassa potkut<\/strong><\/a><\/p>\n<p>Rautiainen sai kev\u00e4\u00e4ll\u00e4 2024 varoituksen kunnanhallitukselta asiattomasta kirjoittelusta viestipalvelu X:ss\u00e4. Kunnanhallitus p\u00e4\u00e4tti tuolloin, ett\u00e4 toisesta varoituksesta seuraa irtisanominen.<\/p>\n<p><a class=\"underline\" data-testid=\"external-link\" href=\"https:\/\/www.karjalainen.fi\/paikalliset\/9013246\" rel=\"noopener noreferrer nofollow\" target=\"_blank\" data-sentry-component=\"ExternalLink\" data-sentry-source-file=\"ExternalLink.tsx\">Karjalainen<\/a>\u00a0uutisoi marraskuussa, ett\u00e4\u00a0Rautiainen\u00a0on jatkanut viestittely\u00e4 varoituksen j\u00e4lkeenkin.<\/p>\n<p>Karjalaisen mukaan 65-vuotias\u00a0Rautiainen\u00a0on kirjoitellut Metan omistamassa Threads-viestipalvelussa naisille seksuaaliss\u00e4vytteisesti.<\/p>\n","protected":false},"excerpt":{"rendered":"R\u00e4\u00e4kkyl\u00e4n kunnanhallitus esitt\u00e4\u00e4 valiokunnan asettamista kunnanjohtaja Esko Rautiaisen mahdolliseksi irtisanomiseksi. R\u00e4\u00e4kkyl\u00e4n kunnanhallitus p\u00e4\u00e4tti keskiviikkona kokouksessaan esitt\u00e4\u00e4 valtuustolle tilap\u00e4isen&hellip;\n","protected":false},"author":2,"featured_media":107108,"comment_status":"","ping_status":"","sticky":false,"template":"","format":"standard","meta":{"footnotes":""},"categories":[12],"tags":[22,23,26,27,33,31,30,17,24,25,28,29,15,18,21,32,19,20,16],"class_list":{"0":"post-107107","1":"post","2":"type-post","3":"status-publish","4":"format-standard","5":"has-post-thumbnail","7":"category-suomi","8":"tag-breaking-news","9":"tag-breakingnews","10":"tag-featured-news","11":"tag-featurednews","12":"tag-fi","13":"tag-finland","14":"tag-finnish","15":"tag-headlines","16":"tag-latest-news","17":"tag-latestnews","18":"tag-main-news","19":"tag-mainnews","20":"tag-news","21":"tag-otsikot","22":"tag-paauutiset","23":"tag-suomi","24":"tag-top-stories","25":"tag-topstories","26":"tag-uutiset"},"share_on_mastodon":{"url":"https:\/\/pubeurope.com\/@fi\/115658820419399676","error":""},"_links":{"self":[{"href":"https:\/\/www.europesays.com\/fi\/wp-json\/wp\/v2\/posts\/107107","targetHints":{"allow":["GET"]}}],"collection":[{"href":"https:\/\/www.europesays.com\/fi\/wp-json\/wp\/v2\/posts"}],"about":[{"href":"https:\/\/www.europesays.com\/fi\/wp-json\/wp\/v2\/types\/post"}],"author":[{"embeddable":true,"href":"https:\/\/www.europesays.com\/fi\/wp-json\/wp\/v2\/users\/2"}],"replies":[{"embeddable":true,"href":"https:\/\/www.europesays.com\/fi\/wp-json\/wp\/v2\/comments?post=107107"}],"version-history":[{"count":0,"href":"https:\/\/www.europesays.com\/fi\/wp-json\/wp\/v2\/posts\/107107\/revisions"}],"wp:featuredmedia":[{"embeddable":true,"href":"https:\/\/www.europesays.com\/fi\/wp-json\/wp\/v2\/media\/107108"}],"wp:attachment":[{"href":"https:\/\/www.europesays.com\/fi\/wp-json\/wp\/v2\/media?parent=107107"}],"wp:term":[{"taxonomy":"category","embeddable":true,"href":"https:\/\/www.europesays.com\/fi\/wp-json\/wp\/v2\/categories?post=107107"},{"taxonomy":"post_tag","embeddable":true,"href":"https:\/\/www.europesays.com\/fi\/wp-json\/wp\/v2\/tags?post=107107"}],"curies":[{"name":"wp","href":"https:\/\/api.w.org\/{rel}","templated":true}]}}