{"id":107112,"date":"2025-12-04T02:17:11","date_gmt":"2025-12-04T02:17:11","guid":{"rendered":"https:\/\/www.europesays.com\/fi\/107112\/"},"modified":"2025-12-04T02:17:11","modified_gmt":"2025-12-04T02:17:11","slug":"ita-suomeen-voi-tulla-iso-em-ralli-olisi-suomen-toiseksi-suurin-rallikilpailu-jyvaskylan-jalkeen-urheilu","status":"publish","type":"post","link":"https:\/\/www.europesays.com\/fi\/107112\/","title":{"rendered":"It\u00e4-Suomeen voi tulla iso EM-ralli \u2013 olisi Suomen toiseksi suurin rallikilpailu Jyv\u00e4skyl\u00e4n j\u00e4lkeen | Urheilu"},"content":{"rendered":"<p class=\"aw-1gybjub aw-5vja16 kEtdKx kmuxyA yle__article__paragraph\">Tapahtuman esisopimus on allekirjoitettu vuosille 2027\u20132029. Neuvottelut ovat k\u00e4ynniss\u00e4 It\u00e4-Suomen kuntien, kaupunkien ja maakunta\u00adliittojen kanssa.<\/p>\n<p><img decoding=\"async\" alt=\"Kalle Rovanper\u00e4n ralliauto vauhdissa Ruotsin talvirallissa.\" src=\"https:\/\/www.europesays.com\/fi\/wp-content\/uploads\/2025\/12\/39-124489165ce13581c188.jpeg\" class=\"aw-1l9m598 hKVVvP\"\/><\/p>\n<p>Avaa kuvien katselu<\/p>\n<p>Kalle Rovanper\u00e4 vauhdissa Ruotsin MM-rallissa helmikuussa 2024. Kuva: Hannu Rainamo<\/p>\n<p>3.12. 19:00\u2022P\u00e4ivitetty 3.12. 19:26<\/p>\n<ul class=\"aw-1jjocuh iJTSwP yle__article__list yle__article__list--ul\">\n<li class=\"aw-1j7gwms gNYKfi\">It\u00e4-Suomeen suunnitellaan uutta rallin EM-sarjan talvikilpailua vuosille 2027\u20132029.<\/li>\n<li class=\"aw-1j7gwms gNYKfi\">Tapahtuman arvioidaan tuovan alueelle 3,4 miljoonaa euroa matkailutuloja ja 5\u00a0000 vierasta.<\/li>\n<li class=\"aw-1j7gwms gNYKfi\">Kilpailukeskus on suunniteltu Savonlinnaan ja y\u00f6tauko Joensuuhun.<\/li>\n<li class=\"aw-1j7gwms gNYKfi\">Neuvottelut kuntien kanssa ovat kesken ja p\u00e4\u00e4t\u00f6s j\u00e4rjest\u00e4misest\u00e4 tehd\u00e4\u00e4n jouluun menness\u00e4.<\/li>\n<\/ul>\n<p class=\"aw-1gybjub aw-1p7kakr kEtdKx cEmitX yle__article__paragraph\">T\u00e4m\u00e4 on teko\u00e4lyn avulla tuotettu, toimittajan tarkistama tiivistelm\u00e4.<\/p>\n<p class=\"aw-1gybjub aw-1p7kakr kEtdKx cEmitX yle__article__paragraph\">It\u00e4-Suomeen on suunnitteilla uusi EM-talvirallikilpailu, jota kisattaisiin muun muassa Savonlinnassa ja Joensuussa. J\u00e4rjest\u00e4mist\u00e4 havitellaan vuosille 2027\u20132029.<\/p>\n<p class=\"aw-1gybjub aw-1p7kakr kEtdKx cEmitX yle__article__paragraph\">Talousvaikutuksiltaan miljoonaluokan tapahtuman esisopimus on allekirjoitettu, ja neuvottelut ovat k\u00e4ynniss\u00e4 It\u00e4-Suomen kuntien, kaupunkien ja maakuntaliittojen kanssa.<\/p>\n<p class=\"aw-1gybjub aw-1p7kakr kEtdKx cEmitX yle__article__paragraph\">EM-talviralliprojektia vet\u00e4v\u00e4n <strong class=\"aw-ak79eh KyCXm yle__article__strong\">Arto Tolvasen<\/strong> mukaan maaliskuun 2027 alkuun suunnitellun tapahtuman on arvioitu tuovan noin 3,4 miljoonaa euroa suoraa matkailutuloa. Arviolta 5\u00a0000 majoittuvaa vierasta viett\u00e4isi alueella keskim\u00e4\u00e4rin yli kolme vuorokautta.<\/p>\n<p class=\"aw-1gybjub aw-1p7kakr kEtdKx cEmitX yle__article__paragraph\">\u2013 T\u00e4ss\u00e4 on sama promoottori kuin Suomen MM-rallissa Jyv\u00e4skyl\u00e4ss\u00e4, Tolvanen kertoo.<\/p>\n<p class=\"aw-1gybjub aw-1p7kakr kEtdKx cEmitX yle__article__paragraph\">EM-rallia on ajettu t\u00e4n\u00e4 vuonna ymp\u00e4ri Eurooppaa. Tolvasen mukaan kahdeksan osakilpailun j\u00e4rjest\u00e4misest\u00e4 on tehty tutkimuksia, joista voi vet\u00e4\u00e4 johtop\u00e4\u00e4t\u00f6ksi\u00e4 yleis\u00f6m\u00e4\u00e4rist\u00e4 ja kilpailutapahtuman j\u00e4rjestelyihin osallistuvien ihmisten m\u00e4\u00e4r\u00e4st\u00e4.<\/p>\n<p class=\"aw-1gybjub aw-1p7kakr kEtdKx cEmitX yle__article__paragraph\">Viime maaliskuussa Savonlinnassa j\u00e4rjestetyst\u00e4 SM-rallistakin on tehty tutkimus, jonka perusteella EM-talvirallin taloudellisia vaikutuksia on arvioitu. Savonlinnan SM-ralli ker\u00e4si 9\u00a0500 katsojaa. It\u00e4-Suomen EM-osakilpailun yhteyteen suunnitellaan my\u00f6s SM-rallia.<\/p>\n<p><img decoding=\"async\" alt=\"Savonlinnan SM-rallin kilpailujohtaja Arto Tolvanen.\" src=\"https:\/\/www.europesays.com\/fi\/wp-content\/uploads\/2025\/12\/39-143252167cac076f08d4.jpeg\" loading=\"lazy\" class=\"aw-1l9m598 hKVVvP\"\/><\/p>\n<p>Avaa kuvien katselu<\/p>\n<p>Arto Tolvanen toimi Savonlinnan SM-rallin kilpailunjohtajana viime maaliskuussa. Kuva: Sami Ikonen \/ YleSavonlinna ja Joensuu olisivat n\u00e4kyv\u00e4sti mukana<\/p>\n<p class=\"aw-1gybjub aw-1p7kakr kEtdKx cEmitX yle__article__paragraph\">Alustavasti EM-talvirallin kilpailukeskus ja maali on suunniteltu Savonlinnaan. Y\u00f6taukoa vietett\u00e4isiin Joensuussa, jonne matkataan Varkauden kautta.<\/p>\n<p class=\"aw-1gybjub aw-1p7kakr kEtdKx cEmitX yle__article__paragraph\">Tolvanen kertoo, ett\u00e4 Joensuussa on tarkoitus y\u00f6tauon lis\u00e4ksi my\u00f6s ajaa kahtena p\u00e4iv\u00e4n\u00e4. Esimerkiksi Joensuun raviradalle on suunnitteilla yleis\u00f6erikoiskoe, ja torille on suunniteltu seremoniallista starttia.<\/p>\n<p><img decoding=\"async\" alt=\"Kauhakuormaaja kippaa lunta kauhastaan isoon lumikasaan Joensuun torin laidalla marraskuisena piem\u00e4n\u00e4 aamuna.\" src=\"https:\/\/www.europesays.com\/fi\/wp-content\/uploads\/2025\/12\/39-1383282673ec16928d53.jpeg\" loading=\"lazy\" class=\"aw-1l9m598 hKVVvP\"\/><\/p>\n<p>Avaa kuvien katselu<\/p>\n<p>Rallikansa saattaa vallata Joensuun torin maaliskuussa 2027.  Kuva: Panu Vatanen \/ Yle<\/p>\n<p class=\"aw-1gybjub aw-1p7kakr kEtdKx cEmitX yle__article__paragraph\">Tapahtumaan on suunnitteilla 12\u201314 erikoiskoetta, joiden yhteispituus on noin 180 kilometri\u00e4. Tolvasen mukaan reittisuunnittelu on k\u00e4ynniss\u00e4 paikallisten autourheiluseurojen kanssa.<\/p>\n<p class=\"aw-1gybjub aw-1p7kakr kEtdKx cEmitX yle__article__paragraph\">\u2013 It\u00e4suomalaisilla seuroilla on hyv\u00e4\u00e4 osaamista rallikilpailun j\u00e4rjest\u00e4miseen. T\u00e4\u00e4ll\u00e4 on my\u00f6s ralliin hyvin soveltuva tiest\u00f6 ja innokasta yleis\u00f6\u00e4.<\/p>\n<p class=\"aw-1gybjub aw-1p7kakr kEtdKx cEmitX yle__article__paragraph\">EM-talvirallitapahtuman oheisohjelma, kuten kaupunkien keskustoissa j\u00e4rjestett\u00e4v\u00e4t yleis\u00f6tapahtumat sek\u00e4 kilpailun ratkaiseva loppuosuus eli Power Stage, suunnitellaan sen mukaan, mitk\u00e4 kaupungit, kunnat ja maakuntaliitot l\u00e4htev\u00e4t mukaan yhteisty\u00f6h\u00f6n.<\/p>\n<p class=\"aw-1gybjub aw-1p7kakr kEtdKx cEmitX yle__article__paragraph\">\u2013 Meid\u00e4n pit\u00e4\u00e4 saada tieluvat j\u00e4rjestym\u00e4\u00e4n ja rahoitus kasaan eli isoja panostuksia tarvitaan. Nyt jouluun menness\u00e4 pit\u00e4isi olla kaikki asiat selvill\u00e4. Sitten meill\u00e4 on vuosi ja kolme kuukautta aikaa ennen h-hetke\u00e4.<\/p>\n<p>It\u00e4-Suomelle laajaa kansainv\u00e4list\u00e4 TV-n\u00e4kyvyytt\u00e4<\/p>\n<p class=\"aw-1gybjub aw-1p7kakr kEtdKx cEmitX yle__article__paragraph\">EM-rallisarjan tv-l\u00e4hetykset tavoittavat 72 maata ja noin 55 miljoonaa katsojaa.<\/p>\n<p class=\"aw-1gybjub aw-1p7kakr kEtdKx cEmitX yle__article__paragraph\">\u2013 Talviralli toisi It\u00e4-Suomeen 150 kilpailijaparia. Sarjan kansainv\u00e4linen n\u00e4kyvyys on vahvassa kasvussa, Tolvanen sanoo.<\/p>\n<p class=\"aw-1gybjub aw-1p7kakr kEtdKx cEmitX yle__article__paragraph\">Autourheilun lajiliitto AKK:n mukaan Suomella on vahva autourheilukulttuuri ja hyv\u00e4 kansainv\u00e4linen maine j\u00e4rjest\u00e4j\u00e4maana.<\/p>\n<p class=\"aw-1gybjub aw-1p7kakr kEtdKx cEmitX yle__article__paragraph\">\u2013 Tapahtuma nostaa Suomea esiin autourheilun huippumaana ja tukee samalla my\u00f6s Suomen MM-rallia, joka on pohjoismaiden suurin urheilutapahtuma, AKK:n toimitusjohtaja <strong class=\"aw-ak79eh KyCXm yle__article__strong\">Kimmo Vainio<\/strong> sanoo tiedotteessa.<\/p>\n<p class=\"aw-1gybjub aw-1p7kakr kEtdKx cEmitX yle__article__paragraph\">Jos EM-talviralli It\u00e4-Suomessa toteutuu, olisi se Suomen toiseksi suurin rallitapahtuma Jyv\u00e4skyl\u00e4n j\u00e4lkeen.<\/p>\n<p class=\"aw-1gybjub aw-1p7kakr kEtdKx cEmitX yle__article__paragraph\"><strong class=\"aw-ak79eh KyCXm yle__article__strong\">EM-talviralliprojektia vet\u00e4v\u00e4 Arto Tolvanen kertoo, miss\u00e4 vaiheessa rallin suunnittelu on joulukuun alussa:<\/strong><\/p>\n<p><strong class=\"aw-1bgq5a3 bSmpIc\">It\u00e4-Suomeen suunnitellaan uutta EM-talvirallikilpailua<\/strong><\/p>\n","protected":false},"excerpt":{"rendered":"Tapahtuman esisopimus on allekirjoitettu vuosille 2027\u20132029. Neuvottelut ovat k\u00e4ynniss\u00e4 It\u00e4-Suomen kuntien, kaupunkien ja maakunta\u00adliittojen kanssa. Avaa kuvien katselu&hellip;\n","protected":false},"author":2,"featured_media":107113,"comment_status":"","ping_status":"","sticky":false,"template":"","format":"standard","meta":{"footnotes":""},"categories":[158],"tags":[3701,184,20140,33,31,30,5188,1133,1137,1136,3241,1000,159,32,1667,160,2915],"class_list":{"0":"post-107112","1":"post","2":"type-post","3":"status-publish","4":"format-standard","5":"has-post-thumbnail","7":"category-urheilu","8":"tag-autourheilu","9":"tag-etela-savo","10":"tag-euroopan-mestaruuskilpailut","11":"tag-fi","12":"tag-finland","13":"tag-finnish","14":"tag-ita-suomi","15":"tag-joensuu","16":"tag-pohjois-karjala","17":"tag-pohjois-savo","18":"tag-ralliautoilu","19":"tag-savonlinna","20":"tag-sports","21":"tag-suomi","22":"tag-tapahtumat","23":"tag-urheilu","24":"tag-varkaus"},"share_on_mastodon":{"url":"https:\/\/pubeurope.com\/@fi\/115658899892475685","error":""},"_links":{"self":[{"href":"https:\/\/www.europesays.com\/fi\/wp-json\/wp\/v2\/posts\/107112","targetHints":{"allow":["GET"]}}],"collection":[{"href":"https:\/\/www.europesays.com\/fi\/wp-json\/wp\/v2\/posts"}],"about":[{"href":"https:\/\/www.europesays.com\/fi\/wp-json\/wp\/v2\/types\/post"}],"author":[{"embeddable":true,"href":"https:\/\/www.europesays.com\/fi\/wp-json\/wp\/v2\/users\/2"}],"replies":[{"embeddable":true,"href":"https:\/\/www.europesays.com\/fi\/wp-json\/wp\/v2\/comments?post=107112"}],"version-history":[{"count":0,"href":"https:\/\/www.europesays.com\/fi\/wp-json\/wp\/v2\/posts\/107112\/revisions"}],"wp:featuredmedia":[{"embeddable":true,"href":"https:\/\/www.europesays.com\/fi\/wp-json\/wp\/v2\/media\/107113"}],"wp:attachment":[{"href":"https:\/\/www.europesays.com\/fi\/wp-json\/wp\/v2\/media?parent=107112"}],"wp:term":[{"taxonomy":"category","embeddable":true,"href":"https:\/\/www.europesays.com\/fi\/wp-json\/wp\/v2\/categories?post=107112"},{"taxonomy":"post_tag","embeddable":true,"href":"https:\/\/www.europesays.com\/fi\/wp-json\/wp\/v2\/tags?post=107112"}],"curies":[{"name":"wp","href":"https:\/\/api.w.org\/{rel}","templated":true}]}}