{"id":107114,"date":"2025-12-04T02:18:15","date_gmt":"2025-12-04T02:18:15","guid":{"rendered":"https:\/\/www.europesays.com\/fi\/107114\/"},"modified":"2025-12-04T02:18:15","modified_gmt":"2025-12-04T02:18:15","slug":"nain-syntyy-vuoden-katsotuin-tv-ohjelma-linnan-juhlat-tarinoita-ylesta-yle-fi","status":"publish","type":"post","link":"https:\/\/www.europesays.com\/fi\/107114\/","title":{"rendered":"N\u00e4in syntyy vuoden katsotuin tv-ohjelma Linnan juhlat \u2013 Tarinoita Ylest\u00e4 \u2013 yle.fi"},"content":{"rendered":"<p class=\"ydd-lead font-bold text-lg owl:text-xl\">  Linnan juhlat on instituutio, joka on vakiinnuttanut paikkansa suomalaisten itsen\u00e4isyysp\u00e4iv\u00e4n vietossa. Onko miljoonia suomalaisia tavoittava l\u00e4hetys kansakunnan viimeisi\u00e4 yhteisi\u00e4 iltanuotioita?<\/p>\n<p>Yle on v\u00e4litt\u00e4nyt itsen\u00e4isyysp\u00e4iv\u00e4n juhlintaa suomalaisille koko olemassaolonsa ajan. Aluksi radiossa v\u00e4litetty kansallinen tunnelmointi levitt\u00e4ytyi 1950-luvun lopulla televisioon, 1990-luvulla verkkosivuille, sitten suoratoistopalvelu Yle Areenaan ja viime vuosina my\u00f6s virtuaaliselle Roblox-pelialustalle.<\/p>\n<p>Linnan juhlat on televisioitu s\u00e4\u00e4nn\u00f6llisesti presidentti <strong>Mauno Koiviston<\/strong> ensimm\u00e4isist\u00e4 juhlista 1982 asti, lukuun ottamatta koronavuosia 2020 ja 2021, jolloin juhlia ei j\u00e4rjestetty lainkaan. L\u00e4hetyksen seuraamiseen liittyy edelleen vahvasti kokemus samanaikaisuudesta ja yhteis\u00f6llisyydest\u00e4 muiden suomalaisten kanssa. Nyky\u00e4\u00e4n Yle Areenan chat mahdollistaa my\u00f6s reaaliaikaisen keskustelun muiden juhlia seuraavien kanssa, eli jutustelu on laajentunut kotisohvilta ulosp\u00e4in.<\/p>\n<p>Mutta miksi juuri Yle v\u00e4litt\u00e4\u00e4 merkkip\u00e4iv\u00e4n tunnelmia ja sen kruununjalokiven eli Linnan juhlat?<\/p>\n<p>\u201dTasavallan presidentin kanslia on aikoinaan uskonut t\u00e4m\u00e4n teht\u00e4v\u00e4n Yleisradiolle, ja jatkamme nykyaikanakin t\u00e4t\u00e4 pitk\u00e4\u00e4 perinnett\u00e4. Ylen teht\u00e4v\u00e4 on ollut ja on edelleen v\u00e4litt\u00e4\u00e4 koko kansakuntaa koskettavia asioita. Suomalaisille itsen\u00e4isyysp\u00e4iv\u00e4n juhliminen merkitsee paljon ja juhlinnan n\u00e4ytt\u00e4minen ja siin\u00e4 mukana oleminen sopii Ylen teht\u00e4v\u00e4\u00e4n t\u00e4ydellisesti\u201d, kertoo Linnan juhlien p\u00e4\u00e4tuottaja <strong>Ville M\u00e4tt\u00f6<\/strong>.<\/p>\n<p>Jotkin Linnan juhlien l\u00e4hetysten elementit ovat pysyvi\u00e4: k\u00e4ttelyiden seuraamista, pukuloiston ihailua, musiikkiesityksi\u00e4, vieraiden ja presidenttiparin haastattelut. Mutta vakiintuneetkin sis\u00e4ll\u00f6t muokkautuvat vuosien varrella ja uusien tekniikoiden my\u00f6t\u00e4.<\/p>\n<p>\u201dUskon, ett\u00e4 uudenlaiset vuorovaikutuksen v\u00e4lineet, kuten vaikkapa l\u00e4hetyksen chat, ovat pit\u00e4neet t\u00e4t\u00e4 juhlainstituutiota relevanttina ja ajan hengess\u00e4 mukana. Pelillisyys tai chattaily muiden katsojien kanssa saattaa tehd\u00e4 kokemuksesta kokonaisvaltaisemman joillekin katsojille\u201d, M\u00e4tt\u00f6 pohtii.<\/p>\n<p>    <img decoding=\"async\" alt=\"Kollaasi Matti R\u00f6ng\u00e4n ja Marjukka Havum\u00e4en valokuvista Linnan juhlien juontajana. Pohjana kuva, jossa kuvaaja Jari K\u00e4rkk\u00e4inen opastaa juontajia.\" itemprop=\"image\" content=\"https:\/\/images.cdn.yle.fi\/image\/upload\/f_auto,fl_progressive\/fl_keep_iptc\/q_88\/w_1920\/w_700\/v1764578766\/39-1562101692d53503a409.jpg\" data-yle-id=\"39-1562101692d53503a409\" data-crop-coords=\"w_1920\" data-image-width=\"1920\" data-image-version=\"1764578766\" data-copyright=\"Jyrki Valkama\" data-caption=\"Ylelt\u00e4 kuluvana vuonna el\u00e4k\u00f6itynyt Marjukka Havum\u00e4ki on toiminut Linnan juhlien juontajana 11 kertaa (2000\u20132021). Kuusi kertaa Marjukan juontoparina toimi Matti R\u00f6nk\u00e4. \" data-ydd-modal-src=\"https:\/\/images.cdn.yle.fi\/image\/upload\/f_auto,fl_progressive\/q_auto\/w_1920\/w_1400\/w_1400,h_788,c_fit\/v1764578766\/39-1562101692d53503a409.jpg\" data-ydd-modal-width=\"1400\" data-ydd-modal-height=\"788\" class=\"ydd-image__image js-ydd-image lazyload\" viewbox=\"0 0 1920 1080\" width=\"100%\" height=\"100%\" fill=\"transparent\" src=\"https:\/\/www.europesays.com\/fi\/wp-content\/uploads\/2025\/12\/39-1562101692d53503a409.jpg\"\/><\/p>\n<p>                  Kuvateksti<br \/>\n          Ylelt\u00e4 kuluvana vuonna el\u00e4k\u00f6itynyt Marjukka Havum\u00e4ki on toiminut Linnan juhlien juontajana 11 kertaa (2000\u20132021). Kuusi kertaa Marjukan juontoparina toimi Matti R\u00f6nk\u00e4. <\/p>\n<p>Kuva: Jyrki Valkama<\/p>\n<p>            Linnan juhlat,Matti R\u00f6nk\u00e4,Marjukka Havum\u00e4ki<\/p>\n<p>    Ylell\u00e4 j\u00e4rjest\u00e4ydyt\u00e4\u00e4n seuraavia juhlia varten jo kev\u00e4\u00e4ll\u00e4<\/p>\n<p>Seuraavan vuoden Linnan juhlat -l\u00e4hetys on p\u00e4\u00e4tuottajan mieless\u00e4 heti kun edellinen on ohi.<\/p>\n<p>\u201dYlen oman tuotantoporukan kesken pidet\u00e4\u00e4n j\u00e4lkipalaveri, jossa katsotaan, miten asiat meniv\u00e4t ja onko asioita, mit\u00e4 pit\u00e4isi ottaa seuraavalla kerralla huomioon\u201d, M\u00e4tt\u00f6 kertoo.<\/p>\n<p>Varsinaisesti Ylen puolella j\u00e4rjest\u00e4ydyt\u00e4\u00e4n seuraavia juhlia varten kev\u00e4\u00e4ll\u00e4, jolloin katsotaan, ketk\u00e4 ovat tulevan tuotannon avainhenkil\u00f6t. Ty\u00f6tahti kiihtyy syys\u2013lokakuussa ja tiivistyy, kun h-hetki l\u00e4hestyy.<br \/>Linnan juhlien kaltaisen ison ja suoran tuotannon tekemiseen tarvitaan kymmeni\u00e4 ammattilaisia, jotka ty\u00f6skentelev\u00e4t ymp\u00e4riins\u00e4 Linnan liepeill\u00e4 ja sis\u00e4ll\u00e4.<\/p>\n<p>\u201dMin\u00e4 olen l\u00e4hetyksen tuottaja eli istun l\u00e4hetysautossa. Ja siell\u00e4 t\u00e4rke\u00e4ss\u00e4 roolissa l\u00e4hetyksen kannalta ovat l\u00e4heisimm\u00e4t ty\u00f6parini eli l\u00e4hetyksen ohjaaja <strong>Gitte Enjala<\/strong> ja tuotantokoordinaattori <strong>Pia Puustinen<\/strong>\u201d, M\u00e4tt\u00f6 avaa. <\/p>\n<p>L\u00e4hetyksen aikana ohjelman sujumisesta ja tuotantotekniikasta huolehtivat l\u00e4hetysautossa ty\u00f6skentelevien kuvaussuunnittelijan, \u00e4\u00e4nisuunnittelijan, k\u00e4ytt\u00f6mestarin ja mediaoperaattorin lis\u00e4ksi eri puolilla Linnaa eri kamerapaikoilla olevat kuvaajat, \u00e4\u00e4nisuunnittelijat, valaisijat, studio-ohjaaat sek\u00e4 esimerkiksi lavastety\u00f6ntekij\u00e4 ja tuotantoj\u00e4rjest\u00e4j\u00e4. Kaikki on tarkkaan aikataulutettua ja erilaisia illan kulkuun liittyvi\u00e4 tilanteita pit\u00e4\u00e4 valmistella illan edetess\u00e4. Esimerkiksi kamerapaikkoja vaihdetaan ja lavastekynttil\u00f6it\u00e4 siirrell\u00e4\u00e4n.<\/p>\n<p>Eri puolella Presidentinlinnaa pelk\u00e4st\u00e4\u00e4n kameroita on reilusti yli kaksikymment\u00e4. Osa kameroista on miehitettyj\u00e4 ja osa on robottikameroita, mutta jokaisen kuvan tulee olla hyv\u00e4laatuista. Sama koskee my\u00f6s \u00e4\u00e4nt\u00e4. L\u00e4hetyksess\u00e4 on musiikkia ja haastatteluita. Etuk\u00e4teen on siis teht\u00e4v\u00e4 runsaasti niin kuvaus- kuin \u00e4\u00e4nisuunnitteluakin.<\/p>\n<p>Ylen tuotantotiimi tuntee Presidentinlinnan hyvin<\/p>\n<p>Viime vuonna, 2024, juhlia Linnassa is\u00e4nn\u00f6i uusi presidenttipari, <strong>Alexander Stubb<\/strong> ja <strong>Suzanne Innes-Stubb<\/strong>. Jonkin verran muutoksiakin tehtiin edellisvuoden juhliin verrattuna, n\u00e4kyvin niist\u00e4 oli uusi l\u00e4mpim\u00e4mm\u00e4n s\u00e4vyinen tunnelmavalaistus. <\/p>\n<p>\u201dMuutos tehtiin tasavalla presidentin kanslian toiveesta. Valaistuksen muuttaminen vaikuttaa tietysti my\u00f6s televisiol\u00e4hetykseen. Kuvaussuunnittelija <strong>Henri Heino<\/strong> oli Ylen puolelta pohtimassa sit\u00e4, miten uudenlainen valaistus hoidetaan niin, ett\u00e4 se n\u00e4ytt\u00e4\u00e4 hyv\u00e4lt\u00e4 my\u00f6s tv-kameroissa\u201d, M\u00e4tt\u00f6 kuvailee.<\/p>\n<p>Ville M\u00e4tt\u00f6 kokee muutosten osalta eduksi sen, ett\u00e4 tuotanto tuntee talon hyvin sen joka nurkkaa my\u00f6ten, my\u00f6s teknisest\u00e4 n\u00e4k\u00f6kulmasta.<\/p>\n<p>Meid\u00e4n on helppo suhteuttaa muutoksia siihen, miten me ollaan toteutettu l\u00e4hetys aikaisemmin\u201d.<\/p>\n<p>    <img decoding=\"async\" alt=\"Tino Savolainen k\u00e4ttelee Suzanne Innes-Stubbia.\" itemprop=\"image\" content=\"https:\/\/images.cdn.yle.fi\/image\/upload\/f_auto,fl_progressive\/fl_keep_iptc\/q_88\/w_1984,h_1116,c_crop,x_0,y_930\/w_700\/v1733512068\/39-139170367534aa162041.jpg\" data-yle-id=\"39-139170367534aa162041\" data-crop-coords=\"w_1984,h_1116,c_crop,x_0,y_930\" data-image-width=\"1984\" data-image-version=\"1733512068\" data-copyright=\"Silja Viitala \/ Yle\" data-caption=\"Tasavallan presidentti Alexander Stubb is\u00e4nn\u00f6i puolisonsa Suzanne Innes-Stubbin kanssa ensimm\u00e4ist\u00e4 kertaa Linnan juhlia Helsingiss\u00e4 6. joulukuuta 2024. Juhlien teemana oli Yhdess\u00e4. Adjutantti ojensi k\u00e4sidesi\u00e4 entiselle 1. adjuntanttille Tino Savolaiselle. \" data-ydd-modal-src=\"https:\/\/images.cdn.yle.fi\/image\/upload\/f_auto,fl_progressive\/q_auto\/w_1984,h_1116,c_crop,x_0,y_930\/w_1984\/w_1400,h_1400,c_fit\/v1733512068\/39-139170367534aa162041.jpg\" data-ydd-modal-width=\"1400\" data-ydd-modal-height=\"788\" class=\"ydd-image__image js-ydd-image lazyload\" viewbox=\"0 0 1984 1116\" width=\"100%\" height=\"100%\" fill=\"transparent\" src=\"https:\/\/www.europesays.com\/fi\/wp-content\/uploads\/2025\/12\/39-139170367534aa162041.jpg\"\/><\/p>\n<p>                  Kuvateksti<br \/>\n          Tasavallan presidentti Alexander Stubb is\u00e4nn\u00f6i puolisonsa Suzanne Innes-Stubbin kanssa ensimm\u00e4ist\u00e4 kertaa Linnan juhlia Helsingiss\u00e4 6. joulukuuta 2024. Juhlien teemana oli Yhdess\u00e4. Adjutantti ojensi k\u00e4sidesi\u00e4 entiselle 1. adjuntanttille Tino Savolaiselle. <\/p>\n<p>Kuva: Silja Viitala \/ Yle<\/p>\n<p>            Suomen itsen\u00e4isyysp\u00e4iv\u00e4,Helsinki,2024,Linnan juhlat,Linnan juhlat 2024,Suzanne Innes-Stubb,Alexander Stubb<\/p>\n<p>    Ensimm\u00e4ist\u00e4 radioitua itsen\u00e4isyysp\u00e4iv\u00e4\u00e4 vietettiin Suomessa pian sata vuotta sitten<\/p>\n<p>Yle on v\u00e4litt\u00e4nyt itsen\u00e4isyysp\u00e4iv\u00e4n juhlintaa koko olemassaolonsa ajan, kerrotaan marraskuussa julkaistussa<a class=\"link\" href=\"https:\/\/yle.fi\/aihe\/a\/20-10009085\" rel=\"nofollow noopener\" target=\"_blank\"> Kansan \u00e4\u00e4ni ja kuva \u2013 Yle, Suomi ja suomalaiset 1926\u20132026 <\/a>-teoksessa. Etenkin kaksi traditiota on pit\u00e4nyt paikkansa itsen\u00e4isyysp\u00e4iv\u00e4n juhlinnassa: Linnan juhlat ja Tuntematon sotilas -elokuva, joista j\u00e4lkimm\u00e4inen tosin s\u00e4\u00e4nn\u00f6llisesti vasta vuodesta 2000. Molemmat n\u00e4kyv\u00e4t Ylen kanavilla t\u00e4n\u00e4kin vuonna.<\/p>\n<p>\u201dItsen\u00e4isyysp\u00e4iv\u00e4n vietossa Yleisradiolla on ollut keskeinen kansallinen rooli ja se on pitk\u00e4lti tehnyt siit\u00e4 Suomen merkitt\u00e4vimm\u00e4n kansallisen juhlan\u201d, kertoo Yle 100 -tutkimusryhm\u00e4n osahankkeen vet\u00e4j\u00e4, dosentti<strong> Jukka Kortti<\/strong> Helsingin yliopistosta.<\/p>\n<p>Ensimm\u00e4ist\u00e4 radioitua itsen\u00e4isyysp\u00e4iv\u00e4\u00e4 vietettiin jo vuonna 1926, vain noin kolme kuukautta ohjelmayhti\u00f6 Oy Suomen Yleisradio Ab:n ensimm\u00e4isen l\u00e4hetyksen j\u00e4lkeen. L\u00e4hetys sis\u00e4lsi lausuntaa, yksinlaulua, esitelm\u00e4n, kuorolaulua, puhetta ja soittoa. Televisiol\u00e4hetysten alettua 1950-luvun lopulla monet radion itsen\u00e4isyysp\u00e4iv\u00e4n ohjelmista kopioitiin sellaisenaan televisioon. 1960- ja 1970-luvuilla itsen\u00e4isyysp\u00e4iv\u00e4n ohjelmistossa alkoi suurmiesten rinnalla kuulua ja n\u00e4ky\u00e4 yh\u00e4 enemm\u00e4n my\u00f6s tavallisia kansalaisia.<\/p>\n<p>    <img decoding=\"async\" alt=\"\" itemprop=\"image\" content=\"https:\/\/images.cdn.yle.fi\/image\/upload\/f_auto,fl_progressive\/fl_keep_iptc\/q_88\/w_540,h_405,c_fill,g_faces\/w_700\/v1559254121\/13-26-44122.jpg\" data-yle-id=\"13-26-44122\" data-crop-coords=\"w_540,h_405,c_fill,g_faces\" data-image-width=\"540\" data-image-version=\"1559254121\" class=\"ydd-image__image js-ydd-image lazyload\" viewbox=\"0 0 540 405\" width=\"100%\" height=\"100%\" fill=\"transparent\" src=\"https:\/\/www.europesays.com\/fi\/wp-content\/uploads\/2025\/12\/13-26-44122.jpg\"\/><\/p>\n<p>          Vuonna 1982 Mauno ja Tellervo Koivisto ovat ensimm\u00e4ist\u00e4 kertaa is\u00e4nt\u00e4parina Linnan juhlissa Kekkosen pitk\u00e4n valtakauden j\u00e4lkeen. Eeva Polttilan ja Antero Kekkosen kommentoidessa presidenttipari viihdytt\u00e4\u00e4 vieraitaan ja nauttii tunnelmasta iloisessa puheensorinassa.<\/p>\n<p>                     &#8211;<br \/>\n        <a class=\"link\" href=\"https:\/\/areena.yle.fi\/1-50172418\" aria-describedby=\"aria-areena-caption-1-50172418\" rel=\"nofollow noopener\" target=\"_blank\"><br \/>\n      Toista Yle Areenassa<br \/>\n          <\/a><\/p>\n<p>  Viimeisi\u00e4 yhteisi\u00e4 iltanuotioita?<\/p>\n<p>Vaikka suomalaistenkin mediank\u00e4ytt\u00f6 ja televisionkatselu on muuttunut viimeisin\u00e4 vuosina merkitt\u00e4v\u00e4sti, liimaa Linnan juhlat suomalaiset edelleen kotisohville seuraamaan muutaman tunnin mittaista l\u00e4hetyst\u00e4 suorana televisiosta. Esimerkiksi viime vuonna (2024) Linnan juhlat -tv-l\u00e4hetyst\u00e4 seurasi Finnpanelin mukaan keskim\u00e4\u00e4rin 2,1 miljoonaa ihmist\u00e4. L\u00e4hetys tavoitti 2,8 miljoonaa suomalaista.<\/p>\n<p>\u201dT\u00e4llainen traditionaalinen katselu pit\u00e4\u00e4 edelleen pintansa, vaikka aina puhutaan my\u00f6s, ett\u00e4 t\u00e4m\u00e4 on n\u00e4it\u00e4 viimeisi\u00e4 yhteisi\u00e4 iltanuotioita\u201d, M\u00e4tt\u00f6 kertoo.<\/p>\n<p>    <img decoding=\"async\" alt=\"Elegantit iltapukuihin ja frakkeihin pukeutuneet Ylen Linnan juhlien juontajat s\u00e4ihkyv\u00e4ss\u00e4 milj\u00f6\u00f6ss\u00e4.\" itemprop=\"image\" content=\"https:\/\/images.cdn.yle.fi\/image\/upload\/f_auto,fl_progressive\/fl_keep_iptc\/q_88\/w_3840\/w_700\/v1762176935\/39-15479146908ab86d2b1e.jpg\" data-yle-id=\"39-15479146908ab86d2b1e\" data-crop-coords=\"w_3840\" data-image-width=\"3840\" data-image-version=\"1762176935\" data-copyright=\"Ilmari Fabritius \/ Yle, grafiikka: Ville Mennander \/ Yle\" data-caption=\"Linnan juhlat 2025 -ohjelmaa juontavat Kreeta-Maria Kivioja, Jussi-Pekka Rantanen, Laura Arffman ja Nicke Ald\u00e9n.\" data-ydd-modal-src=\"https:\/\/images.cdn.yle.fi\/image\/upload\/f_auto,fl_progressive\/q_auto\/w_3840\/w_1400\/w_1400,h_788,c_fit\/v1762176935\/39-15479146908ab86d2b1e.jpg\" data-ydd-modal-width=\"1400\" data-ydd-modal-height=\"788\" class=\"ydd-image__image js-ydd-image lazyload\" viewbox=\"0 0 3840 2160\" width=\"100%\" height=\"100%\" fill=\"transparent\" src=\"https:\/\/www.europesays.com\/fi\/wp-content\/uploads\/2025\/12\/39-15479146908ab86d2b1e.jpg\"\/><\/p>\n<p>                  Kuvateksti<br \/>\n          Linnan juhlat 2025 -ohjelmaa juontavat Kreeta-Maria Kivioja, Jussi-Pekka Rantanen, Laura Arffman ja Nicke Ald\u00e9n.<\/p>\n<p>Kuva: Ilmari Fabritius \/ Yle, grafiikka: Ville Mennander \/ Yle<\/p>\n<p>            Linnan juhlat<\/p>\n<p>T\u00e4n\u00e4 vuonna Linnan juhlien l\u00e4hetys alkaa Yle TV1:ll\u00e4, Yle Areenassa ja Yle Radio Suomessa klo 18.15 eli puoli tuntia tavallista aikaisemmin. Selostajina tv-l\u00e4hetyksess\u00e4 ovat <strong>Laura Arffman<\/strong>, <strong>Jussi-Pekka Rantanen<\/strong>, <strong>Ari Hakahuhta<\/strong> ja<strong> Sami Sykk\u00f6<\/strong>. Ruotsiksi l\u00e4hetyst\u00e4 selostavat <strong>Jonas Blomqvist, Jenny J\u00e4gerhorn<\/strong> ja <strong>M\u00e4rta Nummenmaa. <\/strong>Radion puolella taas \u00e4\u00e4ness\u00e4 ovat <strong>Reetta Arvila<\/strong> ja <strong>Paavo H\u00e4iki\u00f6<\/strong>. Laineen Tuntematon sotilas tulee Yle Teemalta klo 12.02.<\/p>\n<p>Linnan juhlia voi selostusvalinnasta riippuen seurata televisiossa ja Yle Areenassa joko suomeksi tai ruotsiksi, l\u00e4hetys my\u00f6s kuvailutulkataan. <\/p>\n<p>Lue lis\u00e4\u00e4 itsen\u00e4isyysp\u00e4iv\u00e4n ohjelmistosta: <a class=\"link\" href=\"https:\/\/yle.fi\/aihe\/a\/20-10009061\" rel=\"nofollow noopener\" target=\"_blank\">N\u00e4in itsen\u00e4isyysp\u00e4iv\u00e4\u00e4 juhlitaan Ylen kanavilla \u2013 Linnan juhlien ovet avautuvat aiemmin<\/a><\/p>\n<p>Tarinoita Ylest\u00e4 -sarja taustoittaa ja kertoo Ylen monipuolisista osaajista, ohjelmista, kokeiluista ja ty\u00f6arjesta Yless\u00e4. Lue lis\u00e4\u00e4 <a class=\"link\" href=\"https:\/\/yle.fi\/aihe\/yleisradio\/tarinoita-ylesta\" rel=\"nofollow noopener\" target=\"_blank\">tarinoita Ylest\u00e4<\/a>!<\/p>\n","protected":false},"excerpt":{"rendered":"Linnan juhlat on instituutio, joka on vakiinnuttanut paikkansa suomalaisten itsen\u00e4isyysp\u00e4iv\u00e4n vietossa. Onko miljoonia suomalaisia tavoittava l\u00e4hetys kansakunnan viimeisi\u00e4&hellip;\n","protected":false},"author":2,"featured_media":107115,"comment_status":"","ping_status":"","sticky":false,"template":"","format":"standard","meta":{"footnotes":""},"categories":[130],"tags":[137,33,31,30,14062,19968,32,20141,109,1149],"class_list":{"0":"post-107114","1":"post","2":"type-post","3":"status-publish","4":"format-standard","5":"has-post-thumbnail","7":"category-viihde","8":"tag-entertainment","9":"tag-fi","10":"tag-finland","11":"tag-finnish","12":"tag-linnan-juhlat","13":"tag-suomen-itsenaisyyspaiva","14":"tag-suomi","15":"tag-tasavallan-presidentin-linna","16":"tag-viihde","17":"tag-yle"},"share_on_mastodon":{"url":"https:\/\/pubeurope.com\/@fi\/115658903038770017","error":""},"_links":{"self":[{"href":"https:\/\/www.europesays.com\/fi\/wp-json\/wp\/v2\/posts\/107114","targetHints":{"allow":["GET"]}}],"collection":[{"href":"https:\/\/www.europesays.com\/fi\/wp-json\/wp\/v2\/posts"}],"about":[{"href":"https:\/\/www.europesays.com\/fi\/wp-json\/wp\/v2\/types\/post"}],"author":[{"embeddable":true,"href":"https:\/\/www.europesays.com\/fi\/wp-json\/wp\/v2\/users\/2"}],"replies":[{"embeddable":true,"href":"https:\/\/www.europesays.com\/fi\/wp-json\/wp\/v2\/comments?post=107114"}],"version-history":[{"count":0,"href":"https:\/\/www.europesays.com\/fi\/wp-json\/wp\/v2\/posts\/107114\/revisions"}],"wp:featuredmedia":[{"embeddable":true,"href":"https:\/\/www.europesays.com\/fi\/wp-json\/wp\/v2\/media\/107115"}],"wp:attachment":[{"href":"https:\/\/www.europesays.com\/fi\/wp-json\/wp\/v2\/media?parent=107114"}],"wp:term":[{"taxonomy":"category","embeddable":true,"href":"https:\/\/www.europesays.com\/fi\/wp-json\/wp\/v2\/categories?post=107114"},{"taxonomy":"post_tag","embeddable":true,"href":"https:\/\/www.europesays.com\/fi\/wp-json\/wp\/v2\/tags?post=107114"}],"curies":[{"name":"wp","href":"https:\/\/api.w.org\/{rel}","templated":true}]}}