{"id":107116,"date":"2025-12-04T02:21:11","date_gmt":"2025-12-04T02:21:11","guid":{"rendered":"https:\/\/www.europesays.com\/fi\/107116\/"},"modified":"2025-12-04T02:21:11","modified_gmt":"2025-12-04T02:21:11","slug":"valco-uhoaa-uusien-vmk25-2-lippulaivakuulokkeiden-peruuttavan-inflaation","status":"publish","type":"post","link":"https:\/\/www.europesays.com\/fi\/107116\/","title":{"rendered":"Valco uhoaa uusien VMK25.2-lippulaivakuulokkeiden peruuttavan inflaation"},"content":{"rendered":"<p>Yhti\u00f6n mukaan se onnistui pit\u00e4m\u00e4\u00e4n kuulokkeiden hinnan tutussa 199 eurossa esimerkiksi j\u00e4tt\u00e4m\u00e4ll\u00e4 perkeleesti maksavat uudet ruiskuvalumuotit tekem\u00e4tt\u00e4 ja keskittyen pyh\u00e4\u00e4n kolminaisuuteen: \u00e4\u00e4nenlaatu, k\u00e4ytt\u00f6mukavuus ja akunkesto.<\/p>\n<p>Kotimainen Valco on valmistaja, jonka tiedotteita lukemalla toimittajaa teeskentelev\u00e4nk\u00e4\u00e4n ei tarvitse kaukaa hakea hauskoja sanank\u00e4\u00e4nteit\u00e4. Huvittavien lehdist\u00f6tiedotteiden lis\u00e4ksi yhti\u00f6 kehitt\u00e4\u00e4 my\u00f6s omanlaisiaan kuulokkeita.<\/p>\n<p>Valco kertoo ennakkoon julki lipsahtaneessa tiedotteessaan ei sen enemp\u00e4\u00e4 tai v\u00e4hemp\u00e4\u00e4 kuin peruuttaneensa inflaation. Todellisuudessa kyse on yll\u00e4tt\u00e4en ja pyyt\u00e4m\u00e4tt\u00e4 julkaistuista uusista VMK25.2 -lippulaivakuulokkeista, joiden tiedote p\u00e4\u00e4si hetkeksi irti jo eilen, mutta jonka sai virallisesti julkaista vasta t\u00e4n\u00e4\u00e4n 4. joulukuuta. Inflaatiotakaan ei ole peruttu kuin korkeintaan yhti\u00f6n omien kuulokkeiden hinnoittelussa.<\/p>\n<p><a href=\"https:\/\/www.europesays.com\/fi\/wp-content\/uploads\/2025\/12\/valco-vmk252-winter-20251203.jpg\"><img fetchpriority=\"high\" decoding=\"async\" class=\"alignnone size-full wp-image-113957\" src=\"https:\/\/www.europesays.com\/fi\/wp-content\/uploads\/2025\/12\/valco-vmk252-winter-20251203.jpg\" alt=\"\" width=\"1280\" height=\"853\"\/><\/a><\/p>\n<p>Yhti\u00f6n mukaan Valco VMK25.2 -kuulokkeet tarjoavat entist\u00e4 paremman \u00e4\u00e4nenlaadun, vakaamman yhteyden ja kest\u00e4v\u00e4mm\u00e4n rakenteen. Valco heitt\u00e4\u00e4 surutta muut yritykset bussin alle kertoen tehneens\u00e4 taloustieteellisen havainnon, joka kertoo inflaation olevan luonnonlain sijasta valinta, mill\u00e4 peitet\u00e4\u00e4n yritysten halu parantaa katteitaan tekem\u00e4tt\u00e4 mit\u00e4\u00e4n sen eteen. VMK25.2 -kuulokkeet on hinnoiteltu alkuper\u00e4isen mallin tapaan 199 euroon, eik\u00e4 se taloustieteiden Nobelia l\u00f6yd\u00f6st\u00e4\u00e4n odottavan konsernijohtaja Henri Heikkisen mukaan est\u00e4 h\u00e4nt\u00e4 ostamasta uutta katumaasturia.<\/p>\n<p>Valco kertoo hiljattain julkaisemiensa VMK15-kuulokkeiden olleen liiankin hyv\u00e4t, tehden yhti\u00f6n tilanteesta kiusallisen. Heikkisen mukaan se ei vain k\u00e4y p\u00e4ins\u00e4, ett\u00e4 hinnat alkaen -malli on teknisesti edell\u00e4 mallia, jolla on tarkoitus ker\u00e4t\u00e4 ihmisten rahat pois kuleksimasta, joten tilanteelle oli teht\u00e4v\u00e4 jotain ja julkaistava uudet lippulaivakuulokkeet viel\u00e4 edistyneemm\u00e4t VMK25.2:t.<\/p>\n<p>\t\t\t\t<a href=\"https:\/\/www.io-tech.fi\/wp-content\/uploads\/2025\/12\/valco-vmk252-1-20251203.jpg\" rel=\"nofollow noopener\" target=\"_blank\"><img loading=\"lazy\" decoding=\"async\" width=\"300\" height=\"300\" src=\"https:\/\/www.europesays.com\/fi\/wp-content\/uploads\/2025\/12\/valco-vmk252-1-20251203-300x300.jpg\" class=\"attachment-medium size-medium\" alt=\"\"\/><\/a><\/p>\n<p>\t\t\t\t<a href=\"https:\/\/www.io-tech.fi\/wp-content\/uploads\/2025\/12\/valco-vmk252-2-20251203.jpg\" rel=\"nofollow noopener\" target=\"_blank\"><img loading=\"lazy\" decoding=\"async\" width=\"300\" height=\"300\" src=\"https:\/\/www.europesays.com\/fi\/wp-content\/uploads\/2025\/12\/valco-vmk252-2-20251203-300x300.jpg\" class=\"attachment-medium size-medium\" alt=\"\"\/><\/a><\/p>\n<p>VMK25.2 -kuulokkeet ovat ulkoisesti edelt\u00e4jiens\u00e4 mukaiset, koska yhti\u00f6n mukaan ruiskuvalumuotit maksavat niin perkeleesti, ettei niiden tekemist\u00e4 tarvinnut mietti\u00e4 kolmea sekuntia pidemp\u00e4\u00e4n. Sen sijasta kehitysrahat suunnattiin kuulokkeiden sisuksiin, mill\u00e4 on asiakkaille uudistunutta ulkon\u00e4k\u00f6\u00e4 enemm\u00e4n merkityst\u00e4.<\/p>\n<p>Valco VMK25.2 -kuulokkeet perustuvat Qualcommin tuoreimpaan Snapdragon S3 -\u00e4\u00e4nialustaan, jonka on viritellyt kohdalleen yhti\u00f6n Jasse \u2019Jazmanaut\u2019 Kesti. Heikkisen mukaan viritykset ovat niin hyv\u00e4t, ett\u00e4 kappaleista kuuluu l\u00e4pi asioita, joiden ei edes pit\u00e4isi olla kuultavissa, kuten tuottajan ep\u00e4toivo ja basistin valkosipulinhajuinen hengitys. Kuulokkeista ei l\u00f6ydy yhti\u00f6n turhiksi katsomia nykytrendej\u00e4 kuten teko\u00e4ly\u00e4, sykemittaria, ajatuksia lukevaa simultaanitulkkia tai edes hipaisukytkimi\u00e4 ja joulukuusen lailla vilkkuvaa RGB-valaistusta (vaikka kuulokkeiden kupeissa onkin merkkivalot). Niiden sijasta kuulokkeissa on panostettu Valcon pyh\u00e4\u00e4n kolminaisuuteen: \u00e4\u00e4nenlaatu, k\u00e4ytt\u00f6mukavuus ja akunkesto, jonka luvataan nyt kest\u00e4v\u00e4n 55 tuntia t\u00e4ytt\u00e4 tykityst\u00e4.<\/p>\n<p>Vaikkei VMK25.2 -kuulokkeissa ole nykyajan turhakkeita mukana, Valco lupaa niiden tukevan yhti\u00f6n tulevaa sovellusta. Heikkisen mukaan sovelluksen kehitys etenee sit\u00e4 mukaa, kun h\u00e4nen portsarikaverinsa Christian ehtii p\u00e4iv\u00e4t\u00f6idens\u00e4 ohessa vibekoodaamaan sit\u00e4 eteenp\u00e4in kaljapalkalla. Sovellusta ei tarvita kuulokkeiden t\u00e4ysimittaiseen hy\u00f6dynt\u00e4miseen, mutta kun se saadaan valmiiksi, onnistuu sill\u00e4 Heikkisen mukaan kuulokkeiden \u00e4\u00e4nien s\u00e4\u00e4t\u00f6 vituilleen sek\u00e4 rauhoittavien luonto\u00e4\u00e4nien, kuten \u201dkauppatorin lokit\u201d tai \u201dala-asteen ruokala\u201d, kuuntelu.<\/p>\n<p>Valco VMK25.2 -kuulokkeet saapuvat myyntiin t\u00e4n\u00e4\u00e4n yhti\u00f6n omassa verkkokaupassa sek\u00e4 hyvin varustetuilla j\u00e4lleenmyyjill\u00e4. Niiden suositushinta on jo aiemmin mainittu 199 euroa.<\/p>\n<p>L\u00e4hde: Lehdist\u00f6tiedote (s\u00e4hk\u00f6posti)<\/p>\n","protected":false},"excerpt":{"rendered":"Yhti\u00f6n mukaan se onnistui pit\u00e4m\u00e4\u00e4n kuulokkeiden hinnan tutussa 199 eurossa esimerkiksi j\u00e4tt\u00e4m\u00e4ll\u00e4 perkeleesti maksavat uudet ruiskuvalumuotit tekem\u00e4tt\u00e4 ja&hellip;\n","protected":false},"author":2,"featured_media":107117,"comment_status":"","ping_status":"","sticky":false,"template":"","format":"standard","meta":{"footnotes":""},"categories":[76],"tags":[79,77,33,31,30,32,78],"class_list":{"0":"post-107116","1":"post","2":"type-post","3":"status-publish","4":"format-standard","5":"has-post-thumbnail","7":"category-talous","8":"tag-business","9":"tag-economy","10":"tag-fi","11":"tag-finland","12":"tag-finnish","13":"tag-suomi","14":"tag-talous"},"share_on_mastodon":{"url":"https:\/\/pubeurope.com\/@fi\/115658915005499381","error":""},"_links":{"self":[{"href":"https:\/\/www.europesays.com\/fi\/wp-json\/wp\/v2\/posts\/107116","targetHints":{"allow":["GET"]}}],"collection":[{"href":"https:\/\/www.europesays.com\/fi\/wp-json\/wp\/v2\/posts"}],"about":[{"href":"https:\/\/www.europesays.com\/fi\/wp-json\/wp\/v2\/types\/post"}],"author":[{"embeddable":true,"href":"https:\/\/www.europesays.com\/fi\/wp-json\/wp\/v2\/users\/2"}],"replies":[{"embeddable":true,"href":"https:\/\/www.europesays.com\/fi\/wp-json\/wp\/v2\/comments?post=107116"}],"version-history":[{"count":0,"href":"https:\/\/www.europesays.com\/fi\/wp-json\/wp\/v2\/posts\/107116\/revisions"}],"wp:featuredmedia":[{"embeddable":true,"href":"https:\/\/www.europesays.com\/fi\/wp-json\/wp\/v2\/media\/107117"}],"wp:attachment":[{"href":"https:\/\/www.europesays.com\/fi\/wp-json\/wp\/v2\/media?parent=107116"}],"wp:term":[{"taxonomy":"category","embeddable":true,"href":"https:\/\/www.europesays.com\/fi\/wp-json\/wp\/v2\/categories?post=107116"},{"taxonomy":"post_tag","embeddable":true,"href":"https:\/\/www.europesays.com\/fi\/wp-json\/wp\/v2\/tags?post=107116"}],"curies":[{"name":"wp","href":"https:\/\/api.w.org\/{rel}","templated":true}]}}