{"id":107120,"date":"2025-12-04T02:23:11","date_gmt":"2025-12-04T02:23:11","guid":{"rendered":"https:\/\/www.europesays.com\/fi\/107120\/"},"modified":"2025-12-04T02:23:11","modified_gmt":"2025-12-04T02:23:11","slug":"vanhuksen-kotiin-tuli-kukkalahetys-varkaiden-mukaan-paljon-arvotavaraa-uutissuomalainen","status":"publish","type":"post","link":"https:\/\/www.europesays.com\/fi\/107120\/","title":{"rendered":"Vanhuksen kotiin tuli &#8221;kukkal\u00e4hetys&#8221; \u2013\u2009varkaiden mukaan paljon arvotavaraa | Uutissuomalainen"},"content":{"rendered":"<p>Lapin poliisilaitos pyyt\u00e4\u00e4 silminn\u00e4kij\u00e4havaintoja kolmikosta, jonka ep\u00e4ill\u00e4\u00e4n anastaneen vanhukselta omaisuutta tiistaina 2. joulukuuta Kittil\u00e4n Kaukosen alueella.<\/p>\n<p>Tummahiuksinen nainen tuli vanhuksen kotiin kello kahdeksan ja kello kymmenen v\u00e4lisen\u00e4 aikana tiistai-iltana. H\u00e4n oli toimittamassa kukkal\u00e4hetyst\u00e4 ja vaati siit\u00e4 rahaa.<\/p>\n<p>Sis\u00e4lle tuli mies, joka pyysi k\u00e4ytt\u00e4m\u00e4\u00e4n maksutapana l\u00e4himaksua tarjoamalla omaa puhelintaan. Vanhusta pyydettiin laittamaan puhelimeen oman pankkikortin PIN-koodi.<\/p>\n<p>T\u00e4m\u00e4n j\u00e4lkeen taloon tuli viel\u00e4 kolmas mies.<\/p>\n<p>Kolmikon poistuttua vanhus huomasi, ett\u00e4 h\u00e4nelt\u00e4 oli anastettu pankkikortti, matkapuhelin ja juhlarahakokoelma sek\u00e4 muuta omaisuutta.<\/p>\n<p>Ep\u00e4illyt liikkuivat tummalla henkil\u00f6autolla, joka saattaa olla Toyota Avensis tai vastaava malli.<\/p>\n<p>Poliisi tutkii asiaa t\u00f6rke\u00e4n\u00e4 varkautena. Havainnot pyydet\u00e4\u00e4n s\u00e4hk\u00f6postiosoitteeseen vihjeet.lappi@poliisi.fi, \u00e4\u00e4niviestin\u00e4 puhelinvastaajan numeroon 0295 466 259 tai WhatsApp-viestin\u00e4 numeroon 0504 155 803.<\/p>\n","protected":false},"excerpt":{"rendered":"Lapin poliisilaitos pyyt\u00e4\u00e4 silminn\u00e4kij\u00e4havaintoja kolmikosta, jonka ep\u00e4ill\u00e4\u00e4n anastaneen vanhukselta omaisuutta tiistaina 2. joulukuuta Kittil\u00e4n Kaukosen alueella. Tummahiuksinen nainen&hellip;\n","protected":false},"author":2,"featured_media":983,"comment_status":"","ping_status":"","sticky":false,"template":"","format":"standard","meta":{"footnotes":""},"categories":[12],"tags":[22,23,26,27,33,31,30,17,1569,55,667,24,25,28,29,15,18,21,54,52,32,19,20,546,16,2963],"class_list":{"0":"post-107120","1":"post","2":"type-post","3":"status-publish","4":"format-standard","5":"has-post-thumbnail","7":"category-suomi","8":"tag-breaking-news","9":"tag-breakingnews","10":"tag-featured-news","11":"tag-featurednews","12":"tag-fi","13":"tag-finland","14":"tag-finnish","15":"tag-headlines","16":"tag-kittila","17":"tag-lainvalvonta","18":"tag-lappi","19":"tag-latest-news","20":"tag-latestnews","21":"tag-main-news","22":"tag-mainnews","23":"tag-news","24":"tag-otsikot","25":"tag-paauutiset","26":"tag-pelastuspalvelut","27":"tag-poliisi","28":"tag-suomi","29":"tag-top-stories","30":"tag-topstories","31":"tag-turvallisuus","32":"tag-uutiset","33":"tag-whatsapp"},"share_on_mastodon":{"url":"https:\/\/pubeurope.com\/@fi\/115658922670567477","error":""},"_links":{"self":[{"href":"https:\/\/www.europesays.com\/fi\/wp-json\/wp\/v2\/posts\/107120","targetHints":{"allow":["GET"]}}],"collection":[{"href":"https:\/\/www.europesays.com\/fi\/wp-json\/wp\/v2\/posts"}],"about":[{"href":"https:\/\/www.europesays.com\/fi\/wp-json\/wp\/v2\/types\/post"}],"author":[{"embeddable":true,"href":"https:\/\/www.europesays.com\/fi\/wp-json\/wp\/v2\/users\/2"}],"replies":[{"embeddable":true,"href":"https:\/\/www.europesays.com\/fi\/wp-json\/wp\/v2\/comments?post=107120"}],"version-history":[{"count":0,"href":"https:\/\/www.europesays.com\/fi\/wp-json\/wp\/v2\/posts\/107120\/revisions"}],"wp:featuredmedia":[{"embeddable":true,"href":"https:\/\/www.europesays.com\/fi\/wp-json\/wp\/v2\/media\/983"}],"wp:attachment":[{"href":"https:\/\/www.europesays.com\/fi\/wp-json\/wp\/v2\/media?parent=107120"}],"wp:term":[{"taxonomy":"category","embeddable":true,"href":"https:\/\/www.europesays.com\/fi\/wp-json\/wp\/v2\/categories?post=107120"},{"taxonomy":"post_tag","embeddable":true,"href":"https:\/\/www.europesays.com\/fi\/wp-json\/wp\/v2\/tags?post=107120"}],"curies":[{"name":"wp","href":"https:\/\/api.w.org\/{rel}","templated":true}]}}