{"id":107123,"date":"2025-12-04T02:36:19","date_gmt":"2025-12-04T02:36:19","guid":{"rendered":"https:\/\/www.europesays.com\/fi\/107123\/"},"modified":"2025-12-04T02:36:19","modified_gmt":"2025-12-04T02:36:19","slug":"toni-nieminen-yllatti-rukan-jatkobileissa-katso-video-lauluesityksesta","status":"publish","type":"post","link":"https:\/\/www.europesays.com\/fi\/107123\/","title":{"rendered":"Toni Nieminen yll\u00e4tti Rukan jatkobileiss\u00e4 &#8211; katso video lauluesityksest\u00e4"},"content":{"rendered":"<p>            Timo Korhonen\n        <\/p>\n<p class=\"subtitle \">M\u00e4kikotkilla riitt\u00e4\u00e4 lauluintoa.<\/p>\n<p class=\"article-content article-content-width !bg-background\">Ex-m\u00e4kihypp\u00e4\u00e4j\u00e4\u00a0p\u00e4\u00e4tti Rukan Maailmancupin n\u00e4ytt\u00e4v\u00e4ll\u00e4 tavalla. Vaikka h\u00e4n ei mitellytk\u00e4\u00e4n mink\u00e4\u00e4n sortin mestaruudesta, n\u00e4htiin h\u00e4nelt\u00e4 vakuuttava esitys kisojen jatkobileiss\u00e4.<\/p>\n<p class=\"article-content article-content-width !bg-background\">Rukan ravintola Zone on suosittu kohtaamispaikka, jossa bailaavat niin talviurheilun fanit, harrastajat kuin ammattilaisetkin. Sinne suuntasi my\u00f6s juontohommissa ollut Toni, juuri The Bileb\u00e4ndi -b\u00e4ndin keikan aikaan.<\/p>\n<p class=\"article-content article-content-width !bg-background\">Suomihittien lomassa b\u00e4ndin j\u00e4senet bongasivat m\u00e4kikotkan katsomossa ja kutsuivat t\u00e4m\u00e4n mukaansa esitt\u00e4m\u00e4\u00e4n sanoitukseltaan sopivan viisun, Portion Boysin\u00a0El\u00e4m\u00e4n ABC:n.<\/p>\n<p class=\"article-content article-content-width !bg-background\">Laulanta sujui hienosti, kun Tonin tukena pysyi b\u00e4ndin solisti, vaikka h\u00e4n totesikin, ettei ole aiemmin valloittanut laululavoja. Suoritus tallentui my\u00f6s yll\u00e4olevalle videolle.<\/p>\n<p class=\"article-content article-content-width !bg-background\">\u2013 Toni lauloi hyvin, ja h\u00e4nen kannattaisi jopa harkita laulajan uraa, b\u00e4ndin riveist\u00e4 kehutaan Seiskalle Tonin suoritusta.<\/p>\n<p>        <a itemprop=\"url\" href=\"https:\/\/www.seiska.fi\/kotimaa\/tassa-on-toni-niemisen-syypaa-hymyyn\/1971261\" rel=\"nofollow noopener\" target=\"_blank\"><\/p>\n<p>\nToni Nieminen Seiskalle:\n<\/p>\n<p class=\"section-date\">\n        <strong class=\"article-section\" data-section=\"kotimaa\"><br \/>\n            kotimaa<br \/>\n        <\/strong><br \/>\n        1.11. 10:00\n    <\/p>\n<p>T\u00e4ss\u00e4 on Toni Niemisen syyp\u00e4\u00e4 hymyyn\n    <\/p>\n<p itemprop=\"description\" class=\"subtitle \">\n    Toni Nieminen paljasti Seiskalle, mik\u00e4 tuo vuodenajasta riippumatta hymyn huulille.\n<\/p>\n<p>        <\/a><\/p>\n<p>Aiemmin eri meininki<\/p>\n<p class=\"article-content article-content-width !bg-background\">Toni ei suinkaan ole ensimm\u00e4inen m\u00e4kihypp\u00e4\u00e4j\u00e4, joka Zonen lauteille kapuaa.<\/p>\n<p class=\"article-content article-content-width !bg-background\">Hiljattain samaisessa baarissa n\u00e4htiin hieman v\u00e4hemm\u00e4n mallikas suoritus, kun\u00a0<a href=\"https:\/\/www.seiska.fi\/vain-seiskassa\/nyt-puhuu-kuusamossa-kannissa-torttoillyt-janne-ahonen\/1987024\" target=\"_blank\" rel=\"nofollow noopener\">k\u00f6nysi virhearvion saattelemana<\/a> Stratovarius-t\u00e4hti\u00a0keikalle.<\/p>\n<p class=\"article-content article-content-width !bg-background\">Toniltakaan ei j\u00e4\u00e4nyt oman esiintymisens\u00e4 ajoitus huomaamatta, ja h\u00e4nen kerrotaan kommentoineen tilannetta b\u00e4ndillekin.<\/p>\n<p class=\"article-content article-content-width !bg-background\">\u2013 On n\u00e4hty aiemmin, mit\u00e4 k\u00e4y, kun m\u00e4kikotka laulaa, Tonin kerrotaan naureskelleen hyv\u00e4ntahtoisesti.<\/p>\n<p>        <a itemprop=\"url\" href=\"https:\/\/www.seiska.fi\/vain-seiskassa\/janne-ahosen-keikkakaytos-poyristytti-rukalla-timo-kotipellon-tiimilta-tiukka-viesti\/1985826\" rel=\"nofollow noopener\" target=\"_blank\"><\/p>\n<p>\nJanne Ahosen kohuilta\n<\/p>\n<p class=\"section-date\">\n        <strong class=\"article-section\" data-section=\"vain seiskassa\"><br \/>\n            vain seiskassa<br \/>\n        <\/strong><br \/>\n        15.11. 08:00\n    <\/p>\n<p>Janne Ahosen keikkak\u00e4yt\u00f6s p\u00f6yristytti Rukalla \u2013 Timo Kotipellon tiimilt\u00e4 tiukka viesti\n    <\/p>\n<p itemprop=\"description\" class=\"subtitle \">\n    Kuningaskotka toikkaroi esiintymislavalla, mik\u00e4 ei ole lainkaan suotavaa.\n<\/p>\n<p>        <\/a><\/p>\n<p>                <img decoding=\"async\" src=\"https:\/\/www.europesays.com\/fi\/wp-content\/uploads\/2025\/12\/2008035.webp\" width=\"576\" height=\"322\" alt=\"Toni ja Janne ovat valloittaneet Rukatunturin suurm\u00e4en lis\u00e4ksi my\u00f6s Rukan bilepaikat.\" loading=\"lazy\" \/>            <\/p>\n<p>\n            Toni ja Janne ovat valloittaneet Rukatunturin suurm\u00e4en lis\u00e4ksi my\u00f6s Rukan bilepaikat.<br \/>\n            KIMMO BRANDT \/ AOP\n        <\/p>\n","protected":false},"excerpt":{"rendered":"Timo Korhonen M\u00e4kikotkilla riitt\u00e4\u00e4 lauluintoa. Ex-m\u00e4kihypp\u00e4\u00e4j\u00e4\u00a0p\u00e4\u00e4tti Rukan Maailmancupin n\u00e4ytt\u00e4v\u00e4ll\u00e4 tavalla. Vaikka h\u00e4n ei mitellytk\u00e4\u00e4n mink\u00e4\u00e4n sortin mestaruudesta, n\u00e4htiin&hellip;\n","protected":false},"author":2,"featured_media":107124,"comment_status":"","ping_status":"","sticky":false,"template":"","format":"standard","meta":{"footnotes":""},"categories":[136],"tags":[407,137,33,31,30,6255,408,786,20142,17919,20143,32,20144,8594,1700,109,17918],"class_list":{"0":"post-107123","1":"post","2":"type-post","3":"status-publish","4":"format-standard","5":"has-post-thumbnail","7":"category-julkkikset","8":"tag-celebrities","9":"tag-entertainment","10":"tag-fi","11":"tag-finland","12":"tag-finnish","13":"tag-janne-ahonen","14":"tag-julkkikset","15":"tag-kuusamo","16":"tag-ravintola-zone","17":"tag-ruka","18":"tag-rukan-maailmancup","19":"tag-suomi","20":"tag-the-bilebandi","21":"tag-toni-nieminen","22":"tag-urheilulaji","23":"tag-viihde","24":"tag-zone"},"share_on_mastodon":{"url":"https:\/\/pubeurope.com\/@fi\/115658973972767610","error":""},"_links":{"self":[{"href":"https:\/\/www.europesays.com\/fi\/wp-json\/wp\/v2\/posts\/107123","targetHints":{"allow":["GET"]}}],"collection":[{"href":"https:\/\/www.europesays.com\/fi\/wp-json\/wp\/v2\/posts"}],"about":[{"href":"https:\/\/www.europesays.com\/fi\/wp-json\/wp\/v2\/types\/post"}],"author":[{"embeddable":true,"href":"https:\/\/www.europesays.com\/fi\/wp-json\/wp\/v2\/users\/2"}],"replies":[{"embeddable":true,"href":"https:\/\/www.europesays.com\/fi\/wp-json\/wp\/v2\/comments?post=107123"}],"version-history":[{"count":0,"href":"https:\/\/www.europesays.com\/fi\/wp-json\/wp\/v2\/posts\/107123\/revisions"}],"wp:featuredmedia":[{"embeddable":true,"href":"https:\/\/www.europesays.com\/fi\/wp-json\/wp\/v2\/media\/107124"}],"wp:attachment":[{"href":"https:\/\/www.europesays.com\/fi\/wp-json\/wp\/v2\/media?parent=107123"}],"wp:term":[{"taxonomy":"category","embeddable":true,"href":"https:\/\/www.europesays.com\/fi\/wp-json\/wp\/v2\/categories?post=107123"},{"taxonomy":"post_tag","embeddable":true,"href":"https:\/\/www.europesays.com\/fi\/wp-json\/wp\/v2\/tags?post=107123"}],"curies":[{"name":"wp","href":"https:\/\/api.w.org\/{rel}","templated":true}]}}