{"id":107131,"date":"2025-12-04T02:48:07","date_gmt":"2025-12-04T02:48:07","guid":{"rendered":"https:\/\/www.europesays.com\/fi\/107131\/"},"modified":"2025-12-04T02:48:07","modified_gmt":"2025-12-04T02:48:07","slug":"vilnan-lentokentta-oli-taas-tunteja-kiinni-von-der-leyen-pakotteita-valko-venajaa-vastaan-valmistellaan","status":"publish","type":"post","link":"https:\/\/www.europesays.com\/fi\/107131\/","title":{"rendered":"Vilnan lentokentt\u00e4 oli taas tunteja kiinni \u2013 von der Leyen: Pakotteita Valko-Ven\u00e4j\u00e4\u00e4 vastaan valmistellaan"},"content":{"rendered":"<p>Liettua|Lentokentt\u00e4kin puhuu jo hybridi\u00adhy\u00f6kk\u00e4yksest\u00e4. EU uhkaa uusilla pakotteilla.<\/p>\n<p>Lue tiivistelm\u00e4<\/p>\n<p>Tiivistelm\u00e4 on teko\u00e4lyn tekem\u00e4 ja ihmisen tarkistama.<\/p>\n<p class=\"article-body mb-nof-24 px-nof-16 sndp-summary-bullet-point-font\">Vilnan lentokentt\u00e4 suljettiin keskiviikkoiltana kahdesti, kun Valko-Ven\u00e4j\u00e4lt\u00e4 ep\u00e4iltiin lent\u00e4v\u00e4n ilmapalloja kent\u00e4n l\u00e4heisyyteen.<\/p>\n<p class=\"article-body mb-nof-24 px-nof-16 sndp-summary-bullet-point-font\">Lentokentt\u00e4yhti\u00f6 syytt\u00e4\u00e4 Valko-Ven\u00e4j\u00e4\u00e4 hybridihy\u00f6kk\u00e4yksest\u00e4, ja kentt\u00e4 on ollut kiinni t\u00e4st\u00e4 syyst\u00e4 15 kertaa loka-marraskuussa.<\/p>\n<p class=\"article-body mb-nof-24 px-nof-16 sndp-summary-bullet-point-font\">Euroopan komission puheenjohtaja Ursula von der Leyen ilmoitti, ett\u00e4 EU valmistelee uusia pakotteita Valko-Ven\u00e4j\u00e4lle.<\/p>\n<p class=\"article-body mb-nof-24 px-nof-16\">Liettuan p\u00e4\u00e4kaupungin Vilnan lentokentt\u00e4\u00e4 py\u00f6ritt\u00e4v\u00e4 yhti\u00f6 syytt\u00e4\u00e4 suorasanaisesti Valko-Ven\u00e4j\u00e4\u00e4 hybridihy\u00f6kk\u00e4yksest\u00e4. Yhti\u00f6 mainitsi asiasta tiedotteessa, jossa se j\u00e4lleen kerran kertoi lentokent\u00e4n ilmatilan sulkemisesta.<\/p>\n<p class=\"article-body mb-nof-24 px-nof-16\">Lentokentt\u00e4 suljettiin keskiviikkoiltana ainakin kahdesti samasta syyst\u00e4 kuin monta kertaa aiemminkin t\u00e4n\u00e4 syksyn\u00e4. Kent\u00e4n l\u00e4heisyydess\u00e4 ep\u00e4iltiin lent\u00e4v\u00e4n ilmapalloja, joista voi olla vaaraa lentoliikenteelle.<\/p>\n<p class=\"article-body mb-nof-24 px-nof-16\">\u201dJohtuen hybridihy\u00f6kk\u00e4yksest\u00e4, jota Valko-Ven\u00e4j\u00e4 tekee Liettuaa, siviili-ilmailua ja kansalaisia vastaan \u2013 ja ilmapalloille tyypillisten navigointij\u00e4lkien havainnoista alueilla, joilla ne aiheuttavat riskin ilmailulle, ilmatila Vilnan lentokent\u00e4n yl\u00e4puolella suljettiin\u201d, kertoi tiedote kent\u00e4n <a class=\"article-genericlink\" href=\"https:\/\/www.vilnius-airport.lt\/en\" rel=\"nofollow noopener\" target=\"_blank\">verkkosivulla<\/a> y\u00f6ll\u00e4.<\/p>\n<p class=\"article-body mb-nof-24 px-nof-16\">Keskiviikkoillan ensimm\u00e4isen sulkemisen j\u00e4lkeen lentokentt\u00e4 ehdittiin jo avata, mutta se suljettiin uudestaan. Se avattiin y\u00f6ll\u00e4 j\u00e4lleen kello 2.30, kertoi lentokentt\u00e4 tiedotteessa.<\/p>\n<p class=\"article-body mb-nof-24 px-nof-16\">Valko-Ven\u00e4j\u00e4lt\u00e4 tulleet ilmapallot tai ep\u00e4ilyt niist\u00e4 ovat toistuvasti pakottaneet sulkemaan Vilnan kent\u00e4n. Kentt\u00e4 on ollut t\u00e4st\u00e4 syyst\u00e4 suljettuna loka\u2013marraskuussa yhteens\u00e4 15 kertaa, kertoivat Liettuan viranomaiset Liettuan yleisradioyhti\u00f6n <a class=\"article-genericlink\" href=\"https:\/\/www.lrt.lt\/naujienos\/verslas\/4\/2764438\/vilniaus-oro-uostui-atnaujinus-veikla-jis-uzdaromas-antra-karta\" rel=\"nofollow noopener\" target=\"_blank\">LRT:n<\/a> mukaan.<\/p>\n<p class=\"article-body mb-nof-24 px-nof-16\">Liettuan viranomaiset ovat kertoneet, ett\u00e4 kyse on s\u00e4\u00e4havaintopallojen tyyppisist\u00e4 ilmapalloista, joilla salakuljettajat lenn\u00e4tt\u00e4v\u00e4t tupakkaa Valko-Ven\u00e4j\u00e4lt\u00e4. Vilnan lentokentt\u00e4 on alle 30 kilometrin p\u00e4\u00e4ss\u00e4 Valko-Ven\u00e4j\u00e4n rajasta.<\/p>\n<p class=\"article-body mb-nof-24 px-nof-16\">\u00c4\u00e4nenpainot ovat kuitenkin v\u00e4hitellen koventuneet. Ukrainassa hy\u00f6kk\u00e4yssotaa k\u00e4yv\u00e4n Ven\u00e4j\u00e4n liittolaista Valko-Ven\u00e4j\u00e4\u00e4 syytet\u00e4\u00e4n siit\u00e4, ett\u00e4 se v\u00e4hint\u00e4\u00e4nkin sallii salakuljettajien toiminnan.<\/p>\n<p class=\"article-body mb-nof-24 px-nof-16\">Liettuan presidentti <a class=\"article-personlink\" href=\"https:\/\/www.hs.fi\/haku\/?query=Gitanas%20Naus%C4%97da\" rel=\"nofollow noopener\" target=\"_blank\">Gitanas Naus\u0117da<\/a> keskusteli lentokent\u00e4n tilanteesta maanantaina Euroopan komission puheenjohtajan <a class=\"article-personlink\" href=\"https:\/\/www.hs.fi\/haku\/?query=Ursula%20von%20der%20Leyenin\" rel=\"nofollow noopener\" target=\"_blank\">Ursula von der Leyenin<\/a> kanssa, kertoi <a class=\"article-genericlink\" href=\"https:\/\/www.lrt.lt\/en\/news-in-english\/19\/2763056\/ec-president-promises-further-sanctions-on-belarus-amid-weather-balloon-crisis\" rel=\"nofollow noopener\" target=\"_blank\">LRT<\/a>. Sen j\u00e4lkeen von der Leyen ilmoitti, ett\u00e4 EU valmistelee vastatoimia <a class=\"article-personlink\" href=\"https:\/\/www.hs.fi\/haku\/?query=Aljaksandr%20Luka%C5%A1enkan\" rel=\"nofollow noopener\" target=\"_blank\">Aljaksandr Luka\u0161enkan<\/a> johtamalle Valko-Ven\u00e4j\u00e4lle.<\/p>\n<p class=\"article-body mb-nof-24 px-nof-16\">\u201dTilanne Valko-Ven\u00e4j\u00e4n rajalla pahenee, kun salakuljetusilmapallojen tunkeutumiset Liettuan ilmatilaan lis\u00e4\u00e4ntyv\u00e4t. T\u00e4llainen Luka\u0161enkan hallinnon tekem\u00e4 hybridihy\u00f6kk\u00e4ys on t\u00e4ysin mahdoton hyv\u00e4ksy\u00e4\u201d, totesi von der Leyen viestipalvelu <a class=\"article-genericlink\" href=\"https:\/\/x.com\/vonderleyen\/status\/1995534904302489846\" rel=\"nofollow\">X:ss\u00e4<\/a> maanantai-iltana.<\/p>\n<p class=\"article-body mb-nof-24 px-nof-16\">\u201dOlemme valmistelemassa jatkotoimia pakotej\u00e4rjestelm\u00e4mme puitteissa\u201d, h\u00e4n lis\u00e4si.<\/p>\n<p class=\"article-body mb-nof-24 px-nof-16\">My\u00f6s Valko-Ven\u00e4j\u00e4 on syytt\u00e4nyt Liettuaa ilmatilansa loukkaamisesta. Valko-Ven\u00e4j\u00e4 v\u00e4itt\u00e4\u00e4 l\u00f6yt\u00e4neens\u00e4 sunnuntaina Grodnon kaupungista vakoilulennokin, joka oli l\u00e4hetetty Liettuasta.<\/p>\n<p class=\"article-body mb-nof-24 px-nof-16\">Valko-Ven\u00e4j\u00e4n mukaan lennokissa oli vakoiluun soveltuva kamera ja siit\u00e4 pudotettiin \u201dekstremistist\u00e4 painettua materiaalia\u201d, kertoi uutistoimisto <a class=\"article-genericlink\" href=\"https:\/\/www.reuters.com\/world\/europe\/belarus-accuses-lithuania-using-drone-spy-drop-extremist-material-2025-12-01\/\" rel=\"nofollow noopener\" target=\"_blank\">Reuters<\/a> maanantaina.<\/p>\n","protected":false},"excerpt":{"rendered":"Liettua|Lentokentt\u00e4kin puhuu jo hybridi\u00adhy\u00f6kk\u00e4yksest\u00e4. EU uhkaa uusilla pakotteilla. Lue tiivistelm\u00e4 Tiivistelm\u00e4 on teko\u00e4lyn tekem\u00e4 ja ihmisen tarkistama. Vilnan&hellip;\n","protected":false},"author":2,"featured_media":107132,"comment_status":"","ping_status":"","sticky":false,"template":"","format":"standard","meta":{"footnotes":""},"categories":[14],"tags":[22,23,26,27,33,31,30,17,46,24,25,28,29,15,18,21,32,19,20,56,16,59,60,61],"class_list":{"0":"post-107131","1":"post","2":"type-post","3":"status-publish","4":"format-standard","5":"has-post-thumbnail","7":"category-ulkomaat","8":"tag-breaking-news","9":"tag-breakingnews","10":"tag-featured-news","11":"tag-featurednews","12":"tag-fi","13":"tag-finland","14":"tag-finnish","15":"tag-headlines","16":"tag-helsingin-sanomat","17":"tag-latest-news","18":"tag-latestnews","19":"tag-main-news","20":"tag-mainnews","21":"tag-news","22":"tag-otsikot","23":"tag-paauutiset","24":"tag-suomi","25":"tag-top-stories","26":"tag-topstories","27":"tag-ulkomaat","28":"tag-uutiset","29":"tag-world","30":"tag-world-news","31":"tag-worldnews"},"share_on_mastodon":{"url":"https:\/\/pubeurope.com\/@fi\/115659020967080058","error":""},"_links":{"self":[{"href":"https:\/\/www.europesays.com\/fi\/wp-json\/wp\/v2\/posts\/107131","targetHints":{"allow":["GET"]}}],"collection":[{"href":"https:\/\/www.europesays.com\/fi\/wp-json\/wp\/v2\/posts"}],"about":[{"href":"https:\/\/www.europesays.com\/fi\/wp-json\/wp\/v2\/types\/post"}],"author":[{"embeddable":true,"href":"https:\/\/www.europesays.com\/fi\/wp-json\/wp\/v2\/users\/2"}],"replies":[{"embeddable":true,"href":"https:\/\/www.europesays.com\/fi\/wp-json\/wp\/v2\/comments?post=107131"}],"version-history":[{"count":0,"href":"https:\/\/www.europesays.com\/fi\/wp-json\/wp\/v2\/posts\/107131\/revisions"}],"wp:featuredmedia":[{"embeddable":true,"href":"https:\/\/www.europesays.com\/fi\/wp-json\/wp\/v2\/media\/107132"}],"wp:attachment":[{"href":"https:\/\/www.europesays.com\/fi\/wp-json\/wp\/v2\/media?parent=107131"}],"wp:term":[{"taxonomy":"category","embeddable":true,"href":"https:\/\/www.europesays.com\/fi\/wp-json\/wp\/v2\/categories?post=107131"},{"taxonomy":"post_tag","embeddable":true,"href":"https:\/\/www.europesays.com\/fi\/wp-json\/wp\/v2\/tags?post=107131"}],"curies":[{"name":"wp","href":"https:\/\/api.w.org\/{rel}","templated":true}]}}