{"id":107133,"date":"2025-12-04T02:49:11","date_gmt":"2025-12-04T02:49:11","guid":{"rendered":"https:\/\/www.europesays.com\/fi\/107133\/"},"modified":"2025-12-04T02:49:11","modified_gmt":"2025-12-04T02:49:11","slug":"en-voi-koskaan-korvata-sita-mita-teille-on-sattunut-aiti-kantaa-yha-tuskaa-poikiensa-vuosien-takaisesta-turmasta","status":"publish","type":"post","link":"https:\/\/www.europesays.com\/fi\/107133\/","title":{"rendered":"\u201dEn voi koskaan korvata sit\u00e4 mit\u00e4 teille on sattunut\u201d \u2013 \u00e4iti kantaa yh\u00e4 tuskaa poikiensa vuosien takaisesta turmasta"},"content":{"rendered":"<p>Poikkeuksellinen onnettomuus muutti Tommi M\u00e4kel\u00e4n, 50, el\u00e4m\u00e4\u00e4 pysyv\u00e4sti. \u00c4iti Seija M\u00e4kel\u00e4, 73, on omistanut vuotensa j\u00e4lkikasvunsa auttamiselle.<\/p>\n<p><img decoding=\"async\" src=\"https:\/\/www.europesays.com\/fi\/wp-content\/uploads\/2025\/12\/1764816551_135_468.jpg\" alt=\"Futiskentilt\u00e4 tuttu Tommi M\u00e4kel\u00e4, 50, el\u00e4\u00e4 parhaillaan pikkulapsivaihetta. \u201dKuin is\u00e4ns\u00e4 kopio\u201d, kommentoi \u00e4iti Emmi M\u00e4kel\u00e4, 35, villin\u00e4 pehmopalloa potkivaa poikaansa Maximus M\u00e4kel\u00e4\u00e4, 2. Maximus puolestaan ny\u00f6kytt\u00e4\u00e4, kun is\u00e4lt\u00e4 kysyy, onko poika tullut is\u00e4\u00e4ns\u00e4 my\u00f6s sisukkuudessa. \" class=\"_Img_1rerz_1\" style=\"aspect-ratio:1.3333333333333333\" loading=\"eager\"\/><\/p>\n<p class=\"article-picture-caption\">Futiskentilt\u00e4 tuttu Tommi M\u00e4kel\u00e4, 50, el\u00e4\u00e4 parhaillaan pikkulapsivaihetta. \u201dKuin is\u00e4ns\u00e4 kopio\u201d, kommentoi \u00e4iti Emmi M\u00e4kel\u00e4, 35, villin\u00e4 pehmopalloa potkivaa poikaansa Maximus M\u00e4kel\u00e4\u00e4, 2. Maximus puolestaan ny\u00f6kytt\u00e4\u00e4, kun is\u00e4lt\u00e4 kysyy, onko poika tullut is\u00e4\u00e4ns\u00e4 my\u00f6s sisukkuudessa.  Kuva:\u00a0Heikki Westerg\u00e5rd<\/p>\n<p>3.12. 21:00<\/p>\n<p>Tommi M\u00e4kel\u00e4<\/p>\n<p class=\"article-body mb-nof-24 px-nof-16\">\u201dIs\u00e4n piti vain k\u00e4v\u00e4ist\u00e4 kaupassa. J\u00e4in pikkuveljeni <a class=\"article-personlink\" href=\"https:\/\/www.aamulehti.fi\/haku\/?query=Jannen\" rel=\"nofollow noopener\" target=\"_blank\">Jannen<\/a> kanssa odottamaan kolmiovisen Datsunin takapenkille.<\/p>\n<p class=\"article-body mb-nof-24 px-nof-16\">Vaihdekepin juuressa n\u00f6k\u00f6tti purnukka, johon is\u00e4 oli hakenut tutulta v\u00e4h\u00e4sen jotakin ainetta remonttit\u00f6ihins\u00e4. Oli l\u00e4mmin toukokuinen p\u00e4iv\u00e4, auto kuumeni.<\/p>\n<p class=\"article-body mb-nof-24 px-nof-16\">Yht\u00e4kki\u00e4 valokaari sy\u00f6ksyi etuistuinten v\u00e4list\u00e4 kohti takapenkki\u00e4.<\/p>\n","protected":false},"excerpt":{"rendered":"Poikkeuksellinen onnettomuus muutti Tommi M\u00e4kel\u00e4n, 50, el\u00e4m\u00e4\u00e4 pysyv\u00e4sti. \u00c4iti Seija M\u00e4kel\u00e4, 73, on omistanut vuotensa j\u00e4lkikasvunsa auttamiselle. Futiskentilt\u00e4&hellip;\n","protected":false},"author":2,"featured_media":107134,"comment_status":"","ping_status":"","sticky":false,"template":"","format":"standard","meta":{"footnotes":""},"categories":[12],"tags":[157,22,23,26,27,33,31,30,17,24,25,28,29,15,18,21,32,19,20,16],"class_list":{"0":"post-107133","1":"post","2":"type-post","3":"status-publish","4":"format-standard","5":"has-post-thumbnail","7":"category-suomi","8":"tag-aamulehti","9":"tag-breaking-news","10":"tag-breakingnews","11":"tag-featured-news","12":"tag-featurednews","13":"tag-fi","14":"tag-finland","15":"tag-finnish","16":"tag-headlines","17":"tag-latest-news","18":"tag-latestnews","19":"tag-main-news","20":"tag-mainnews","21":"tag-news","22":"tag-otsikot","23":"tag-paauutiset","24":"tag-suomi","25":"tag-top-stories","26":"tag-topstories","27":"tag-uutiset"},"share_on_mastodon":{"url":"https:\/\/pubeurope.com\/@fi\/115659025098581723","error":""},"_links":{"self":[{"href":"https:\/\/www.europesays.com\/fi\/wp-json\/wp\/v2\/posts\/107133","targetHints":{"allow":["GET"]}}],"collection":[{"href":"https:\/\/www.europesays.com\/fi\/wp-json\/wp\/v2\/posts"}],"about":[{"href":"https:\/\/www.europesays.com\/fi\/wp-json\/wp\/v2\/types\/post"}],"author":[{"embeddable":true,"href":"https:\/\/www.europesays.com\/fi\/wp-json\/wp\/v2\/users\/2"}],"replies":[{"embeddable":true,"href":"https:\/\/www.europesays.com\/fi\/wp-json\/wp\/v2\/comments?post=107133"}],"version-history":[{"count":0,"href":"https:\/\/www.europesays.com\/fi\/wp-json\/wp\/v2\/posts\/107133\/revisions"}],"wp:featuredmedia":[{"embeddable":true,"href":"https:\/\/www.europesays.com\/fi\/wp-json\/wp\/v2\/media\/107134"}],"wp:attachment":[{"href":"https:\/\/www.europesays.com\/fi\/wp-json\/wp\/v2\/media?parent=107133"}],"wp:term":[{"taxonomy":"category","embeddable":true,"href":"https:\/\/www.europesays.com\/fi\/wp-json\/wp\/v2\/categories?post=107133"},{"taxonomy":"post_tag","embeddable":true,"href":"https:\/\/www.europesays.com\/fi\/wp-json\/wp\/v2\/tags?post=107133"}],"curies":[{"name":"wp","href":"https:\/\/api.w.org\/{rel}","templated":true}]}}