{"id":107135,"date":"2025-12-04T02:50:09","date_gmt":"2025-12-04T02:50:09","guid":{"rendered":"https:\/\/www.europesays.com\/fi\/107135\/"},"modified":"2025-12-04T02:50:09","modified_gmt":"2025-12-04T02:50:09","slug":"raakkylan-kunnanjohtaja-ei-irtisanoutunut-iltalehti","status":"publish","type":"post","link":"https:\/\/www.europesays.com\/fi\/107135\/","title":{"rendered":"R\u00e4\u00e4kkyl\u00e4n kunnanjohtaja ei irtisanoutunut &#8211; Iltalehti"},"content":{"rendered":"<ol>\n<li><a href=\"https:\/\/news.google.com\/rss\/articles\/CBMif0FVX3lxTE5lNzVobXBuVlpBdVdfMmtUOGl6MGFlYmpZYWZRWU4xM2VJUzRXU3hmMHpBVVZGRi1uc1VjNDluSHdxQ0VWTksxM1hEMlNkcE5EMUFhOEI0eXo1ZjRaTmNfMUdZcl84Z2M1azdLOVRyUVFOSm01TnhleWtrZmNieFU?oc=5\" target=\"_blank\" rel=\"nofollow noopener\">R\u00e4\u00e4kkyl\u00e4n kunnanjohtaja ei irtisanoutunut<\/a>&nbsp;&nbsp;Iltalehti<\/li>\n<li><a href=\"https:\/\/news.google.com\/rss\/articles\/CBMiXEFVX3lxTFBSNl9CamFEcjZWcURyQk0yUzhhTVdCY2kzSXh2MWE3N2FnR000V1ZZSEJJR2hrVzNlOFB1QWVFaGdfY3hsWlRmM3hTVVpDR3VCT2tGb2xtZVRlZFg2?oc=5\" target=\"_blank\" rel=\"nofollow noopener\">Kohukunnanjohtaja ei suostunut irtisanoutumaan \u2013 t\u00e4m\u00e4 on tilanne<\/a>&nbsp;&nbsp;Ilta-Sanomat<\/li>\n<li><a href=\"https:\/\/news.google.com\/rss\/articles\/CBMiQkFVX3lxTE9mTHZlLTk2QlctYWtMcXN1YWZnMzgtNjJzTW1NYmFLT016XzcxcmRLMGtlWXZ6ODBvUUNjQXluX2lQZw?oc=5\" target=\"_blank\" rel=\"nofollow noopener\">R\u00e4\u00e4kkyl\u00e4n kunnanjohtajan rivot viestit olivat liikaa \u2013 kunnanhallitus aloitti erottamisprosessin<\/a>&nbsp;&nbsp;Yle<\/li>\n<li><a href=\"https:\/\/news.google.com\/rss\/articles\/CBMibkFVX3lxTFBKQ0ppUk1JQlRvR2FFQzVET2FGZU1ENld2anFEWEwzOTZLR2pWUWxqV3l6RlhiR01hd0JwZm5lYkpRMldoNkVMekR0RWNBd0VkYWN5dXRQMjRJUEFUcWU2bzZhNzAzc2J0dUpMTnBn?oc=5\" target=\"_blank\" rel=\"nofollow noopener\">R\u00e4\u00e4kkyl\u00e4n kunnanhallitus aloitti toimet h\u00e4rskej\u00e4 viestej\u00e4 l\u00e4hetelleen kunnanjohtajan irtisanomiseksi \u2013 ei eronnut itse<\/a>&nbsp;&nbsp;Satakunnan Kansa<\/li>\n<li><a href=\"https:\/\/news.google.com\/rss\/articles\/CBMiaEFVX3lxTE1XYkhlNnE3cHk4SzlfMVZrdzl3VWVZbHBCcmhhR21QdF9QaHJUZmgxV1ZHR2xTRUlqNHBHemVScHlPdUQ0T2R2emxNWnNkS0N3OUszaEpmOENtdmJxbFpsa1dNZUo0LURE?oc=5\" target=\"_blank\" rel=\"nofollow noopener\">Tekstiviestit | &#8221;R\u00e4\u00e4kkyl\u00e4n kunnanjohtaja on saanut kuntansa maailmankartalle!&#8221;<\/a>&nbsp;&nbsp;Karjalainen<\/li>\n<\/ol>\n","protected":false},"excerpt":{"rendered":"R\u00e4\u00e4kkyl\u00e4n kunnanjohtaja ei irtisanoutunut&nbsp;&nbsp;Iltalehti Kohukunnanjohtaja ei suostunut irtisanoutumaan \u2013 t\u00e4m\u00e4 on tilanne&nbsp;&nbsp;Ilta-Sanomat R\u00e4\u00e4kkyl\u00e4n kunnanjohtajan rivot viestit olivat liikaa&hellip;\n","protected":false},"author":2,"featured_media":95205,"comment_status":"","ping_status":"","sticky":false,"template":"","format":"standard","meta":{"footnotes":""},"categories":[5],"tags":[35,22,23,26,27,33,31,30,17,24,25,28,29,15,18,21,637,32,19,20,860,862,861,16,796],"class_list":{"0":"post-107135","1":"post","2":"type-post","3":"status-publish","4":"format-standard","5":"has-post-thumbnail","7":"category-otsikot","8":"tag-24h","9":"tag-breaking-news","10":"tag-breakingnews","11":"tag-featured-news","12":"tag-featurednews","13":"tag-fi","14":"tag-finland","15":"tag-finnish","16":"tag-headlines","17":"tag-latest-news","18":"tag-latestnews","19":"tag-main-news","20":"tag-mainnews","21":"tag-news","22":"tag-otsikot","23":"tag-paauutiset","24":"tag-politiikka","25":"tag-suomi","26":"tag-top-stories","27":"tag-topstories","28":"tag-tyoelama","29":"tag-tyollisyys","30":"tag-tyollisyys-ja-tyottomyys","31":"tag-uutiset","32":"tag-yhteiskunta"},"share_on_mastodon":{"url":"https:\/\/pubeurope.com\/@fi\/115659028823268239","error":""},"_links":{"self":[{"href":"https:\/\/www.europesays.com\/fi\/wp-json\/wp\/v2\/posts\/107135","targetHints":{"allow":["GET"]}}],"collection":[{"href":"https:\/\/www.europesays.com\/fi\/wp-json\/wp\/v2\/posts"}],"about":[{"href":"https:\/\/www.europesays.com\/fi\/wp-json\/wp\/v2\/types\/post"}],"author":[{"embeddable":true,"href":"https:\/\/www.europesays.com\/fi\/wp-json\/wp\/v2\/users\/2"}],"replies":[{"embeddable":true,"href":"https:\/\/www.europesays.com\/fi\/wp-json\/wp\/v2\/comments?post=107135"}],"version-history":[{"count":0,"href":"https:\/\/www.europesays.com\/fi\/wp-json\/wp\/v2\/posts\/107135\/revisions"}],"wp:featuredmedia":[{"embeddable":true,"href":"https:\/\/www.europesays.com\/fi\/wp-json\/wp\/v2\/media\/95205"}],"wp:attachment":[{"href":"https:\/\/www.europesays.com\/fi\/wp-json\/wp\/v2\/media?parent=107135"}],"wp:term":[{"taxonomy":"category","embeddable":true,"href":"https:\/\/www.europesays.com\/fi\/wp-json\/wp\/v2\/categories?post=107135"},{"taxonomy":"post_tag","embeddable":true,"href":"https:\/\/www.europesays.com\/fi\/wp-json\/wp\/v2\/tags?post=107135"}],"curies":[{"name":"wp","href":"https:\/\/api.w.org\/{rel}","templated":true}]}}