{"id":107138,"date":"2025-12-04T03:03:07","date_gmt":"2025-12-04T03:03:07","guid":{"rendered":"https:\/\/www.europesays.com\/fi\/107138\/"},"modified":"2025-12-04T03:03:07","modified_gmt":"2025-12-04T03:03:07","slug":"tor-arne-1934-2025-hs-fi","status":"publish","type":"post","link":"https:\/\/www.europesays.com\/fi\/107138\/","title":{"rendered":"Tor Arne 1934\u20132025 | HS.fi"},"content":{"rendered":"<p class=\"article-body mb-nof-24 px-nof-16\">Taidemaalari <a class=\"article-personlink\" href=\"https:\/\/www.hs.fi\/haku\/?query=Tor%20Arne\" rel=\"nofollow noopener\" target=\"_blank\">Tor Arne <\/a>(oik. <a class=\"article-personlink\" href=\"https:\/\/www.hs.fi\/haku\/?query=S%C3%B6derblom\" rel=\"nofollow noopener\" target=\"_blank\">S\u00f6derblom<\/a>) kuoli Helsingiss\u00e4 24. elokuuta 2025. H\u00e4n oli 91-vuotias, syntynyt Turussa 16. maaliskuuta 1934.<\/p>\n<p class=\"article-body mb-nof-24 px-nof-16\">Tor Arne oli taiteilijana, opettajana sek\u00e4 yst\u00e4v\u00e4n\u00e4 intensiivinen ja periaatteiltaan ehdoton. H\u00e4n j\u00e4tti varhain nimest\u00e4\u00e4n sukunimen pois arvatenkin korostaakseen taiteilijuuttaan ja riippumattomuuttaan; sukulaissuhteet olivat kuitenkin h\u00e4nelle t\u00e4rkeit\u00e4.<\/p>\n<p class=\"article-body mb-nof-24 px-nof-16\">Tor oli laajasti lukenut, ja keskustelukumppaneitaan h\u00e4n rikasti erityisesti ruotsinkielisen runouden tuntemuksellaan. H\u00e4n keskusteli my\u00f6s aina el\u00e4m\u00e4n ja maalaustaiteen peruskysymyksist\u00e4 sek\u00e4 havainnon keskeisest\u00e4 merkityksest\u00e4 taiteessa.<\/p>\n<p class=\"article-body mb-nof-24 px-nof-16\">Tor opiskeli Vapaassa taidekoulussa 1956\u20131959 ja aloitti taiteilijana opettajiensa Sam Vannin ja Unto Pusan modernismia my\u00f6t\u00e4illen. Pian taiteen abstraktisuus kuitenkin her\u00e4tti h\u00e4nen kriittisyytens\u00e4 ja h\u00e4n siirtyi impressionismin tapaan aistihavainnosta nousevaan taiteeseen.<\/p>\n<p class=\"article-body mb-nof-24 px-nof-16\">H\u00e4nen maalauksensa ovat aina er\u00e4\u00e4nlaisia maisemia, jotka nousevat tilan, v\u00e4rin ja valon vuorovaikutuksista ja houkuttelevat katsojan samaistumaan tilaansa. Maalausten pehme\u00e4reunaiset v\u00e4rikent\u00e4t muodostavat yleens\u00e4 likimain suorakulmaisia ja symmetrisi\u00e4, v\u00e4rej\u00e4 kehyst\u00e4vi\u00e4 hahmoja, jotka luovat pehme\u00e4rajaiseen visuaaliseen tapahtumaan koossapit\u00e4v\u00e4n j\u00e4rjestyksen. H\u00e4n vietti kes\u00e4ns\u00e4 V\u00e4n\u00f6n saaristossa ja rakensi sinne my\u00f6s kes\u00e4ateljeensa.<\/p>\n<p class=\"article-body mb-nof-24 px-nof-16\">Oman maalausty\u00f6ns\u00e4 ohessa Tor aloitti 1962 Vapaan taidekoulun suorapuheisena opettajana ja jatkoi vuodesta 1966 koulun rehtorina 22 vuotta. H\u00e4nen johdollaan Vapaan taidekoulun opetus korosti maalarinty\u00f6n ammatillisuutta, ja t\u00e4m\u00e4 koulun toiminnan ja tavoitteiden selkiytt\u00e4minen avasi koululle my\u00f6s julkisen rahoituksen.<\/p>\n<p class=\"article-body mb-nof-24 px-nof-16\">!970-luvun puoliv\u00e4liss\u00e4 Tor ja koulun toinen johtava opettaja Carolus Enckell alkoivat suunnitella koulun julkaisutoimintaa, ja vuonna 1978 ilmestyikin osin vaativalla silkkipainotekniikalla toteutettuna maailmankuulun taiteilijan Joseph Albersin taideopetuksen perusteos V\u00e4rien vuorovaikutus (Interaction of Color). Koulu julkaisi my\u00f6hemmin k\u00e4\u00e4nn\u00f6ksin\u00e4 muitakin taidekoulutuksen perusteoksia.<\/p>\n<p class=\"article-body mb-nof-24 px-nof-16\">Samalla kun Torin maalaukset pureutuivat yh\u00e4 syvemm\u00e4lle silm\u00e4n ja mielen vuorovaikutuksiin havaintotapahtumassa, h\u00e4nen maalauksensa vapautuivat kiinte\u00e4st\u00e4 rakenteesta ja muuttuivat musiikin kaltaiseksi ilmaisuksi.<\/p>\n<p class=\"article-body mb-nof-24 px-nof-16\">Viimeisin\u00e4 vuosinaan Tor ei en\u00e4\u00e4 pystynyt maalaamaan siveltimell\u00e4, mutta h\u00e4n levitti v\u00e4rit maalauspohjalle kangasriepujen avulla. H\u00e4nen maalaustensa koot my\u00f6s pieneniv\u00e4t, mutta ne s\u00e4ilyttiv\u00e4t aina lyyrisen intensiteettins\u00e4 ja maalauksellisen ainutlaatuisuutensa.<\/p>\n<p class=\"article-body mb-nof-24 px-nof-16\">Nina S\u00f6derblom<\/p>\n<p class=\"article-body mb-nof-24 px-nof-16\">Eija Virolainen-Arne<\/p>\n<p class=\"article-body mb-nof-24 px-nof-16\">Juhani Pallasmaa<\/p>\n<p class=\"article-body nof-ui-body-medium mb-nof-24 px-nof-16\">Tor Arnen tyt\u00e4r, vaimo ja yst\u00e4v\u00e4<\/p>\n","protected":false},"excerpt":{"rendered":"Taidemaalari Tor Arne (oik. S\u00f6derblom) kuoli Helsingiss\u00e4 24. elokuuta 2025. H\u00e4n oli 91-vuotias, syntynyt Turussa 16. maaliskuuta 1934.&hellip;\n","protected":false},"author":2,"featured_media":107139,"comment_status":"","ping_status":"","sticky":false,"template":"","format":"standard","meta":{"footnotes":""},"categories":[135],"tags":[389,387,388,390,137,33,31,30,46,32,394,393,391,392,109],"class_list":{"0":"post-107138","1":"post","2":"type-post","3":"status-publish","4":"format-standard","5":"has-post-thumbnail","7":"category-taiteet-ja-suunnittelu","8":"tag-arts","9":"tag-arts-and-design","10":"tag-artsanddesign","11":"tag-design","12":"tag-entertainment","13":"tag-fi","14":"tag-finland","15":"tag-finnish","16":"tag-helsingin-sanomat","17":"tag-suomi","18":"tag-suunnittelu","19":"tag-taiteet","20":"tag-taiteet-ja-suunnittelu","21":"tag-taiteetsuunnittelu","22":"tag-viihde"},"share_on_mastodon":{"url":"https:\/\/pubeurope.com\/@fi\/115659079894363855","error":""},"_links":{"self":[{"href":"https:\/\/www.europesays.com\/fi\/wp-json\/wp\/v2\/posts\/107138","targetHints":{"allow":["GET"]}}],"collection":[{"href":"https:\/\/www.europesays.com\/fi\/wp-json\/wp\/v2\/posts"}],"about":[{"href":"https:\/\/www.europesays.com\/fi\/wp-json\/wp\/v2\/types\/post"}],"author":[{"embeddable":true,"href":"https:\/\/www.europesays.com\/fi\/wp-json\/wp\/v2\/users\/2"}],"replies":[{"embeddable":true,"href":"https:\/\/www.europesays.com\/fi\/wp-json\/wp\/v2\/comments?post=107138"}],"version-history":[{"count":0,"href":"https:\/\/www.europesays.com\/fi\/wp-json\/wp\/v2\/posts\/107138\/revisions"}],"wp:featuredmedia":[{"embeddable":true,"href":"https:\/\/www.europesays.com\/fi\/wp-json\/wp\/v2\/media\/107139"}],"wp:attachment":[{"href":"https:\/\/www.europesays.com\/fi\/wp-json\/wp\/v2\/media?parent=107138"}],"wp:term":[{"taxonomy":"category","embeddable":true,"href":"https:\/\/www.europesays.com\/fi\/wp-json\/wp\/v2\/categories?post=107138"},{"taxonomy":"post_tag","embeddable":true,"href":"https:\/\/www.europesays.com\/fi\/wp-json\/wp\/v2\/tags?post=107138"}],"curies":[{"name":"wp","href":"https:\/\/api.w.org\/{rel}","templated":true}]}}