{"id":107140,"date":"2025-12-04T03:09:10","date_gmt":"2025-12-04T03:09:10","guid":{"rendered":"https:\/\/www.europesays.com\/fi\/107140\/"},"modified":"2025-12-04T03:09:10","modified_gmt":"2025-12-04T03:09:10","slug":"olli-hiidensalo-linnan-juhliin-keskeyttaa-ostersundin-kilpailuviikon","status":"publish","type":"post","link":"https:\/\/www.europesays.com\/fi\/107140\/","title":{"rendered":"Olli Hiidensalo Linnan juhliin, keskeytt\u00e4\u00e4 \u00d6stersundin kilpailuviikon"},"content":{"rendered":"<p><strong class=\"typography-bold\">Suomen ampumahiiht\u00e4j\u00e4t vaelsivat keskiviikkona Ruotsissa varjoissa, kun ampumahiihdon maailmancupissa p\u00e4\u00e4stiin henkil\u00f6kohtaisiin kilpailuihin.<\/strong><\/p>\n<p>Lue my\u00f6s: <a class=\"underline\" data-testid=\"internal-link\" role=\"link\" data-sentry-element=\"Link\" data-sentry-component=\"InternalLink\" data-sentry-source-file=\"InternalLink.tsx\" href=\"https:\/\/www.mtvuutiset.fi\/artikkeli\/sonja-leinamo-kuuli-sensaatiostaan-vasta-lopussa-mita-hittoa-taalla-tapahtuu\/9264384\" rel=\"nofollow noopener\" target=\"_blank\">Sonja Leinamo kuuli sensaatiostaan vasta lopussa: &#8221;Mit\u00e4 hittoa t\u00e4\u00e4ll\u00e4 tapahtuu?&#8221;<\/a><\/p>\n<p><strong class=\"typography-bold\">Olli Hiidensalo<\/strong> sijoittui \u00d6stersundissa 20 kilometrin normaalimatkalla ainoana suomalaisena maailmancupin pisteille. H\u00e4n oli 24:s h\u00e4vitty\u00e4\u00e4n norjalaisvoittaja <strong class=\"typography-bold\">Johan-Olav Botnille<\/strong> nelj\u00e4 minuuttia ja 19 sekuntia.<\/p>\n<p>Hiidensalo ampui toiselta makuupaikalta yhden sakon. Voittaja Botn selvisi kaikilta nelj\u00e4lt\u00e4 ampumapaikalta ilman sakkominuutteja.<\/p>\n<p>Kokenut Hiidensalo odottaa, ett\u00e4 h\u00e4n saisi hiihtoonsa lentoa.<\/p>\n<p>\u2013\u2009Ammunnallisesti oli hyv\u00e4 kisa, mutta hiihto v\u00e4h\u00e4n pehme\u00e4\u00e4. En oikein miss\u00e4\u00e4n vaiheessa p\u00e4\u00e4ssyt kunnolla liikenteeseen, Hiidensalo moitiskeli Ylen haastattelussa.<\/p>\n<p>H\u00e4n j\u00e4tt\u00e4\u00e4 \u00d6stersundin maailmancup-viikon avaustapahtuman kesken hyv\u00e4st\u00e4 syyst\u00e4. Hiidensalo suuntaa itsen\u00e4isyysp\u00e4iv\u00e4n\u00e4 lauantaina vaimonsa kanssa Linnan juhliin.<\/p>\n<p>\u2013\u2009Vaimo haluaa sinne, joten p\u00e4\u00e4t\u00f6s on tehty, Hiidensalo perusteli.<\/p>\n","protected":false},"excerpt":{"rendered":"Suomen ampumahiiht\u00e4j\u00e4t vaelsivat keskiviikkona Ruotsissa varjoissa, kun ampumahiihdon maailmancupissa p\u00e4\u00e4stiin henkil\u00f6kohtaisiin kilpailuihin. Lue my\u00f6s: Sonja Leinamo kuuli sensaatiostaan&hellip;\n","protected":false},"author":2,"featured_media":107141,"comment_status":"","ping_status":"","sticky":false,"template":"","format":"standard","meta":{"footnotes":""},"categories":[158],"tags":[33,31,30,159,32,160],"class_list":{"0":"post-107140","1":"post","2":"type-post","3":"status-publish","4":"format-standard","5":"has-post-thumbnail","7":"category-urheilu","8":"tag-fi","9":"tag-finland","10":"tag-finnish","11":"tag-sports","12":"tag-suomi","13":"tag-urheilu"},"share_on_mastodon":{"url":"https:\/\/pubeurope.com\/@fi\/115659103498191460","error":""},"_links":{"self":[{"href":"https:\/\/www.europesays.com\/fi\/wp-json\/wp\/v2\/posts\/107140","targetHints":{"allow":["GET"]}}],"collection":[{"href":"https:\/\/www.europesays.com\/fi\/wp-json\/wp\/v2\/posts"}],"about":[{"href":"https:\/\/www.europesays.com\/fi\/wp-json\/wp\/v2\/types\/post"}],"author":[{"embeddable":true,"href":"https:\/\/www.europesays.com\/fi\/wp-json\/wp\/v2\/users\/2"}],"replies":[{"embeddable":true,"href":"https:\/\/www.europesays.com\/fi\/wp-json\/wp\/v2\/comments?post=107140"}],"version-history":[{"count":0,"href":"https:\/\/www.europesays.com\/fi\/wp-json\/wp\/v2\/posts\/107140\/revisions"}],"wp:featuredmedia":[{"embeddable":true,"href":"https:\/\/www.europesays.com\/fi\/wp-json\/wp\/v2\/media\/107141"}],"wp:attachment":[{"href":"https:\/\/www.europesays.com\/fi\/wp-json\/wp\/v2\/media?parent=107140"}],"wp:term":[{"taxonomy":"category","embeddable":true,"href":"https:\/\/www.europesays.com\/fi\/wp-json\/wp\/v2\/categories?post=107140"},{"taxonomy":"post_tag","embeddable":true,"href":"https:\/\/www.europesays.com\/fi\/wp-json\/wp\/v2\/tags?post=107140"}],"curies":[{"name":"wp","href":"https:\/\/api.w.org\/{rel}","templated":true}]}}