{"id":107144,"date":"2025-12-04T03:13:12","date_gmt":"2025-12-04T03:13:12","guid":{"rendered":"https:\/\/www.europesays.com\/fi\/107144\/"},"modified":"2025-12-04T03:13:12","modified_gmt":"2025-12-04T03:13:12","slug":"puun-poltto-vastatuulessa-korvaaminen-kuitenkin-vaikeaa-metsa","status":"publish","type":"post","link":"https:\/\/www.europesays.com\/fi\/107144\/","title":{"rendered":"Puun poltto vastatuulessa \u2013 korvaaminen kuitenkin vaikeaa &#8211; Mets\u00e4"},"content":{"rendered":"<p>Suurin osa puusta palaa energiaksi. S\u00e4\u00e4st\u00e4 riippuvainen s\u00e4hk\u00f6ntuotanto edellytt\u00e4\u00e4 jatkossakin s\u00e4\u00e4t\u00f6voiman saatavuutta.<\/p>\n<p><a class=\"ArticleImage_imageContainer__e0EST\" href=\"https:\/\/www.europesays.com\/fi\/wp-content\/uploads\/2025\/12\/RaNonr2Y-vx6qjT4_AxidrQ7GBs.jpg\"><img decoding=\"async\" src=\"https:\/\/www.europesays.com\/fi\/wp-content\/uploads\/2025\/12\/RaNonr2Y-vx6qjT4_AxidrQ7GBs.jpg\" alt=\"L\u00e4mm\u00f6ntuotannon s\u00e4hk\u00f6istymisest\u00e4 huolimatta puuta tarvitaan energiaksi viel\u00e4 pitk\u00e4\u00e4n.\" loading=\"lazy\"\/><\/a><\/p>\n<p>L\u00e4mm\u00f6ntuotannon s\u00e4hk\u00f6istymisest\u00e4 huolimatta puuta tarvitaan energiaksi viel\u00e4 pitk\u00e4\u00e4n.\u00a0Kuva: Markku Pulkkinen<\/p>\n<p class=\"RichTextParagraph_richTextParagraph__Wxs3t undefined\">Suomi l\u00e4hti takavuosina uusiutuvan energian k\u00e4yt\u00f6n lis\u00e4\u00e4miseen puu edell\u00e4, mik\u00e4 oli kansantaloudellisesti j\u00e4rkev\u00e4\u00e4. Sen j\u00e4lkeen tuuli k\u00e4\u00e4ntyi, ja nyky\u00e4\u00e4n puun polttoa korvataan s\u00e4hk\u00f6\u00f6n perustuvilla ratkaisuilla.<\/p>\n<p class=\"RichTextParagraph_richTextParagraph__Wxs3t undefined\">Puun energiak\u00e4yt\u00f6ss\u00e4 suurta osuutta merkitsev\u00e4t mets\u00e4teollisuuden sivuvirrat, t\u00e4hdepuut ja j\u00e4teliemet. Lopputuloksena puun kuiva-aineesta per\u00e4ti 60 prosenttia p\u00e4\u00e4tyy energiaksi.<\/p>\n<p class=\"Blockquote_text___ueE4\">\u201dPolitiikka pyrkii rajoittamaan bioenergian k\u00e4ytt\u00f6\u00e4.\u201d<\/p>\n<p>Johanna Routa ja Tuomas Niinist\u00f6<\/p>\n<p class=\"RichTextParagraph_richTextParagraph__Wxs3t undefined\">Viel\u00e4 t\u00e4m\u00e4n vuosituhannen alussa kotimaisen puun polttoon nojaavalle uusiutuvalle energialle oli laaja poliittinen kannatus. T\u00e4ll\u00e4 vuosikymmenell\u00e4 politiikan painopiste on kuitenkin vaihtunut ja bioenergian k\u00e4ytt\u00f6\u00e4 on alettu edist\u00e4misen sijaan rajoittaa.<\/p>\n<p class=\"RichTextParagraph_richTextParagraph__Wxs3t undefined\">\u201dViime vuosina puuenergiaan on suhtauduttu yh\u00e4 kriittisemmin. Esimerkiksi tuoreessa kansallisen ilmasto- ja energiastrategian luonnoksessa tavoitteena on polttoon perustuvan l\u00e4mm\u00f6ntuotannon v\u00e4hent\u00e4minen\u201d, toteavat tutkijat <strong id=\"strong-ff106d1706ea642bab785e87900f07d3\">Johanna Routa<\/strong> ja <strong id=\"strong-70b0b468fe50330d78804c860b3f236e\">Tuomas Niinist\u00f6<\/strong> Luonnonvarakeskuksen suhdannekatsauksessa.<\/p>\n<p class=\"RichTextParagraph_richTextParagraph__Wxs3t undefined\">My\u00f6s EU:n asenteet bioenergiaa kohtaan ovat kiristyneet. Metsiin kohdistuvat hiilinielutavoitteet aiheuttavat tutkijoiden mukaan kasvavaa painetta my\u00f6s puupohjaisen energian k\u00e4yt\u00f6lle.<\/p>\n<p class=\"RichTextParagraph_richTextParagraph__Wxs3t undefined\">Ratkaisuna metsien sitoman hiilen m\u00e4\u00e4r\u00e4n kasvattamiselle on esitetty hakkuiden rajoittamista.<\/p>\n<p class=\"RichTextParagraph_richTextParagraph__Wxs3t undefined\">Toteutuessaan hakkuurajoitukset vaikeuttaisivat merkitt\u00e4v\u00e4sti sek\u00e4 mets\u00e4teollisuuden ett\u00e4 energiantuottajien puunhankintaa.<\/p>\n<p><a class=\"ArticleImage_imageContainer__e0EST\" href=\"https:\/\/www.europesays.com\/fi\/wp-content\/uploads\/2025\/12\/4ZndZaWHqMDIo-ocRIVkz9o6sKY.jpg\"><img decoding=\"async\" src=\"https:\/\/www.europesays.com\/fi\/wp-content\/uploads\/2025\/12\/4ZndZaWHqMDIo-ocRIVkz9o6sKY.jpg\" alt=\"Uusiutuvan energian k\u00e4yt\u00f6n lis\u00e4yst\u00e4 on rakennettu kotimaisen puun varaan.\" loading=\"lazy\"\/><\/a><\/p>\n<p>Uusiutuvan energian k\u00e4yt\u00f6n lis\u00e4yst\u00e4 on rakennettu kotimaisen puun varaan.\u00a0Kuva: Visa Vilkuna<\/p>\n<p class=\"RichTextParagraph_richTextParagraph__Wxs3t undefined\">Kasvaneella mets\u00e4hakkeen k\u00e4yt\u00f6ll\u00e4 on ollut hakkuita kasvattava vaikutus. Siksi energiapuun korjuu ja k\u00e4ytt\u00f6 on ollut esill\u00e4 hakkuiden rajoittamista koskevassa keskustelussa.<\/p>\n<p class=\"RichTextParagraph_richTextParagraph__Wxs3t undefined\">Energiapuun k\u00e4yt\u00f6n v\u00e4hent\u00e4miseksi on esitetty jopa biomassan verottamista. Toistaiseksi tuollaista veroa ei kuitenkaan ole suunnitteilla.<\/p>\n<p class=\"RichTextParagraph_richTextParagraph__Wxs3t undefined\">\u201dEnergiantuotannossa puupolttoaineille on l\u00e4hivuosina tarjolla rajallisesti vaihtoehtoja, ja biomassavero todenn\u00e4k\u00f6isesti nostaisi merkitt\u00e4v\u00e4sti energian hintaa\u201d, muistuttavat Routa ja Niinist\u00f6.<\/p>\n<p class=\"Blockquote_text___ueE4\">\u201dMets\u00e4haketta on ilmeisesti melko paljon ostettuna ja osin my\u00f6s korjattuna.\u201d<\/p>\n<p>Kalle Karttunen<\/p>\n<p class=\"RichTextParagraph_richTextParagraph__Wxs3t undefined\">Suomen energiasta tuotettiin viime vuonna 28 prosenttia biopolttoaineilla. Mets\u00e4hakkeen k\u00e4yt\u00f6n huippu osui vuoteen 2023. Viime vuonna  l\u00e4mp\u00f6- ja voimalaitoksissa paloi mets\u00e4haketta 10,5 miljoonaa kuutiometri\u00e4, mik\u00e4 oli aiempaa v\u00e4hemm\u00e4n.<\/p>\n<p class=\"RichTextParagraph_richTextParagraph__Wxs3t undefined\">Ennusteiden mukaan mets\u00e4hakkeen k\u00e4yt\u00f6ll\u00e4 on edess\u00e4 hidas lasku. Viime vuonna hakkeen k\u00e4ytt\u00f6\u00e4 v\u00e4hensi sek\u00e4 l\u00e4mm\u00f6ntuotannon s\u00e4hk\u00f6istyminen ett\u00e4 leuto talvi.<\/p>\n<p class=\"RichTextParagraph_richTextParagraph__Wxs3t undefined\">\u201dMets\u00e4haketta on ilmeisesti melko paljon ostettuna ja osin my\u00f6s korjattuna. Siit\u00e4 johtuen ostoaktiivisuus on hiipunut. Toisaalta pohjat lienee saavutettu ja tilanne on l\u00e4hd\u00f6ss\u00e4 normalisoitumaan\u201d, arvioi tutkimusp\u00e4\u00e4llikk\u00f6 <strong id=\"strong-dddf9f5863ac70d1ed3ee5124a066d89\">Kalle Karttunen<\/strong> MTK:sta.<\/p>\n<p class=\"RichTextParagraph_richTextParagraph__Wxs3t undefined\">Karttusen mukaan mets\u00e4hakkeen keskihinnat ovat tippuneet maltillisesti. Toisaalta alueelliset erot voivat olla suuria. <\/p>\n<p class=\"Blockquote_text___ueE4\">\u201dPidemm\u00e4ll\u00e4 t\u00e4ht\u00e4imell\u00e4 puun energiak\u00e4ytt\u00f6 v\u00e4henee perinteiseen l\u00e4mmitykseen.\u201d<\/p>\n<p>Kalle Karttunen<\/p>\n<p class=\"RichTextParagraph_richTextParagraph__Wxs3t undefined\">My\u00f6s puupellettien kotimainen tuotanto laski viime vuonna. Vaikka sivutuotepuun tarjonta lis\u00e4\u00e4ntyy puutuoteteollisuuden tuotannon kasvaessa, tutkijat eiv\u00e4t odota, ett\u00e4 pellettien tuotanto l\u00e4htisi kasvuun.<\/p>\n<p class=\"RichTextParagraph_richTextParagraph__Wxs3t undefined\">L\u00e4mm\u00f6ntuotannon s\u00e4hk\u00f6istyminen v\u00e4hent\u00e4\u00e4 niidenkin kysynt\u00e4\u00e4.<\/p>\n<p class=\"RichTextParagraph_richTextParagraph__Wxs3t undefined\">\u201dPidemm\u00e4ll\u00e4 t\u00e4ht\u00e4imell\u00e4 puun energiak\u00e4ytt\u00f6 todenn\u00e4k\u00f6isesti v\u00e4henee perinteiseen l\u00e4mmitykseen, kun muita teknologioita tulee ja painetta kohdistuu mets\u00e4energiaan\u201d, n\u00e4kee Karttunen.<\/p>\n<p><a class=\"ArticleImage_imageContainer__e0EST\" href=\"https:\/\/www.europesays.com\/fi\/wp-content\/uploads\/2025\/12\/RjFFIjBz-v3vdDVdxfuEIYXU8_Y.jpg\"><img decoding=\"async\" src=\"https:\/\/www.europesays.com\/fi\/wp-content\/uploads\/2025\/12\/RjFFIjBz-v3vdDVdxfuEIYXU8_Y.jpg\" alt=\"Energiapuuta kertyy hakkuissa ainespuun puun korjuun yhteydess\u00e4.\" loading=\"lazy\"\/><\/a><\/p>\n<p>Energiapuuta kertyy hakkuissa ainespuun puun korjuun yhteydess\u00e4.\u00a0Kuva: Kalle Karttunen <\/p>\n<p class=\"RichTextParagraph_richTextParagraph__Wxs3t undefined\">Vaikka bioenergia ei ole en\u00e4\u00e4 p\u00e4\u00e4tt\u00e4jien suosiossa, sen tarve kuitenkin pysyy viel\u00e4 pitk\u00e4\u00e4n. S\u00e4\u00e4olosuhteista riippuvaisen s\u00e4hk\u00f6ntuotannon lis\u00e4\u00e4ntyminen edellytt\u00e4\u00e4 my\u00f6s s\u00e4\u00e4t\u00f6voiman lis\u00e4\u00e4mist\u00e4. <\/p>\n<p class=\"RichTextParagraph_richTextParagraph__Wxs3t undefined\">Toistaiseksi ratkaisuja s\u00e4\u00e4t\u00f6voimaksi on vain rajallisesti. L\u00e4mm\u00f6n varastointi ja akkuteknologioiden yleistyminen vie oman aikansa.<\/p>\n<p class=\"RichTextParagraph_richTextParagraph__Wxs3t undefined\">Viel\u00e4 keskipitk\u00e4ll\u00e4kin aikav\u00e4lill\u00e4 puuta polttavia CHP-laitoksia tarvitaan huoltovarmuuden yll\u00e4pitoon ja s\u00e4hk\u00f6j\u00e4rjestelm\u00e4n tasapainottamiseen. Siin\u00e4 ongelmaksi tulee biomassan k\u00e4yt\u00f6n kannattavuus. <\/p>\n<p class=\"RichTextParagraph_richTextParagraph__Wxs3t undefined\">\u201dEnergiantuottajilla ei ole intoa investoida k\u00e4ytt\u00f6i\u00e4n p\u00e4\u00e4h\u00e4n tuleviin laitoksiin. Niiden kapasiteettia saattaa siksi poistua tulevina vuosina merkitt\u00e4v\u00e4 m\u00e4\u00e4r\u00e4\u201d, varoittavat tutkijat.<\/p>\n<p><a class=\"ArticleImage_imageContainer__e0EST\" href=\"https:\/\/www.europesays.com\/fi\/wp-content\/uploads\/2025\/12\/E7CcYb0gMhgJJQ6qIZTXyzaPboI.jpg\"><img decoding=\"async\" src=\"https:\/\/www.europesays.com\/fi\/wp-content\/uploads\/2025\/12\/E7CcYb0gMhgJJQ6qIZTXyzaPboI.jpg\" alt=\"Energiapuun tarve vaihtelee talven kylmyyden mukaan.\" loading=\"lazy\"\/><\/a><\/p>\n<p>Energiapuun tarve vaihtelee talven kylmyyden mukaan.\u00a0Kuva: Kai Tirkkonen<\/p>\n<p class=\"RichTextParagraph_richTextParagraph__Wxs3t undefined\">Puuenergian s\u00e4\u00e4t\u00f6voimaroolin korostuminen aiheuttaa muutenkin ongelmia. Sen seurauksena k\u00e4ytt\u00f6m\u00e4\u00e4r\u00e4\u00e4 on aiempaa vaikeampi ennakoida ja puun varastointiajat pidentyv\u00e4t. <\/p>\n<p class=\"RichTextParagraph_richTextParagraph__Wxs3t undefined\">Se kasvattaa puuterminaalien merkityst\u00e4 puupolttoaineiden hankintaketjuissa ja lis\u00e4\u00e4 kustannuksia.<\/p>\n<p class=\"RichTextParagraph_richTextParagraph__Wxs3t undefined\">Koneyritt\u00e4jille se tiet\u00e4\u00e4 ty\u00f6m\u00e4\u00e4rien vaihtelun kasvua.<\/p>\n<p class=\"RichTextParagraph_richTextParagraph__Wxs3t undefined\">Tutkijat ennustavat, ett\u00e4 karsitun runkopuun rooli energiapuuna kasvaa. Se kun s\u00e4ilyy hakkuut\u00e4hteit\u00e4 pidemp\u00e4\u00e4n ja sen kuljettaminen on edullisempaa.<\/p>\n<p class=\"RichTextParagraph_richTextParagraph__Wxs3t undefined\">\u201dKehitys voi lis\u00e4t\u00e4 painetta kuitupuun polttamiselle. Siksi energiapuun hankintaa tulisi kehitt\u00e4\u00e4 biomassah\u00e4vikkien v\u00e4hent\u00e4miseksi ja varmistaa, etteiv\u00e4t taloudelliset reunaehdot est\u00e4 hakkuut\u00e4hteiden hy\u00f6dynt\u00e4mist\u00e4\u201d, toteavat Routa ja Niinist\u00f6.<\/p>\n","protected":false},"excerpt":{"rendered":"Suurin osa puusta palaa energiaksi. S\u00e4\u00e4st\u00e4 riippuvainen s\u00e4hk\u00f6ntuotanto edellytt\u00e4\u00e4 jatkossakin s\u00e4\u00e4t\u00f6voiman saatavuutta. L\u00e4mm\u00f6ntuotannon s\u00e4hk\u00f6istymisest\u00e4 huolimatta puuta tarvitaan energiaksi&hellip;\n","protected":false},"author":2,"featured_media":107145,"comment_status":"","ping_status":"","sticky":false,"template":"","format":"standard","meta":{"footnotes":""},"categories":[76],"tags":[79,77,33,31,30,32,78],"class_list":{"0":"post-107144","1":"post","2":"type-post","3":"status-publish","4":"format-standard","5":"has-post-thumbnail","7":"category-talous","8":"tag-business","9":"tag-economy","10":"tag-fi","11":"tag-finland","12":"tag-finnish","13":"tag-suomi","14":"tag-talous"},"share_on_mastodon":{"url":"https:\/\/pubeurope.com\/@fi\/115659119609535205","error":""},"_links":{"self":[{"href":"https:\/\/www.europesays.com\/fi\/wp-json\/wp\/v2\/posts\/107144","targetHints":{"allow":["GET"]}}],"collection":[{"href":"https:\/\/www.europesays.com\/fi\/wp-json\/wp\/v2\/posts"}],"about":[{"href":"https:\/\/www.europesays.com\/fi\/wp-json\/wp\/v2\/types\/post"}],"author":[{"embeddable":true,"href":"https:\/\/www.europesays.com\/fi\/wp-json\/wp\/v2\/users\/2"}],"replies":[{"embeddable":true,"href":"https:\/\/www.europesays.com\/fi\/wp-json\/wp\/v2\/comments?post=107144"}],"version-history":[{"count":0,"href":"https:\/\/www.europesays.com\/fi\/wp-json\/wp\/v2\/posts\/107144\/revisions"}],"wp:featuredmedia":[{"embeddable":true,"href":"https:\/\/www.europesays.com\/fi\/wp-json\/wp\/v2\/media\/107145"}],"wp:attachment":[{"href":"https:\/\/www.europesays.com\/fi\/wp-json\/wp\/v2\/media?parent=107144"}],"wp:term":[{"taxonomy":"category","embeddable":true,"href":"https:\/\/www.europesays.com\/fi\/wp-json\/wp\/v2\/categories?post=107144"},{"taxonomy":"post_tag","embeddable":true,"href":"https:\/\/www.europesays.com\/fi\/wp-json\/wp\/v2\/tags?post=107144"}],"curies":[{"name":"wp","href":"https:\/\/api.w.org\/{rel}","templated":true}]}}