{"id":107146,"date":"2025-12-04T03:14:08","date_gmt":"2025-12-04T03:14:08","guid":{"rendered":"https:\/\/www.europesays.com\/fi\/107146\/"},"modified":"2025-12-04T03:14:08","modified_gmt":"2025-12-04T03:14:08","slug":"moskovasta-palannut-usan-erityislahettilas-witkoff-tapaa-taas-ukrainan-neuvottelijan-floridassa-uutissuomalainen","status":"publish","type":"post","link":"https:\/\/www.europesays.com\/fi\/107146\/","title":{"rendered":"Moskovasta palannut USA:n erityisl\u00e4hettil\u00e4s Witkoff tapaa taas Ukrainan neuvottelijan Floridassa | Uutissuomalainen"},"content":{"rendered":"<p>Ven\u00e4j\u00e4n presidentin Vladimir Putinin Moskovassa my\u00f6h\u00e4\u00e4n tiistaina tavannut Yhdysvaltain erityisl\u00e4hettil\u00e4s Steve Witkoff tapaa Ukrainan neuvottelijan Rustem Umjerovin Floridassa torstaina. <\/p>\n<p>Asiasta kertoo nimett\u00f6m\u00e4sti kaksi yhdysvaltalaista virkamiesl\u00e4hdett\u00e4 uutistoimisto AFP:lle. Tarkoituksena on keskustella Moskovan-tapaamisen annista ukrainalaisten kanssa.<\/p>\n<p>Witkoff tapasi Umjerovin Floridassa my\u00f6s ennen Ven\u00e4j\u00e4n-matkaansa.<\/p>\n<p>Witkoffin ja presidentti Donald Trumpin v\u00e4vyn Jared Kushnerin tapaaminen Putinin kanssa ei tuottanut l\u00e4pimurtoa Ukrainan sodan lopettamiseen t\u00e4ht\u00e4\u00e4v\u00e4n rauhansuunnitelman edist\u00e4misess\u00e4. T\u00e4st\u00e4 huolimatta Trump sanoi keskiviikkona uskovansa, ett\u00e4 Putin haluaa tosissaan lopettaa Ukrainan sodan.<\/p>\n<p>\u2013\u2009Voin kertoa, ett\u00e4 heill\u00e4 oli suhteellisen hyv\u00e4 tapaaminen presidentti Putinin kanssa, Trump sanoi AFP:n toimittajalle.<\/p>\n<p>Trumpin hallinto on yritt\u00e4nyt maalata neuvottelujen tilanteesta valoisampaa kuvaa kuin Ven\u00e4j\u00e4, joka on ilmaissut, ettei Yhdysvaltain rauhansuunnitelma nykyisess\u00e4 muodossaan kelpaa sille.<\/p>\n<p>Kremlin mukaan tiistain tapaamisessa ei saavutettu kompromisseja ja ty\u00f6t\u00e4 on viel\u00e4 jatkettavana. Ven\u00e4j\u00e4 kuitenkin ilmaisi haluavansa jatkaa prosessia Yhdysvaltojen kanssa.<\/p>\n<p>\t\t\t\t&#8221;Tilaisuus p\u00e4\u00e4tt\u00e4\u00e4 sota&#8221;<\/p>\n<p>Ven\u00e4j\u00e4n mukaan erityisesti Ukrainan Nato-suhde on yh\u00e4 ratkaisematon ongelmakohta neuvotteluissa. Ven\u00e4j\u00e4 on my\u00f6s sit\u00e4 mielt\u00e4, ett\u00e4 sen viimeaikainen menestys taistelukentill\u00e4 on vahvistanut maan neuvotteluasemaa.<\/p>\n<p>Kreml on kuitenkin korostanut, ettei Putin torjunut suunnitelmaa kokonaan. Samaan aikaan Putin on uhannut Ven\u00e4j\u00e4n olevan valmis sotaan, jos Eurooppa sellaista haluaa.<\/p>\n<p>Ukrainan presidentin Volodymyr Zelenskyin mukaan tilaisuus rauhan saavuttamiselle on koittanut. H\u00e4nen mukaansa Ukrainan tukijamaiden on neuvottelujen ohella jatkettava Ven\u00e4j\u00e4n painostamista.<\/p>\n<p>\u2013\u2009Kaikki riippuu t\u00e4st\u00e4 yhdistelm\u00e4st\u00e4, rakentavasta diplomatiasta ja hy\u00f6kk\u00e4\u00e4j\u00e4n painostuksesta. Molemmat osat t\u00e4ht\u00e4\u00e4v\u00e4t rauhaan, Zelenskyi sanoi illan <a href=\"https:\/\/www.president.gov.ua\/en\/news\/lishe-z-urahuvannyam-interesiv-ukrayini-mozhlivij-dostojnij-101781\" rel=\"nofollow noopener\" target=\"_blank\">puheessaan<\/a>.<\/p>\n<p>My\u00f6s Zelenskyi vahvisti, ett\u00e4 Ukrainan delegaatio on tapaamassa j\u00e4lleen Yhdysvaltojen edustajien kanssa.<\/p>\n<p>Ven\u00e4j\u00e4 on edennyt hitaasti Ukrainan rintamalla ja vallannut maata alakynness\u00e4 olevilta ukrainalaisilta. Ven\u00e4j\u00e4 v\u00e4itti aiemmin t\u00e4ll\u00e4 viikolla vallanneensa Pokrovskin kaupungin, jota se on havitellut jo pitk\u00e4\u00e4n. Ukrainan mukaan taistelut kaupungissa kuitenkin jatkuvat.<\/p>\n","protected":false},"excerpt":{"rendered":"Ven\u00e4j\u00e4n presidentin Vladimir Putinin Moskovassa my\u00f6h\u00e4\u00e4n tiistaina tavannut Yhdysvaltain erityisl\u00e4hettil\u00e4s Steve Witkoff tapaa Ukrainan neuvottelijan Rustem Umjerovin Floridassa&hellip;\n","protected":false},"author":2,"featured_media":107147,"comment_status":"","ping_status":"","sticky":false,"template":"","format":"standard","meta":{"footnotes":""},"categories":[14],"tags":[22,23,26,27,33,31,30,17,24,25,28,29,2325,2579,15,18,21,142,637,144,32,19,20,549,56,16,2257,59,60,61],"class_list":{"0":"post-107146","1":"post","2":"type-post","3":"status-publish","4":"format-standard","5":"has-post-thumbnail","7":"category-ulkomaat","8":"tag-breaking-news","9":"tag-breakingnews","10":"tag-featured-news","11":"tag-featurednews","12":"tag-fi","13":"tag-finland","14":"tag-finnish","15":"tag-headlines","16":"tag-latest-news","17":"tag-latestnews","18":"tag-main-news","19":"tag-mainnews","20":"tag-moskova-venaja","21":"tag-nato","22":"tag-news","23":"tag-otsikot","24":"tag-paauutiset","25":"tag-poliitikot","26":"tag-politiikka","27":"tag-presidentti","28":"tag-suomi","29":"tag-top-stories","30":"tag-topstories","31":"tag-ukrainan-sota","32":"tag-ulkomaat","33":"tag-uutiset","34":"tag-vladimir-putin","35":"tag-world","36":"tag-world-news","37":"tag-worldnews"},"share_on_mastodon":{"url":"https:\/\/pubeurope.com\/@fi\/115659123344829065","error":""},"_links":{"self":[{"href":"https:\/\/www.europesays.com\/fi\/wp-json\/wp\/v2\/posts\/107146","targetHints":{"allow":["GET"]}}],"collection":[{"href":"https:\/\/www.europesays.com\/fi\/wp-json\/wp\/v2\/posts"}],"about":[{"href":"https:\/\/www.europesays.com\/fi\/wp-json\/wp\/v2\/types\/post"}],"author":[{"embeddable":true,"href":"https:\/\/www.europesays.com\/fi\/wp-json\/wp\/v2\/users\/2"}],"replies":[{"embeddable":true,"href":"https:\/\/www.europesays.com\/fi\/wp-json\/wp\/v2\/comments?post=107146"}],"version-history":[{"count":0,"href":"https:\/\/www.europesays.com\/fi\/wp-json\/wp\/v2\/posts\/107146\/revisions"}],"wp:featuredmedia":[{"embeddable":true,"href":"https:\/\/www.europesays.com\/fi\/wp-json\/wp\/v2\/media\/107147"}],"wp:attachment":[{"href":"https:\/\/www.europesays.com\/fi\/wp-json\/wp\/v2\/media?parent=107146"}],"wp:term":[{"taxonomy":"category","embeddable":true,"href":"https:\/\/www.europesays.com\/fi\/wp-json\/wp\/v2\/categories?post=107146"},{"taxonomy":"post_tag","embeddable":true,"href":"https:\/\/www.europesays.com\/fi\/wp-json\/wp\/v2\/tags?post=107146"}],"curies":[{"name":"wp","href":"https:\/\/api.w.org\/{rel}","templated":true}]}}