{"id":107152,"date":"2025-12-04T03:28:14","date_gmt":"2025-12-04T03:28:14","guid":{"rendered":"https:\/\/www.europesays.com\/fi\/107152\/"},"modified":"2025-12-04T03:28:14","modified_gmt":"2025-12-04T03:28:14","slug":"julkisuudesta-kadonnut-vesa-keskinen-kertoo-harvinaisesti-kuulumisiaan-seiskalle","status":"publish","type":"post","link":"https:\/\/www.europesays.com\/fi\/107152\/","title":{"rendered":"Julkisuudesta kadonnut Vesa Keskinen kertoo harvinaisesti kuulumisiaan Seiskalle"},"content":{"rendered":"<p>            Seiskan arkisto\n        <\/p>\n<p class=\"subtitle \">Mysteerimies Keskinen ei ole aikoihin py\u00f6rinyt parrasvaloissa.<\/p>\n<p class=\"article-content article-content-width !bg-background\">Oli aika, jolloin Suomen kansa sai alituisesti lueskella , 58, kuulumisia Etel\u00e4-Pohjanmaan Tuurista.<\/p>\n<p class=\"font-weight-bold m-font-weight-bold article-content article-content-width !bg-background\">Video: Vesa Keskinen katosi julkisuudesta<\/p>\n<p class=\"article-content article-content-width !bg-background\">Veljekset Keskisen kyl\u00e4kauppakeisari on ollut monessa mukana. Milloin on ostettu Lamborghinia, milloin tilattu maailmant\u00e4hti\u00e4 esiintym\u00e4\u00e4n.<\/p>\n<p class=\"article-content article-content-width !bg-background\">V\u00e4rikk\u00e4it\u00e4 k\u00e4\u00e4nteit\u00e4 ja jutunjuurta on riitt\u00e4nyt runsain mitoin. Viime vuosina Vesaa ei ole kuitenkaan n\u00e4hty otsikoissa.<\/p>\n<p class=\"article-content article-content-width !bg-background\">Edellisen kerran Keskinen oli tapetilla syksyll\u00e4 2023, kun h\u00e4n keksi kiikuttaa kokonaisen kauppahallin kyl\u00e4kauppansa pihaan.<\/p>\n<p class=\"article-content article-content-width !bg-background\">Sen koommin vision\u00e4\u00e4rist\u00e4 ei ole juuri kuultu. Monimiljon\u00e4\u00e4ri tuntuu kadonneen kuin maan nielem\u00e4n\u00e4.<\/p>\n<p>        <a itemprop=\"url\" href=\"https:\/\/www.seiska.fi\/kotimaa\/marika-fingerroos-kertoo-valeistaan-vesa-keskiseen\/1867475\" rel=\"nofollow noopener\" target=\"_blank\"><\/p>\n<p>\nMarika ja Vesa Keskinen\n<\/p>\n<p class=\"section-date\">\n        <strong class=\"article-section\" data-section=\"kotimaa\"><br \/>\n            kotimaa<br \/>\n        <\/strong><br \/>\n        18.7. 08:00\n    <\/p>\n<p>Marika Fingerroos kertoo v\u00e4leist\u00e4\u00e4n Vesa Keskiseen\n    <\/p>\n<p itemprop=\"description\" class=\"subtitle \">\n    Marika ei pelk\u00e4\u00e4 sanoa mielipiteit\u00e4\u00e4n \u00e4\u00e4neen.\n<\/p>\n<p>        <\/a><\/p>\n<p>                <img decoding=\"async\" src=\"https:\/\/www.europesays.com\/fi\/wp-content\/uploads\/2025\/12\/1996430.webp\" width=\"576\" height=\"720\" alt=\"Monimiljon\u00e4\u00e4ri Vesa Keskinen katosi t\u00e4ysin julkisuudesta. Kuva Seiskan kuvauksista 2019.\" loading=\"lazy\" \/>            <\/p>\n<p>\n            Monimiljon\u00e4\u00e4ri Vesa Keskinen katosi t\u00e4ysin julkisuudesta. Kuva Seiskan kuvauksista 2019.<br \/>\n            Pasi Murto\n        <\/p>\n<p>Seiska tavoitti Vesan<\/p>\n<p class=\"article-content article-content-width !bg-background\">Viel\u00e4 harvemmassa ovat ne kerrat, kun kaiken kansan tuntemaa Vesaa on n\u00e4hty henkil\u00f6kohtaisesti yhtik\u00e4s miss\u00e4\u00e4n.<\/p>\n<p class=\"article-content article-content-width !bg-background\">H\u00e4n on jo pidemp\u00e4\u00e4n tyytynyt antamaan s\u00e4hk\u00f6postihaastatteluita, ja nekin ovat olleet hyvin, hyvin harvinaisia.<\/p>\n<p class=\"article-content article-content-width !bg-background\">Seiskan reportterin sinnik\u00e4s yhteydenpito tuotti kuitenkin tulosta. Nyt Vesa kertoo vihdoin kuulumisiaan \u2013 tosin t\u00e4ll\u00e4kin kertaa s\u00e4hk\u00f6postin v\u00e4lityksell\u00e4.<\/p>\n<p>        <a itemprop=\"url\" href=\"https:\/\/www.seiska.fi\/kotimaa\/pelottava-tilanne-tuurissa-vesa-keskinen-rysaytti-mersullaan-ojaan\/1207577\" rel=\"nofollow noopener\" target=\"_blank\"><\/p>\n<p class=\"section-date\">\n        <strong class=\"article-section\" data-section=\"kotimaa\"><br \/>\n            kotimaa<br \/>\n        <\/strong><br \/>\n        1.12.2023 13:14\n    <\/p>\n<p>Pelottava tilanne Tuurissa: Vesa Keskinen rys\u00e4ytti Mersullaan ojaan\n    <\/p>\n<p itemprop=\"description\" class=\"subtitle \">\n    Kyl\u00e4kauppias my\u00f6nt\u00e4\u00e4 Seiskalle Mersunsa tarvinneen py\u00f6r\u00e4kuormaajan apua ojasta nostamiseen.\n<\/p>\n<p>        <\/a><\/p>\n<p>                <img decoding=\"async\" src=\"https:\/\/www.europesays.com\/fi\/wp-content\/uploads\/2025\/12\/1996424.webp\" width=\"576\" height=\"322\" alt=\"Keskist\u00e4 ei ole aikoihin n\u00e4kynyt miss\u00e4\u00e4n, mutta Tuurin kyl\u00e4kauppa takoo kovaa tulosta.\" loading=\"lazy\" \/>            <\/p>\n<p>\n            Keskist\u00e4 ei ole aikoihin n\u00e4kynyt miss\u00e4\u00e4n, mutta Tuurin kyl\u00e4kauppa takoo kovaa tulosta.<br \/>\n            Timo Korhonen\n        <\/p>\n<p>Luokkansa ujoin poika<\/p>\n<p class=\"article-content article-content-width !bg-background\">Seiska kysyi suoraan Vesalta, miksei t\u00e4t\u00e4 ole n\u00e4kynyt pitk\u00e4\u00e4n aikaan miss\u00e4\u00e4n. Monimiljon\u00e4\u00e4rin vastaus on j\u00e4lleen tuttua Keskis-laatua, eli tarkkaan kirjoitettua ja hyvin j\u00e4sennelty\u00e4 painovalmista teksti\u00e4.<\/p>\n<p>\n            Paperit eiv\u00e4t pysyneet k\u00e4siss\u00e4, hiki virtasi ja sanat takeltelivat.\n            <\/p>\n<p class=\"article-content article-content-width !bg-background\">\u2013 En ole koskaan ollut parrasvaloihin kaipaava henkil\u00f6. Olin ala- ja yl\u00e4asteella sek\u00e4 viel\u00e4 lukiossakin luokkani ujoin poika, kun piti esiinty\u00e4, Vesa yll\u00e4tt\u00e4\u00e4.<\/p>\n<p class=\"article-content article-content-width !bg-background\">\u2013 Paperit eiv\u00e4t pysyneet k\u00e4siss\u00e4, hiki virtasi ja sanat takeltelivat. Luokkakaverini edelleen muistavat ne lukuisat kerrat.<\/p>\n<p>                <img decoding=\"async\" src=\"https:\/\/www.europesays.com\/fi\/wp-content\/uploads\/2025\/12\/1996422.webp\" width=\"576\" height=\"375\" alt=\"Vesa Keskinen kuvattuna kyl\u00e4kaupan pihalla 2020.\" loading=\"lazy\" \/>            <\/p>\n<p>\n            Vesa Keskinen kuvattuna kyl\u00e4kaupan pihalla 2020.<br \/>\n            Vesa Keskisen albumi\n        <\/p>\n<p>Koko suunnitelma julki<\/p>\n<p class=\"article-content article-content-width !bg-background\">Kaikki kuitenkin muuttui vuosituhannen vaihteessa. Tuolloin nuori kyl\u00e4kauppias alkoi aktivoitua huomattavasti median suuntaan.<\/p>\n<p class=\"article-content article-content-width !bg-background\">\u2013 P\u00e4\u00e4tin loppuvuodesta 2000 alkaen \u201duhrata\u201d itseni \u2013 t\u00e4ysin laskelmoidusti \u2013 julkisuudelle Kyl\u00e4kaupan menestyksen edist\u00e4miseksi. Koko Kyl\u00e4kaupan seutukunnan eduksi, Vesa kirjoittaa.<\/p>\n<p>\n            Parrasvaloja parempaa kaupallista tunnetilaa ei saa mist\u00e4\u00e4n.\n            <\/p>\n<p class=\"article-content article-content-width !bg-background\">\u2013 Rehellinen mielipiteeni on, ett\u00e4 parrasvaloja parempaa kaupallista tunnetilaa ei saa mist\u00e4\u00e4n.<\/p>\n<p class=\"article-content article-content-width !bg-background\"> \u2013 Huomion keskipisteen\u00e4 oleminen tuo kuvaamattoman olotilan, josta ei haluaisi koskaan luopua, kauppias kuvailee.<\/p>\n<p>        <a itemprop=\"url\" href=\"https:\/\/www.seiska.fi\/kotimaa\/tassa-on-suomen-suurin-joulukarkkikeidas-tuurin-kylakaupalta-loytyy-myos-osasto-jollaista-ei-ole-muualla-suomessa\/1195135\" rel=\"nofollow noopener\" target=\"_blank\"><\/p>\n<p class=\"section-date\">\n        <strong class=\"article-section\" data-section=\"kotimaa\"><br \/>\n            kotimaa<br \/>\n        <\/strong><br \/>\n        19.11.2023 08:03\n    <\/p>\n<p>T\u00e4ss\u00e4 on Suomen suurin joulukarkkikeidas \u2013 Tuurin Kyl\u00e4kaupalta l\u00f6ytyy my\u00f6s osasto, jollaista ei ole muualla Suomessa\n    <\/p>\n<p itemprop=\"description\" class=\"subtitle \">\n    Tuuri voisi olla Suomen Teksas, sill\u00e4 siell\u00e4 kaikki on suurta. My\u00f6s joulukarkkiosastoja erikoinen J\u00e4\u00e4maailma, jotka Seiska nyt esittelee.\n<\/p>\n<p>        <\/a><\/p>\n<p>                <img decoding=\"async\" src=\"https:\/\/www.europesays.com\/fi\/wp-content\/uploads\/2025\/12\/1996435.webp\" width=\"576\" height=\"322\" alt=\"Vesa antoi Seiskalle harvinaisen s\u00e4hk\u00f6postihaastattelun. Kuva syksylt\u00e4 2019.\" loading=\"lazy\" \/>            <\/p>\n<p>\n            Vesa antoi Seiskalle harvinaisen s\u00e4hk\u00f6postihaastattelun. Kuva syksylt\u00e4 2019.<br \/>\n            Pasi Murto\n        <\/p>\n<p>Satumaisen rikas mies<\/p>\n<p class=\"article-content article-content-width !bg-background\">En\u00e4\u00e4 Vesalla ei ole samanlaista tarvetta olla esill\u00e4. Kuten Seiska hiljattain raportoi, Veljekset Keskisen talousluvut ovat suorastaan mykist\u00e4v\u00e4\u00e4 luettavaa.<\/p>\n<p class=\"article-content article-content-width !bg-background\">H\u00e4n on kerrytt\u00e4nyt firmansa avulla kymmenien miljoonien eurojen j\u00e4ttiomaisuuden, josta jakaa osinkoja.<\/p>\n<p class=\"article-content article-content-width !bg-background\">Kansankielell\u00e4 Vesan j\u00e4ttim\u00e4isest\u00e4 miljoonakakusta riitt\u00e4\u00e4 jaettavaa viel\u00e4 useille j\u00e4lkipolville.<\/p>\n<p>        <a itemprop=\"url\" href=\"https:\/\/www.seiska.fi\/kotimaa\/haastavat-ajat-kolhaisivat-vesa-keskista-seiska-penkoi-rahatilanteen\/1986718\" rel=\"nofollow noopener\" target=\"_blank\"><\/p>\n<p>\nHaastavat ajat kolhaisivat\n<\/p>\n<p class=\"section-date\">\n        <strong class=\"article-section\" data-section=\"kotimaa\"><br \/>\n            kotimaa<br \/>\n        <\/strong><br \/>\n        10.11. 05:00\n    <\/p>\n<p>Haastavat ajat kolhaisivat Vesa Keskist\u00e4 \u2013 Seiska penkoi rahatilanteen\n    <\/p>\n<p itemprop=\"description\" class=\"subtitle \">\n    Kyl\u00e4kaupan nettotulos heikkeni huomattavasti, mutta Vesa Keskinen pystyi maksamaan itselleen muhkean osinkopotin.\n<\/p>\n<p>        <\/a><\/p>\n<p>                <img decoding=\"async\" src=\"https:\/\/www.europesays.com\/fi\/wp-content\/uploads\/2025\/12\/1996442.webp\" width=\"576\" height=\"384\" alt=\"Vesa Keskinen sai Seiskalta 50-vuotislahjaksi ikioman syntt\u00e4ril\u00f6\u00f6pin kes\u00e4ll\u00e4 2017.\" loading=\"lazy\" \/>            <\/p>\n<p>\n            Vesa Keskinen sai Seiskalta 50-vuotislahjaksi ikioman syntt\u00e4ril\u00f6\u00f6pin kes\u00e4ll\u00e4 2017.<br \/>\n            Kari Pekonen\n        <\/p>\n<p>Yll\u00e4tt\u00e4v\u00e4 nosto Janesta<\/p>\n<p class=\"article-content article-content-width !bg-background\">Vesa my\u00f6nt\u00e4\u00e4 itsekin Seiskalle, ett\u00e4 median suhteen \u201dlinja on viime vuosina muuttunut.\u201d<\/p>\n<p class=\"article-content article-content-width !bg-background\">\u2013 Se on totta. Ei ole mit\u00e4\u00e4n yht\u00e4 syyt\u00e4, h\u00e4n kuitenkin korostaa.<\/p>\n<p>\n            Jane ei ole miss\u00e4\u00e4n vaiheessa suoraan tai ep\u00e4suorasti antanut ymm\u00e4rt\u00e4\u00e4&#8230;\n            <\/p>\n<p class=\"article-content article-content-width !bg-background\">Yll\u00e4tt\u00e4en kyl\u00e4kauppias nostaa esiin pitk\u00e4aikaisen puolisonsa  roolin.<\/p>\n<p class=\"article-content article-content-width !bg-background\">\u2013 Jane ei ole miss\u00e4\u00e4n vaiheessa suoraan tai ep\u00e4suorasti antanut ymm\u00e4rt\u00e4\u00e4, ett\u00e4 julkisuutta pit\u00e4isi v\u00e4hent\u00e4\u00e4. H\u00e4n on aina sanonut olevansa tarvittaessa tukenani julkisuudessa, miljon\u00e4\u00e4ri alleviivaa.<\/p>\n<p>                <img decoding=\"async\" src=\"https:\/\/www.europesays.com\/fi\/wp-content\/uploads\/2025\/12\/1996426.webp\" width=\"576\" height=\"720\" alt=\"Jane ja Vesa poseeraamassa Seiskalle 2019.\" loading=\"lazy\" \/>            <\/p>\n<p>\n            Jane ja Vesa poseeraamassa Seiskalle 2019.<br \/>\n            Pasi Murto\n        <\/p>\n","protected":false},"excerpt":{"rendered":"Seiskan arkisto Mysteerimies Keskinen ei ole aikoihin py\u00f6rinyt parrasvaloissa. Oli aika, jolloin Suomen kansa sai alituisesti lueskella ,&hellip;\n","protected":false},"author":2,"featured_media":107153,"comment_status":"","ping_status":"","sticky":false,"template":"","format":"standard","meta":{"footnotes":""},"categories":[136],"tags":[407,137,1377,33,31,30,20148,3053,408,20149,20150,5869,1240,32,17227,20147,7290,109],"class_list":{"0":"post-107152","1":"post","2":"type-post","3":"status-publish","4":"format-standard","5":"has-post-thumbnail","7":"category-julkkikset","8":"tag-celebrities","9":"tag-entertainment","10":"tag-etela-pohjanmaa","11":"tag-fi","12":"tag-finland","13":"tag-finnish","14":"tag-jane-keskinen","15":"tag-julkisuus","16":"tag-julkkikset","17":"tag-kylakauppa","18":"tag-kylakauppias","19":"tag-miljonaari","20":"tag-raha","21":"tag-suomi","22":"tag-tuuri","23":"tag-tuurin-kylakauppa","24":"tag-vesa-keskinen","25":"tag-viihde"},"share_on_mastodon":{"url":"https:\/\/pubeurope.com\/@fi\/115659178636235756","error":""},"_links":{"self":[{"href":"https:\/\/www.europesays.com\/fi\/wp-json\/wp\/v2\/posts\/107152","targetHints":{"allow":["GET"]}}],"collection":[{"href":"https:\/\/www.europesays.com\/fi\/wp-json\/wp\/v2\/posts"}],"about":[{"href":"https:\/\/www.europesays.com\/fi\/wp-json\/wp\/v2\/types\/post"}],"author":[{"embeddable":true,"href":"https:\/\/www.europesays.com\/fi\/wp-json\/wp\/v2\/users\/2"}],"replies":[{"embeddable":true,"href":"https:\/\/www.europesays.com\/fi\/wp-json\/wp\/v2\/comments?post=107152"}],"version-history":[{"count":0,"href":"https:\/\/www.europesays.com\/fi\/wp-json\/wp\/v2\/posts\/107152\/revisions"}],"wp:featuredmedia":[{"embeddable":true,"href":"https:\/\/www.europesays.com\/fi\/wp-json\/wp\/v2\/media\/107153"}],"wp:attachment":[{"href":"https:\/\/www.europesays.com\/fi\/wp-json\/wp\/v2\/media?parent=107152"}],"wp:term":[{"taxonomy":"category","embeddable":true,"href":"https:\/\/www.europesays.com\/fi\/wp-json\/wp\/v2\/categories?post=107152"},{"taxonomy":"post_tag","embeddable":true,"href":"https:\/\/www.europesays.com\/fi\/wp-json\/wp\/v2\/tags?post=107152"}],"curies":[{"name":"wp","href":"https:\/\/api.w.org\/{rel}","templated":true}]}}