{"id":107156,"date":"2025-12-04T03:35:15","date_gmt":"2025-12-04T03:35:15","guid":{"rendered":"https:\/\/www.europesays.com\/fi\/107156\/"},"modified":"2025-12-04T03:35:15","modified_gmt":"2025-12-04T03:35:15","slug":"ministeri-poutala-salibandyn-valtionavuista-en-nae-jarkyttavan-isoja-punaisia-lippuja-urheilua-lyhyesti","status":"publish","type":"post","link":"https:\/\/www.europesays.com\/fi\/107156\/","title":{"rendered":"Ministeri Poutala salibandyn valtionavuista: \u201dEn n\u00e4e j\u00e4rkytt\u00e4v\u00e4n isoja punaisia lippuja\u201d | Urheilua lyhyesti"},"content":{"rendered":"<p class=\"aw-1gybjub aw-5vja16 kEtdKx kmuxyA yle__article__paragraph\">Urheiluministeri Mika Poutala kommentoi salibandyn vedonly\u00f6ntiskandaalin vaikutuksia lajin saamaan yleisavustukseen.<\/p>\n<p><img decoding=\"async\" alt=\"Mika Poutala ministereiden tiedotustilaisuudessa.\" src=\"https:\/\/www.europesays.com\/fi\/wp-content\/uploads\/2025\/12\/39-1480852684becd57ad17.jpeg\" class=\"aw-1l9m598 hKVVvP\"\/><\/p>\n<p>Avaa kuvien katselu<\/p>\n<p>Ministeri Mika Poutala. Kuva: Petteri Sopanen \/ Yle<\/p>\n<p>3.12. 20:04\u2022P\u00e4ivitetty 3.12. 20:31<\/p>\n<p class=\"aw-1gybjub aw-1p7kakr kEtdKx cEmitX yle__article__paragraph\">Vedonly\u00f6ntiskandaalilla saattaa olla vaikutuksensa salibandyn hakemaan yleisavustukseen. Liikunta- ja urheiluministeri <strong class=\"aw-ak79eh KyCXm yle__article__strong\">Mika Poutala<\/strong> (kd.) kertoi, ett\u00e4 Salibandyliiton toiminta tapauksen k\u00e4sittelyss\u00e4 huomioidaan p\u00e4\u00e4t\u00f6ksenteossa.<\/p>\n<p class=\"aw-1gybjub aw-1p7kakr kEtdKx cEmitX yle__article__paragraph\">\u2013 Nyt kun rangaistukset on saatu, niin l\u00e4het\u00e4mme heille selvityspyynn\u00f6n siit\u00e4, ett\u00e4 mihin t\u00e4m\u00e4 nyt johtaa. Miten varmistetaan, ettei tulevaisuudessa tapahdu mit\u00e4\u00e4n vastaavaa, Poutala kommentoi.<\/p>\n<p class=\"aw-1gybjub aw-1p7kakr kEtdKx cEmitX yle__article__paragraph\">Opetus- ja kulttuuriministeri\u00f6 my\u00f6nsi Salibandyliitolle t\u00e4lle vuodelle 1,2 miljoonaa euroa yleisavustuksena.<\/p>\n<p class=\"aw-1gybjub aw-1p7kakr kEtdKx cEmitX yle__article__paragraph\">\u2013 Haemme selvityspyynn\u00f6ll\u00e4 sit\u00e4, ett\u00e4 saamme salibandylta selke\u00e4t ajatukset siit\u00e4, mit\u00e4 aiotaan tehd\u00e4 nyt eri tavalla. Vastuullisuus on yksi osa kriteereist\u00e4mme, kun haetaan valtionavustuksia, Poutala painotti.<\/p>\n<p class=\"aw-1gybjub aw-1p7kakr kEtdKx cEmitX yle__article__paragraph\">Salibandyliiton selvitysty\u00f6 saa Poutalalta hyv\u00e4n arvosanan.<\/p>\n<p class=\"aw-1gybjub aw-1p7kakr kEtdKx cEmitX yle__article__paragraph\">\u2013 Salibandyliitto on toiminut todella asiallisesti ja avoimesti. On hyv\u00e4 huomioida sekin, ett\u00e4 Salibandyliittohan ei ole tehnyt t\u00e4ss\u00e4 virhett\u00e4. Mutta tietysti he ovat osallisena varmistamassa, ettei t\u00e4llaista tule en\u00e4\u00e4 tapahtumaan.<\/p>\n<p class=\"aw-1gybjub aw-1p7kakr kEtdKx cEmitX yle__article__paragraph\">\u2013 En n\u00e4e t\u00e4ss\u00e4 vaiheessa mit\u00e4\u00e4n j\u00e4rkytt\u00e4v\u00e4n isoja punaisia lippuja. Mutta odotetaan nyt selvityksi\u00e4 ja katsotaan niiden mukaan, Poutala arvioi.<\/p>\n<p class=\"aw-1gybjub aw-1p7kakr kEtdKx cEmitX yle__article__paragraph\">Poutala sanoo pel\u00e4nneens\u00e4 n\u00e4hty\u00e4 pahempaa, kun salibandyn vedonly\u00f6ntiskandaali ry\u00f6ps\u00e4hti julkisuuteen.<\/p>\n<p class=\"aw-1gybjub aw-1p7kakr kEtdKx cEmitX yle__article__paragraph\">\u2013 Ajattelin, ett\u00e4 puhuttaisiin ottelumanipuloinnista. Nyt puhutaan kuitenkin aina pienell\u00e4 rahalla pelatuista vedoista. On kuitenkin mielest\u00e4ni valitettavaa ja tuomittavaa, ett\u00e4 t\u00e4m\u00e4 on todella laajaa ja tapahtunut kaikissa F-liigan seuroissa.<\/p>\n<p class=\"aw-1gybjub aw-1p7kakr kEtdKx cEmitX yle__article__paragraph\">Poutalan huolenaiheena on, ett\u00e4 onko jotakin vastaavaa muissakin lajeissa.<\/p>\n<p class=\"aw-1gybjub aw-1p7kakr kEtdKx cEmitX yle__article__paragraph\">\u2013 Nyt on puhuttu aika nappikaupan luvuista ja sitten on lajeja, joissa liikkuvat oikeasti isot rahat. Mutta ehk\u00e4 t\u00e4m\u00e4 on hyv\u00e4 varoitus muillekin lajeille siit\u00e4, ett\u00e4 pit\u00e4\u00e4 olla koko ajan hereill\u00e4, Poutala sanoi.<\/p>\n","protected":false},"excerpt":{"rendered":"Urheiluministeri Mika Poutala kommentoi salibandyn vedonly\u00f6ntiskandaalin vaikutuksia lajin saamaan yleisavustukseen. Avaa kuvien katselu Ministeri Mika Poutala. Kuva: Petteri&hellip;\n","protected":false},"author":2,"featured_media":107157,"comment_status":"","ping_status":"","sticky":false,"template":"","format":"standard","meta":{"footnotes":""},"categories":[158],"tags":[12668,33,31,30,19468,1366,1726,5472,159,5474,32,160],"class_list":{"0":"post-107156","1":"post","2":"type-post","3":"status-publish","4":"format-standard","5":"has-post-thumbnail","7":"category-urheilu","8":"tag-f-liiga","9":"tag-fi","10":"tag-finland","11":"tag-finnish","12":"tag-mika-poutala","13":"tag-opetus-ja-kulttuuriministerio","14":"tag-rangaistukset","15":"tag-salibandy","16":"tag-sports","17":"tag-suomen-salibandy","18":"tag-suomi","19":"tag-urheilu"},"share_on_mastodon":{"url":"https:\/\/pubeurope.com\/@fi\/115659206106005802","error":""},"_links":{"self":[{"href":"https:\/\/www.europesays.com\/fi\/wp-json\/wp\/v2\/posts\/107156","targetHints":{"allow":["GET"]}}],"collection":[{"href":"https:\/\/www.europesays.com\/fi\/wp-json\/wp\/v2\/posts"}],"about":[{"href":"https:\/\/www.europesays.com\/fi\/wp-json\/wp\/v2\/types\/post"}],"author":[{"embeddable":true,"href":"https:\/\/www.europesays.com\/fi\/wp-json\/wp\/v2\/users\/2"}],"replies":[{"embeddable":true,"href":"https:\/\/www.europesays.com\/fi\/wp-json\/wp\/v2\/comments?post=107156"}],"version-history":[{"count":0,"href":"https:\/\/www.europesays.com\/fi\/wp-json\/wp\/v2\/posts\/107156\/revisions"}],"wp:featuredmedia":[{"embeddable":true,"href":"https:\/\/www.europesays.com\/fi\/wp-json\/wp\/v2\/media\/107157"}],"wp:attachment":[{"href":"https:\/\/www.europesays.com\/fi\/wp-json\/wp\/v2\/media?parent=107156"}],"wp:term":[{"taxonomy":"category","embeddable":true,"href":"https:\/\/www.europesays.com\/fi\/wp-json\/wp\/v2\/categories?post=107156"},{"taxonomy":"post_tag","embeddable":true,"href":"https:\/\/www.europesays.com\/fi\/wp-json\/wp\/v2\/tags?post=107156"}],"curies":[{"name":"wp","href":"https:\/\/api.w.org\/{rel}","templated":true}]}}