{"id":107163,"date":"2025-12-04T03:40:09","date_gmt":"2025-12-04T03:40:09","guid":{"rendered":"https:\/\/www.europesays.com\/fi\/107163\/"},"modified":"2025-12-04T03:40:09","modified_gmt":"2025-12-04T03:40:09","slug":"yle-ilmoittaa-kantansa-israelin-osallistumisesta-ensi-vuoden-euroviisuihin","status":"publish","type":"post","link":"https:\/\/www.europesays.com\/fi\/107163\/","title":{"rendered":"Yle ilmoittaa kantansa Israelin osallistumisesta ensi vuoden Euroviisuihin"},"content":{"rendered":"<p>            <a href=\"https:\/\/www.sss.fi\/wp-content\/uploads\/2025\/12\/2025120403120-LK_LKFTJK20250215103723UNVQ_TQ4D00RKZ.jpg\" data-caption=\"Yle on kertonut aiemmin, ett\u00e4 Suomen euroviisukarsinta j\u00e4rjestet\u00e4\u00e4n helmikuussa Euroviisujen tilanteesta riippumatta. LEHTIKUVA \/ EMMI KORHONEN\" rel=\"nofollow noopener\" target=\"_blank\"><img loading=\"lazy\" decoding=\"async\" width=\"696\" height=\"464\" class=\"entry-thumb td-modal-image\" src=\"https:\/\/www.europesays.com\/fi\/wp-content\/uploads\/2025\/12\/2025120403120-LK_LKFTJK20250215103723UNVQ_TQ4D00RKZ-696x464.jpg\"   alt=\"Yle on kertonut aiemmin, ett\u00e4 Suomen euroviisukarsinta j\u00e4rjestet\u00e4\u00e4n helmikuussa Euroviisujen tilanteesta riippumatta. LEHTIKUVA \/ EMMI KORHONEN\" title=\"Yle on kertonut aiemmin, ett\u00e4 Suomen euroviisukarsinta j\u00e4rjestet\u00e4\u00e4n helmikuussa Euroviisujen tilanteesta riippumatta. LEHTIKUVA \/ EMMI KORHONEN\"\/><\/a>Yle on kertonut aiemmin, ett\u00e4 Suomen euroviisukarsinta j\u00e4rjestet\u00e4\u00e4n helmikuussa Euroviisujen tilanteesta riippumatta. LEHTIKUVA \/ EMMI KORHONEN<\/p>\n<p>Ylen on t\u00e4n\u00e4\u00e4n m\u00e4\u00e4r\u00e4 ilmoittaa kantansa Israelin osallistumisesta ensi vuoden Euroviisuihin.<\/p>\n<p>Ylen viestinn\u00e4st\u00e4 kerrottiin tiistaina STT:lle, ett\u00e4 Yle ilmoittaa kantansa asiaan ennen Euroopan yleisradiounioni EBU:n t\u00e4n\u00e4\u00e4n alkavaa kokousta.<\/p>\n<p>EBU kokoustaa t\u00e4n\u00e4\u00e4n ja huomenna. Unionin on tarkoitus p\u00e4\u00e4tt\u00e4\u00e4 kokouksessa, saako Israel osallistua kev\u00e4\u00e4n viisuihin.<\/p>\n<p>EBU:n j\u00e4senten oli tarkoitus \u00e4\u00e4nest\u00e4\u00e4 asiasta erillisess\u00e4 tapaamisessa jo marraskuun alussa. Asia p\u00e4\u00e4tettiin lyk\u00e4t\u00e4 lokakuussa, kun Israel ja \u00e4\u00e4rij\u00e4rjest\u00f6 Hamas sopivat aselevosta Gazaan.<\/p>\n<p>EBU viestitti unionin j\u00e4senille aiemmin syksyll\u00e4 EBU:n hallituksen tunnustavan, ett\u00e4 israelilaisen yleisradioyhti\u00f6 Kanin osallistuminen Euroviisuihin on her\u00e4tt\u00e4nyt j\u00e4senien keskuudessa ennenn\u00e4kem\u00e4tt\u00f6m\u00e4n laajan kirjon mielipiteit\u00e4.<\/p>\n<p>Useat EBU:n j\u00e4senmaat ovat ilmoittaneet aiemmin, etteiv\u00e4t osallistu ensi kev\u00e4\u00e4n Euroviisuihin It\u00e4vallan Wieniss\u00e4, jos Israel osallistuu. Ainakin Espanja, Irlanti, Hollanti ja Slovenia ovat ilmoittaneet viisuboikotista Israelin Gaza-toimien vuoksi. Saksa puolestaan on sanonut, ettei osallistu viisuihin, jos Israel suljetaan ulos.<\/p>\n<p>Muun muassa YK:n riippumaton tutkintakomissio <a href=\"https:\/\/www.ohchr.org\/en\/press-releases\/2025\/09\/israel-has-committed-genocide-gaza-strip-un-commission-finds\" rel=\"nofollow noopener\" target=\"_blank\">on katsonut<\/a>, ett\u00e4 Israel on syyllistynyt kansanmurhaan Gazassa.<\/p>\n<p>Yle on kertonut aiemmin, ett\u00e4 Suomen euroviisukarsinta eli Uuden musiikin kilpailu UMK j\u00e4rjestet\u00e4\u00e4n helmikuussa Euroviisujen tilanteesta riippumatta.<\/p>\n<p><b>Saara-Miira Kokkonen<\/b><\/p>\n","protected":false},"excerpt":{"rendered":"Yle on kertonut aiemmin, ett\u00e4 Suomen euroviisukarsinta j\u00e4rjestet\u00e4\u00e4n helmikuussa Euroviisujen tilanteesta riippumatta. LEHTIKUVA \/ EMMI KORHONEN Ylen on&hellip;\n","protected":false},"author":2,"featured_media":107164,"comment_status":"","ping_status":"","sticky":false,"template":"","format":"standard","meta":{"footnotes":""},"categories":[14],"tags":[22,23,26,27,33,31,30,17,108,24,25,28,29,15,18,21,32,19,20,56,16,59,60,61],"class_list":{"0":"post-107163","1":"post","2":"type-post","3":"status-publish","4":"format-standard","5":"has-post-thumbnail","7":"category-ulkomaat","8":"tag-breaking-news","9":"tag-breakingnews","10":"tag-featured-news","11":"tag-featurednews","12":"tag-fi","13":"tag-finland","14":"tag-finnish","15":"tag-headlines","16":"tag-kulttuuri","17":"tag-latest-news","18":"tag-latestnews","19":"tag-main-news","20":"tag-mainnews","21":"tag-news","22":"tag-otsikot","23":"tag-paauutiset","24":"tag-suomi","25":"tag-top-stories","26":"tag-topstories","27":"tag-ulkomaat","28":"tag-uutiset","29":"tag-world","30":"tag-world-news","31":"tag-worldnews"},"share_on_mastodon":{"url":"https:\/\/pubeurope.com\/@fi\/115659225552144422","error":""},"_links":{"self":[{"href":"https:\/\/www.europesays.com\/fi\/wp-json\/wp\/v2\/posts\/107163","targetHints":{"allow":["GET"]}}],"collection":[{"href":"https:\/\/www.europesays.com\/fi\/wp-json\/wp\/v2\/posts"}],"about":[{"href":"https:\/\/www.europesays.com\/fi\/wp-json\/wp\/v2\/types\/post"}],"author":[{"embeddable":true,"href":"https:\/\/www.europesays.com\/fi\/wp-json\/wp\/v2\/users\/2"}],"replies":[{"embeddable":true,"href":"https:\/\/www.europesays.com\/fi\/wp-json\/wp\/v2\/comments?post=107163"}],"version-history":[{"count":0,"href":"https:\/\/www.europesays.com\/fi\/wp-json\/wp\/v2\/posts\/107163\/revisions"}],"wp:featuredmedia":[{"embeddable":true,"href":"https:\/\/www.europesays.com\/fi\/wp-json\/wp\/v2\/media\/107164"}],"wp:attachment":[{"href":"https:\/\/www.europesays.com\/fi\/wp-json\/wp\/v2\/media?parent=107163"}],"wp:term":[{"taxonomy":"category","embeddable":true,"href":"https:\/\/www.europesays.com\/fi\/wp-json\/wp\/v2\/categories?post=107163"},{"taxonomy":"post_tag","embeddable":true,"href":"https:\/\/www.europesays.com\/fi\/wp-json\/wp\/v2\/tags?post=107163"}],"curies":[{"name":"wp","href":"https:\/\/api.w.org\/{rel}","templated":true}]}}