{"id":107165,"date":"2025-12-04T03:41:10","date_gmt":"2025-12-04T03:41:10","guid":{"rendered":"https:\/\/www.europesays.com\/fi\/107165\/"},"modified":"2025-12-04T03:41:10","modified_gmt":"2025-12-04T03:41:10","slug":"ari-seppanen-ja-kolme-muuta-imatralaista-saivat-suomen-leijonan-ritarimerkin-katso-keita-muita-palkittiin-paikalliset","status":"publish","type":"post","link":"https:\/\/www.europesays.com\/fi\/107165\/","title":{"rendered":"Ari Sepp\u00e4nen ja kolme muuta imatralaista saivat Suomen Leijonan ritarimerkin\u2009\u2013\u2009Katso, keit\u00e4 muita palkittiin | Paikalliset"},"content":{"rendered":"<p>\t\t\t\tSuomen Leijonan I luokan ritarimerkki (SL R I)<\/p>\n<p>Neuvonen, Maria Sinikka Sofia, k\u00e4r\u00e4j\u00e4tuomari, osastonjohtaja, Lappeenranta<\/p>\n<p>\t\t\t\tSuomen Valkoisen Ruusun ritarimerkki (SVR R)<\/p>\n<p>Iskanius, Jari Petteri, apulaiskaupunginjohtaja, Lappeenranta<\/p>\n<p>Kailasto, Jussi Petri, yksik\u00f6np\u00e4\u00e4llikk\u00f6, Lappeenranta<\/p>\n<p>\t\t\t\tSuomen Leijonan ritarimerkki (SL R)<\/p>\n<p>Arminen-Peltonen, Paula Aniitta, varatoimitusjohtaja, Lappeenranta<\/p>\n<p>Hiltunen-Toura, Maarit Hannele, erityisasiantuntija, Savitaipale<\/p>\n<p>Kylli\u00e4inen, Esa Pekka, teknologiap\u00e4\u00e4llikk\u00f6, Imatra<\/p>\n<p>Leino, Mika Tuomo Kristian, ymp\u00e4rist\u00f6johtaja, Imatra<\/p>\n<p>Lindeman, Ari Pekka, koulutusjohtaja, Imatra<\/p>\n<p>Niemi, Tauno Martti, palotarkastaja, Lappeenranta<\/p>\n<p>Parviainen, Ulla Maria, viestint\u00e4johtaja, Lappeenranta<\/p>\n<p>Rosqvist, Timo Pekka, l\u00e4hetyksen ja kv-ty\u00f6n asiantuntija, Lappeenranta<\/p>\n<p>Sepp\u00e4nen, Ari Jukka, turvallisuusp\u00e4\u00e4llikk\u00f6, Imatra<\/p>\n<p>\t\t\t\tSuomen Valkoisen Ruusun ansioristi (SVR Ar)<\/p>\n<p>Behm, Aki Petteri, talousjohtaja, Lappeenranta<\/p>\n<p>Fihlman, Aki Jukka, hankintajohtaja, Lappeenranta<\/p>\n<p>Hirvonen, Heli Kristiina, ryhm\u00e4p\u00e4\u00e4llikk\u00f6, Lappeenranta<\/p>\n<p>Jutila, Lasse Pekka, riskivastaava, Lappeenranta<\/p>\n<p>Kapulainen, Kristiina Hannele, pelastusylitarkastaja, Lappeenranta<\/p>\n<p>Kosonen, Ritva Marjatta, osaamisp\u00e4\u00e4llikk\u00f6, Lappeenranta<\/p>\n<p>K\u00f6n\u00f6nen, Kai Henrik, kunnanjohtaja, Lappeenranta<\/p>\n<p>Pesu, Pia Katariina, talousjohtaja, Lappeenranta<\/p>\n<p>Pimi\u00e4, Maarit Kaisu Helin\u00e4, kaupunginarkkitehti, Lappeenranta<\/p>\n<p>Routti, Leena Mari, opetustoimenjohtaja, Taipalsaari<\/p>\n<p>\t\t\t\tSuomen Leijonan ansioristi (SL Ar)<\/p>\n<p>Akkanen, Kari Erkki Tapani, kunnossapitop\u00e4\u00e4llikk\u00f6, Ruokolahti<\/p>\n<p>Henriksson, Timo Olavi, korvausasiantuntija, Lappeenranta<\/p>\n<p>Pekkanen, Heikki Olavi, rikosylikonstaapeli, Lemi<\/p>\n<p>Nuutinen, Janne Samuli, kuljetusyritt\u00e4j\u00e4, Luum\u00e4ki<\/p>\n<p>\t\t\t\tSuomen Valkoisen Ruusun I luokan mitali kultaristein (SVR M I kr)<\/p>\n<p>Hyv\u00e4ttinen, Hanna Maarit, ravintolap\u00e4\u00e4llikk\u00f6, Lappeenranta<\/p>\n<p>J\u00e4ppinen, Minna Aulikki, palvelup\u00e4\u00e4llikk\u00f6, Lappeenranta<\/p>\n<p>Kovanen, Pertti Juhani, muusikko, Ruokolahti<\/p>\n<p>K\u00e4ki, Anne Hilda Kaarina, yhteysp\u00e4\u00e4llikk\u00f6, Lappeenranta<\/p>\n<p>Maalahti, Kari Juhani, myyntip\u00e4\u00e4llikk\u00f6, Lappeenranta<\/p>\n<p>Neuvonen, Timo Rainer, automaation kehitysinsin\u00f6\u00f6ri, Lappeenranta<\/p>\n<p>Nissinen, Kaija Kyllikki, projektikoordinaattori, Lappeenranta<\/p>\n<p>Parviainen, Pasi Juhani, mets\u00e4asiantuntija, Ruokolahti<\/p>\n<p>Pekonen, Tarja Helena, rahoitusp\u00e4\u00e4llikk\u00f6, Parikkala<\/p>\n<p>Puustinen, Asko Juhana, tarkastaja, Taipalsaari<\/p>\n<p>Rossi, Ari Tapani, mets\u00e4asiantuntija, Lappeenranta<\/p>\n<p>R\u00e4ih\u00e4, Kirsi Maaria, agrologi, Lappeenranta<\/p>\n<p>Sudensalmi, Tiina Katriina, luottoriskip\u00e4\u00e4llikk\u00f6, Taipalsaari<\/p>\n<p>Uotinen, Ella Hannele, ravintolap\u00e4\u00e4llikk\u00f6, Lappeenranta<\/p>\n<p>\t\t\t\tSuomen Valkoisen Ruusun I luokan mitali (SVR M I)<\/p>\n<p>Hakuli, Jaana Katriina, matkustusasiantuntija, Lappeenranta<\/p>\n<p>Kolehmainen, Juha Pekka, operaattori, Ruokolahti<\/p>\n<p>Luostarinen, Marko Olavi, operaattori, Lappeenranta<\/p>\n<p>Lyytik\u00e4inen, Veli-Matti, etumies, Lappeenranta<\/p>\n<p>Peippo, Marko Tapio, vanhempi konstaapeli, Lappeenranta<\/p>\n<p>Pulkkinen, Tommi Reino Matias, vanhempi konstaapeli, Lappeenranta<\/p>\n<p>Virtanen, Kimmo Kristian, alueasentaja, Lappeenranta<\/p>\n<p>\t\t\t\tSuomen Valkoisen Ruusun mitali (SVR M)<\/p>\n<p>Holopainen, Mika Petteri, viljelij\u00e4, Lemi<\/p>\n<p>Karjalainen, Aulikki, liikennemyym\u00e4l\u00e4ty\u00f6ntekij\u00e4, Parikkala<\/p>\n<p>Kuolimo, Marko Tapio, sellunvalmistaja, Lappeenranta<\/p>\n<p>Kuutela, Heli Kristiina, myyj\u00e4, Lappeenranta<\/p>\n<p>Neuvonen, Esa Jukka Tapio, kalustonhoitaja, Parikkala<\/p>\n<p>Sepp\u00e4nen, Janne Samuli, vuoroasentaja, Lappeenranta<\/p>\n<p>Siitonen, Tiina Riitta, myyj\u00e4, Parikkala<\/p>\n<p>Suvanto, Ira Susanna, myyj\u00e4, Imatra<\/p>\n<p>\u00c4ij\u00e4l\u00e4, Kimmo Lauri, myyj\u00e4, Lappeenranta<\/p>\n<p>Etel\u00e4-Karjalaan ei my\u00f6nnetty t\u00e4n\u00e4 vuonna Vapaudenristin kunniamerkkej\u00e4.<\/p>\n","protected":false},"excerpt":{"rendered":"Suomen Leijonan I luokan ritarimerkki (SL R I) Neuvonen, Maria Sinikka Sofia, k\u00e4r\u00e4j\u00e4tuomari, osastonjohtaja, Lappeenranta Suomen Valkoisen Ruusun&hellip;\n","protected":false},"author":2,"featured_media":107166,"comment_status":"","ping_status":"","sticky":false,"template":"","format":"standard","meta":{"footnotes":""},"categories":[12],"tags":[22,23,26,27,33,31,30,17,24,25,28,29,15,18,21,32,19,20,16],"class_list":{"0":"post-107165","1":"post","2":"type-post","3":"status-publish","4":"format-standard","5":"has-post-thumbnail","7":"category-suomi","8":"tag-breaking-news","9":"tag-breakingnews","10":"tag-featured-news","11":"tag-featurednews","12":"tag-fi","13":"tag-finland","14":"tag-finnish","15":"tag-headlines","16":"tag-latest-news","17":"tag-latestnews","18":"tag-main-news","19":"tag-mainnews","20":"tag-news","21":"tag-otsikot","22":"tag-paauutiset","23":"tag-suomi","24":"tag-top-stories","25":"tag-topstories","26":"tag-uutiset"},"share_on_mastodon":{"url":"https:\/\/pubeurope.com\/@fi\/115659229302130481","error":""},"_links":{"self":[{"href":"https:\/\/www.europesays.com\/fi\/wp-json\/wp\/v2\/posts\/107165","targetHints":{"allow":["GET"]}}],"collection":[{"href":"https:\/\/www.europesays.com\/fi\/wp-json\/wp\/v2\/posts"}],"about":[{"href":"https:\/\/www.europesays.com\/fi\/wp-json\/wp\/v2\/types\/post"}],"author":[{"embeddable":true,"href":"https:\/\/www.europesays.com\/fi\/wp-json\/wp\/v2\/users\/2"}],"replies":[{"embeddable":true,"href":"https:\/\/www.europesays.com\/fi\/wp-json\/wp\/v2\/comments?post=107165"}],"version-history":[{"count":0,"href":"https:\/\/www.europesays.com\/fi\/wp-json\/wp\/v2\/posts\/107165\/revisions"}],"wp:featuredmedia":[{"embeddable":true,"href":"https:\/\/www.europesays.com\/fi\/wp-json\/wp\/v2\/media\/107166"}],"wp:attachment":[{"href":"https:\/\/www.europesays.com\/fi\/wp-json\/wp\/v2\/media?parent=107165"}],"wp:term":[{"taxonomy":"category","embeddable":true,"href":"https:\/\/www.europesays.com\/fi\/wp-json\/wp\/v2\/categories?post=107165"},{"taxonomy":"post_tag","embeddable":true,"href":"https:\/\/www.europesays.com\/fi\/wp-json\/wp\/v2\/tags?post=107165"}],"curies":[{"name":"wp","href":"https:\/\/api.w.org\/{rel}","templated":true}]}}